{"id":3835,"date":"2021-02-01T20:38:35","date_gmt":"2021-02-01T19:38:35","guid":{"rendered":"http:\/\/agora.xtec.cat\/ceip-marinada-barcelona\/?p=3835"},"modified":"2021-02-18T20:50:11","modified_gmt":"2021-02-18T19:50:11","slug":"celebrem-de-dia-de-la-pau","status":"publish","type":"post","link":"https:\/\/agora.xtec.cat\/ceip-marinada-barcelona\/general\/celebrem-de-dia-de-la-pau\/","title":{"rendered":"2021: Celebrem de dia de la Pau"},"content":{"rendered":"<p>Avui a l\u2019escola\u00a0 hem celebrat el DENIP (Dia escolar la no viol\u00e8ncia i de la pau). Aquest any\u00a0 hem fet el s\u00edmbol de la Pau i cantar la can\u00e7\u00f3 &#8220;Color d&#8217;esperan\u00e7a&#8221; dedicada a la Pau.<a href=\"https:\/\/agora.xtec.cat\/ceip-marinada-barcelona\/wp-content\/uploads\/usu1756\/2021\/02\/Dia-de-la-Pau.jpg\"><img loading=\"lazy\" decoding=\"async\" class=\"wp-image-3839 aligncenter\" src=\"https:\/\/agora.xtec.cat\/ceip-marinada-barcelona\/wp-content\/uploads\/usu1756\/2021\/02\/Dia-de-la-Pau-768x1024.jpg\" alt=\"\" width=\"327\" height=\"438\" \/><\/a><br \/>\n<iframe loading=\"lazy\" src=\"https:\/\/www.youtube.com\/embed\/5TDmyx-RdVU\" width=\"560\" height=\"315\" frameborder=\"0\"><\/iframe><\/p>\n","protected":false},"excerpt":{"rendered":"<p>Avui a l\u2019escola\u00a0 hem celebrat el DENIP (Dia escolar la no viol\u00e8ncia i de la pau). Aquest any\u00a0 hem fet el s\u00edmbol de la Pau i cantar la can\u00e7\u00f3 &#8220;Color d&#8217;esperan\u00e7a&#8221; dedicada a la Pau.<a href=\"https:\/\/agora.xtec.cat\/ceip-marinada-barcelona\/wp-content\/uploads\/usu1756\/2021\/02\/Dia-de-la-Pau.jpg\"><\/a><\/p>\n","protected":false},"author":1,"featured_media":0,"comment_status":"open","ping_status":"closed","sticky":false,"template":"","format":"standard","meta":{"_bbp_topic_count":0,"_bbp_reply_count":0,"_bbp_total_topic_count":0,"_bbp_total_reply_count":0,"_bbp_voice_count":0,"_bbp_anonymous_reply_count":0,"_bbp_topic_count_hidden":0,"_bbp_reply_count_hidden":0,"_bbp_forum_subforum_count":0,"footnotes":""},"categories":[10,11,12,13,14,15,88,89,90,2,1,3,8,9,4,5],"tags":[],"class_list":["post-3835","post","type-post","status-publish","format-standard","hentry","category-1r","category-2n","category-3r","category-4t","category-5e","category-6e","category-inicial","category-mitja","category-superior","category-infantil","category-general","category-i3","category-i4","category-i5","category-portada","category-primaria"],"post_mailing_queue_ids":[],"_links":{"self":[{"href":"https:\/\/agora.xtec.cat\/ceip-marinada-barcelona\/wp-json\/wp\/v2\/posts\/3835","targetHints":{"allow":["GET"]}}],"collection":[{"href":"https:\/\/agora.xtec.cat\/ceip-marinada-barcelona\/wp-json\/wp\/v2\/posts"}],"about":[{"href":"https:\/\/agora.xtec.cat\/ceip-marinada-barcelona\/wp-json\/wp\/v2\/types\/post"}],"author":[{"embeddable":true,"href":"https:\/\/agora.xtec.cat\/ceip-marinada-barcelona\/wp-json\/wp\/v2\/users\/1"}],"replies":[{"embeddable":true,"href":"https:\/\/agora.xtec.cat\/ceip-marinada-barcelona\/wp-json\/wp\/v2\/comments?post=3835"}],"version-history":[{"count":4,"href":"https:\/\/agora.xtec.cat\/ceip-marinada-barcelona\/wp-json\/wp\/v2\/posts\/3835\/revisions"}],"predecessor-version":[{"id":3842,"href":"https:\/\/agora.xtec.cat\/ceip-marinada-barcelona\/wp-json\/wp\/v2\/posts\/3835\/revisions\/3842"}],"wp:attachment":[{"href":"https:\/\/agora.xtec.cat\/ceip-marinada-barcelona\/wp-json\/wp\/v2\/media?parent=3835"}],"wp:term":[{"taxonomy":"category","embeddable":true,"href":"https:\/\/agora.xtec.cat\/ceip-marinada-barcelona\/wp-json\/wp\/v2\/categories?post=3835"},{"taxonomy":"post_tag","embeddable":true,"href":"https:\/\/agora.xtec.cat\/ceip-marinada-barcelona\/wp-json\/wp\/v2\/tags?post=3835"}],"curies":[{"name":"wp","href":"https:\/\/api.w.org\/{rel}","templated":true}]}}