{"id":3715,"date":"2020-12-19T18:36:01","date_gmt":"2020-12-19T17:36:01","guid":{"rendered":"http:\/\/agora.xtec.cat\/ceip-marinada-barcelona\/?p=3715"},"modified":"2021-02-19T19:29:15","modified_gmt":"2021-02-19T18:29:15","slug":"cicle-inicial-treballa-joan-miro","status":"publish","type":"post","link":"https:\/\/agora.xtec.cat\/ceip-marinada-barcelona\/portada\/cicle-inicial-treballa-joan-miro\/","title":{"rendered":"Cicle Inicial treballa Joan Mir\u00f3"},"content":{"rendered":"<p>Les nenes i nens de cicle inicial estem coneixent l&#8217;obra de Joan Mir\u00f3 i hem comen\u00e7at imitant el seu estil en la nostra signatura.<\/p>\n<p><iframe loading=\"lazy\" src=\"https:\/\/www.youtube.com\/embed\/_5Fxoi6nBbk\" width=\"560\" height=\"315\" frameborder=\"0\"><\/iframe><\/p>\n","protected":false},"excerpt":{"rendered":"<p>Les nenes i nens de cicle inicial estem coneixent l&#8217;obra de Joan Mir\u00f3 i hem comen\u00e7at imitant el seu estil en la nostra signatura.<\/p>\n","protected":false},"author":1,"featured_media":0,"comment_status":"open","ping_status":"closed","sticky":false,"template":"","format":"standard","meta":{"_bbp_topic_count":0,"_bbp_reply_count":0,"_bbp_total_topic_count":0,"_bbp_total_reply_count":0,"_bbp_voice_count":0,"_bbp_anonymous_reply_count":0,"_bbp_topic_count_hidden":0,"_bbp_reply_count_hidden":0,"_bbp_forum_subforum_count":0,"footnotes":""},"categories":[10,11,88,4,5],"tags":[],"class_list":["post-3715","post","type-post","status-publish","format-standard","hentry","category-1r","category-2n","category-inicial","category-portada","category-primaria"],"post_mailing_queue_ids":[],"_links":{"self":[{"href":"https:\/\/agora.xtec.cat\/ceip-marinada-barcelona\/wp-json\/wp\/v2\/posts\/3715","targetHints":{"allow":["GET"]}}],"collection":[{"href":"https:\/\/agora.xtec.cat\/ceip-marinada-barcelona\/wp-json\/wp\/v2\/posts"}],"about":[{"href":"https:\/\/agora.xtec.cat\/ceip-marinada-barcelona\/wp-json\/wp\/v2\/types\/post"}],"author":[{"embeddable":true,"href":"https:\/\/agora.xtec.cat\/ceip-marinada-barcelona\/wp-json\/wp\/v2\/users\/1"}],"replies":[{"embeddable":true,"href":"https:\/\/agora.xtec.cat\/ceip-marinada-barcelona\/wp-json\/wp\/v2\/comments?post=3715"}],"version-history":[{"count":3,"href":"https:\/\/agora.xtec.cat\/ceip-marinada-barcelona\/wp-json\/wp\/v2\/posts\/3715\/revisions"}],"predecessor-version":[{"id":3724,"href":"https:\/\/agora.xtec.cat\/ceip-marinada-barcelona\/wp-json\/wp\/v2\/posts\/3715\/revisions\/3724"}],"wp:attachment":[{"href":"https:\/\/agora.xtec.cat\/ceip-marinada-barcelona\/wp-json\/wp\/v2\/media?parent=3715"}],"wp:term":[{"taxonomy":"category","embeddable":true,"href":"https:\/\/agora.xtec.cat\/ceip-marinada-barcelona\/wp-json\/wp\/v2\/categories?post=3715"},{"taxonomy":"post_tag","embeddable":true,"href":"https:\/\/agora.xtec.cat\/ceip-marinada-barcelona\/wp-json\/wp\/v2\/tags?post=3715"}],"curies":[{"name":"wp","href":"https:\/\/api.w.org\/{rel}","templated":true}]}}