{"id":3634,"date":"2021-09-03T13:22:43","date_gmt":"2021-09-03T11:22:43","guid":{"rendered":"http:\/\/agora.xtec.cat\/ceip-marinada-barcelona\/?p=3634"},"modified":"2021-10-05T19:54:38","modified_gmt":"2021-10-05T17:54:38","slug":"curs-2020-2021","status":"publish","type":"post","link":"https:\/\/agora.xtec.cat\/ceip-marinada-barcelona\/portada\/curs-2020-2021\/","title":{"rendered":"Curs 2021-2022"},"content":{"rendered":"<p><a href=\"https:\/\/agora.xtec.cat\/ceip-marinada-barcelona\/wp-content\/uploads\/usu1756\/2021\/09\/tornem-escola-21-22.jpg\"><img loading=\"lazy\" decoding=\"async\" class=\"wp-image-4486 aligncenter\" src=\"https:\/\/agora.xtec.cat\/ceip-marinada-barcelona\/wp-content\/uploads\/usu1756\/2021\/09\/tornem-escola-21-22-1024x384.jpg\" alt=\"\" width=\"758\" height=\"284\" srcset=\"https:\/\/agora.xtec.cat\/ceip-marinada-barcelona\/wp-content\/uploads\/usu1756\/2021\/09\/tornem-escola-21-22-1024x384.jpg 1024w, https:\/\/agora.xtec.cat\/ceip-marinada-barcelona\/wp-content\/uploads\/usu1756\/2021\/09\/tornem-escola-21-22-300x113.jpg 300w, https:\/\/agora.xtec.cat\/ceip-marinada-barcelona\/wp-content\/uploads\/usu1756\/2021\/09\/tornem-escola-21-22-768x288.jpg 768w, https:\/\/agora.xtec.cat\/ceip-marinada-barcelona\/wp-content\/uploads\/usu1756\/2021\/09\/tornem-escola-21-22.jpg 1042w\" sizes=\"auto, (max-width: 758px) 100vw, 758px\" \/><\/a><\/p>\n<h6><span style=\"color: #00ccff;\"><strong>Benvingudes fam\u00edlies,<\/strong><\/span><\/h6>\n<p><span style=\"color: #00ccff;\">El proper dia <strong>13 de setembre<\/strong> comen\u00e7arem el nou curs 2021-2022 i us volem donar la benvinguda, especialment a aquelles fam\u00edlies que us incorporeu per primer cop a la nostra comunitat educativa.<\/span><span style=\"color: #00ccff;\">Comencem el curs amb molta il\u00b7lusi\u00f3 i energia, ple de nous reptes i projectes. Volem que els infants tornin a gaudir de nou de l&#8217;escola.<\/span><br \/>\n<span style=\"color: #00ccff;\">El nostre objectiu \u00e9s aconseguir una educaci\u00f3 de qualitat per a tothom i un espai on fer nous amics i gaudir de somnis, il\u00b7lusions, somriures. Alumnes, fam\u00edlies i mestres haurem de treballar plegats, esfor\u00e7ar-nos per anar aconseguint formar persones lliures, solid\u00e0ries i capaces de conviure, amb sentit cr\u00edtic, a la nostra societat.<\/span><\/p>\n<h4 style=\"text-align: right;\"><strong><span style=\"color: #00ccff;\">Gr\u00e0cies per la vostra confian\u00e7a.<\/span><\/strong><\/h4>\n","protected":false},"excerpt":{"rendered":"<p><a href=\"https:\/\/agora.xtec.cat\/ceip-marinada-barcelona\/wp-content\/uploads\/usu1756\/2021\/09\/tornem-escola-21-22.jpg\"><\/a><br \/>\nBenvingudes fam\u00edlies,<br \/>\nEl proper dia 13 de setembre comen\u00e7arem el nou curs 2021-2022 i us volem donar la benvinguda, especialment a aquelles fam\u00edlies que us incorporeu per primer cop a la nostra comunitat educativa.Comencem el curs amb molta il\u00b7lusi\u00f3 i energia, ple de nous reptes&hellip;  <a href=\"https:\/\/agora.xtec.cat\/ceip-marinada-barcelona\/portada\/curs-2020-2021\/\" title=\"Read Curs 2021-2022\">Llegeix m\u00e9s\u00bb<\/a><\/p>\n","protected":false},"author":1,"featured_media":0,"comment_status":"open","ping_status":"closed","sticky":false,"template":"","format":"standard","meta":{"_bbp_topic_count":0,"_bbp_reply_count":0,"_bbp_total_topic_count":0,"_bbp_total_reply_count":0,"_bbp_voice_count":0,"_bbp_anonymous_reply_count":0,"_bbp_topic_count_hidden":0,"_bbp_reply_count_hidden":0,"_bbp_forum_subforum_count":0,"footnotes":""},"categories":[4],"tags":[],"class_list":["post-3634","post","type-post","status-publish","format-standard","hentry","category-portada"],"post_mailing_queue_ids":[],"_links":{"self":[{"href":"https:\/\/agora.xtec.cat\/ceip-marinada-barcelona\/wp-json\/wp\/v2\/posts\/3634","targetHints":{"allow":["GET"]}}],"collection":[{"href":"https:\/\/agora.xtec.cat\/ceip-marinada-barcelona\/wp-json\/wp\/v2\/posts"}],"about":[{"href":"https:\/\/agora.xtec.cat\/ceip-marinada-barcelona\/wp-json\/wp\/v2\/types\/post"}],"author":[{"embeddable":true,"href":"https:\/\/agora.xtec.cat\/ceip-marinada-barcelona\/wp-json\/wp\/v2\/users\/1"}],"replies":[{"embeddable":true,"href":"https:\/\/agora.xtec.cat\/ceip-marinada-barcelona\/wp-json\/wp\/v2\/comments?post=3634"}],"version-history":[{"count":4,"href":"https:\/\/agora.xtec.cat\/ceip-marinada-barcelona\/wp-json\/wp\/v2\/posts\/3634\/revisions"}],"predecessor-version":[{"id":4487,"href":"https:\/\/agora.xtec.cat\/ceip-marinada-barcelona\/wp-json\/wp\/v2\/posts\/3634\/revisions\/4487"}],"wp:attachment":[{"href":"https:\/\/agora.xtec.cat\/ceip-marinada-barcelona\/wp-json\/wp\/v2\/media?parent=3634"}],"wp:term":[{"taxonomy":"category","embeddable":true,"href":"https:\/\/agora.xtec.cat\/ceip-marinada-barcelona\/wp-json\/wp\/v2\/categories?post=3634"},{"taxonomy":"post_tag","embeddable":true,"href":"https:\/\/agora.xtec.cat\/ceip-marinada-barcelona\/wp-json\/wp\/v2\/tags?post=3634"}],"curies":[{"name":"wp","href":"https:\/\/api.w.org\/{rel}","templated":true}]}}