{"id":3551,"date":"2020-06-20T11:36:12","date_gmt":"2020-06-20T09:36:12","guid":{"rendered":"http:\/\/agora.xtec.cat\/ceip-marinada-barcelona\/?p=3551"},"modified":"2021-02-19T20:23:09","modified_gmt":"2021-02-19T19:23:09","slug":"cs-percussio-amb-gots-ritmics","status":"publish","type":"post","link":"https:\/\/agora.xtec.cat\/ceip-marinada-barcelona\/portada\/cs-percussio-amb-gots-ritmics\/","title":{"rendered":"CS: Percussi\u00f3 amb gots r\u00edtmics"},"content":{"rendered":"<p>Aquesta setmana a m\u00fasica us hem proposat u<span style=\"font-family: inherit; font-size: 1em;\">na activitat de percussi\u00f3 <\/span>amb gots r\u00edtmics amb la can\u00e7\u00f3 &#8220;Shape of you&#8221;.<br \/>\nVolem agrair al pare del Pol la seva participaci\u00f3 en aquesta proposta.<br \/>\nUs felicitem per les percussions que ens heu enviat. Molt bona feina!!!<br \/>\n<iframe loading=\"lazy\" src=\"https:\/\/www.youtube.com\/embed\/fZZ1dt8mceU\" width=\"560\" height=\"315\" frameborder=\"0\"><\/iframe><\/p>\n","protected":false},"excerpt":{"rendered":"<p>Aquesta setmana a m\u00fasica us hem proposat una activitat de percussi\u00f3 amb gots r\u00edtmics amb la can\u00e7\u00f3 &#8220;Shape of you&#8221;.<br \/>\nVolem agrair al pare del Pol la seva participaci\u00f3 en aquesta proposta.<br \/>\nUs felicitem per les percussions que ens heu enviat. Molt bona feina!!!<\/p>\n","protected":false},"author":1,"featured_media":3552,"comment_status":"open","ping_status":"closed","sticky":false,"template":"","format":"standard","meta":{"_bbp_topic_count":0,"_bbp_reply_count":0,"_bbp_total_topic_count":0,"_bbp_total_reply_count":0,"_bbp_voice_count":0,"_bbp_anonymous_reply_count":0,"_bbp_topic_count_hidden":0,"_bbp_reply_count_hidden":0,"_bbp_forum_subforum_count":0,"footnotes":""},"categories":[14,15,90,4,5],"tags":[],"class_list":["post-3551","post","type-post","status-publish","format-standard","has-post-thumbnail","hentry","category-5e","category-6e","category-superior","category-portada","category-primaria"],"post_mailing_queue_ids":[],"_links":{"self":[{"href":"https:\/\/agora.xtec.cat\/ceip-marinada-barcelona\/wp-json\/wp\/v2\/posts\/3551","targetHints":{"allow":["GET"]}}],"collection":[{"href":"https:\/\/agora.xtec.cat\/ceip-marinada-barcelona\/wp-json\/wp\/v2\/posts"}],"about":[{"href":"https:\/\/agora.xtec.cat\/ceip-marinada-barcelona\/wp-json\/wp\/v2\/types\/post"}],"author":[{"embeddable":true,"href":"https:\/\/agora.xtec.cat\/ceip-marinada-barcelona\/wp-json\/wp\/v2\/users\/1"}],"replies":[{"embeddable":true,"href":"https:\/\/agora.xtec.cat\/ceip-marinada-barcelona\/wp-json\/wp\/v2\/comments?post=3551"}],"version-history":[{"count":2,"href":"https:\/\/agora.xtec.cat\/ceip-marinada-barcelona\/wp-json\/wp\/v2\/posts\/3551\/revisions"}],"predecessor-version":[{"id":3560,"href":"https:\/\/agora.xtec.cat\/ceip-marinada-barcelona\/wp-json\/wp\/v2\/posts\/3551\/revisions\/3560"}],"wp:featuredmedia":[{"embeddable":true,"href":"https:\/\/agora.xtec.cat\/ceip-marinada-barcelona\/wp-json\/wp\/v2\/media\/3552"}],"wp:attachment":[{"href":"https:\/\/agora.xtec.cat\/ceip-marinada-barcelona\/wp-json\/wp\/v2\/media?parent=3551"}],"wp:term":[{"taxonomy":"category","embeddable":true,"href":"https:\/\/agora.xtec.cat\/ceip-marinada-barcelona\/wp-json\/wp\/v2\/categories?post=3551"},{"taxonomy":"post_tag","embeddable":true,"href":"https:\/\/agora.xtec.cat\/ceip-marinada-barcelona\/wp-json\/wp\/v2\/tags?post=3551"}],"curies":[{"name":"wp","href":"https:\/\/api.w.org\/{rel}","templated":true}]}}