{"id":3152,"date":"2020-04-03T13:16:26","date_gmt":"2020-04-03T11:16:26","guid":{"rendered":"http:\/\/agora.xtec.cat\/ceip-marinada-barcelona\/?p=3152"},"modified":"2020-04-03T13:17:06","modified_gmt":"2020-04-03T11:17:06","slug":"bones-vacances-de-pasqua","status":"publish","type":"post","link":"https:\/\/agora.xtec.cat\/ceip-marinada-barcelona\/infantil\/bones-vacances-de-pasqua\/","title":{"rendered":"Bones vacances de Pasqua"},"content":{"rendered":"<p>Bon dia fam\u00edlies,<\/p>\n<p>Dem\u00e0 comencem les vacances de Pasqua i volem desitjar-vos que passeu uns bons dies i us enviem una forta abra\u00e7ada virtual.<br \/>\nDurant aquests dies que portem de confinament hi ha nens i nenes que ens han enviat fotos fent alguna recepta de cuina i, per aix\u00f2, hem pensat que, aprofitant que per aquestes dades \u00e9s molt t\u00edpic fer alguns dol\u00e7os diferents com \u201cLa Mona\u201d, \u201clos pesti\u00f1os\u201d, \u201clas torrijas\u201d, els ous de Pasqua&#8230; podr\u00edeu enviar-nos fotos dels dol\u00e7os que feu a casa.<\/p>\n<p>Tamb\u00e9 ens podeu enviar dibuixos o una manualitat d\u2019una Mona de Pasqua o d\u2019uns ous pintats&#8230;<\/p>\n<p><a href=\"https:\/\/agora.xtec.cat\/ceip-marinada-barcelona\/wp-content\/uploads\/usu1756\/2020\/04\/mona.jpg\"><img loading=\"lazy\" decoding=\"async\" class=\"alignnone size-full wp-image-3153\" src=\"https:\/\/agora.xtec.cat\/ceip-marinada-barcelona\/wp-content\/uploads\/usu1756\/2020\/04\/mona.jpg\" alt=\"\" width=\"225\" height=\"225\" srcset=\"https:\/\/agora.xtec.cat\/ceip-marinada-barcelona\/wp-content\/uploads\/usu1756\/2020\/04\/mona.jpg 225w, https:\/\/agora.xtec.cat\/ceip-marinada-barcelona\/wp-content\/uploads\/usu1756\/2020\/04\/mona-150x150.jpg 150w\" sizes=\"auto, (max-width: 225px) 100vw, 225px\" \/><\/a> <a href=\"https:\/\/agora.xtec.cat\/ceip-marinada-barcelona\/wp-content\/uploads\/usu1756\/2020\/04\/ou-pasqua.png\"><img loading=\"lazy\" decoding=\"async\" class=\"alignnone size-large wp-image-3154\" src=\"https:\/\/agora.xtec.cat\/ceip-marinada-barcelona\/wp-content\/uploads\/usu1756\/2020\/04\/ou-pasqua.png\" alt=\"\" width=\"254\" height=\"199\" \/><\/a><\/p>\n","protected":false},"excerpt":{"rendered":"<p>Bon dia fam\u00edlies,<br \/>\nDem\u00e0 comencem les vacances de Pasqua i volem desitjar-vos que passeu uns bons dies i us enviem una forta abra\u00e7ada virtual.<br \/>\nDurant aquests dies que portem de confinament hi ha nens i nenes que ens han enviat fotos fent alguna recepta de cuina i,&hellip;  <a href=\"https:\/\/agora.xtec.cat\/ceip-marinada-barcelona\/infantil\/bones-vacances-de-pasqua\/\" title=\"Read Bones vacances de Pasqua\">Llegeix m\u00e9s\u00bb<\/a><\/p>\n","protected":false},"author":1,"featured_media":0,"comment_status":"open","ping_status":"closed","sticky":false,"template":"","format":"standard","meta":{"_bbp_topic_count":0,"_bbp_reply_count":0,"_bbp_total_topic_count":0,"_bbp_total_reply_count":0,"_bbp_voice_count":0,"_bbp_anonymous_reply_count":0,"_bbp_topic_count_hidden":0,"_bbp_reply_count_hidden":0,"_bbp_forum_subforum_count":0,"footnotes":""},"categories":[2,4,5],"tags":[],"class_list":["post-3152","post","type-post","status-publish","format-standard","hentry","category-infantil","category-portada","category-primaria"],"post_mailing_queue_ids":[],"_links":{"self":[{"href":"https:\/\/agora.xtec.cat\/ceip-marinada-barcelona\/wp-json\/wp\/v2\/posts\/3152","targetHints":{"allow":["GET"]}}],"collection":[{"href":"https:\/\/agora.xtec.cat\/ceip-marinada-barcelona\/wp-json\/wp\/v2\/posts"}],"about":[{"href":"https:\/\/agora.xtec.cat\/ceip-marinada-barcelona\/wp-json\/wp\/v2\/types\/post"}],"author":[{"embeddable":true,"href":"https:\/\/agora.xtec.cat\/ceip-marinada-barcelona\/wp-json\/wp\/v2\/users\/1"}],"replies":[{"embeddable":true,"href":"https:\/\/agora.xtec.cat\/ceip-marinada-barcelona\/wp-json\/wp\/v2\/comments?post=3152"}],"version-history":[{"count":1,"href":"https:\/\/agora.xtec.cat\/ceip-marinada-barcelona\/wp-json\/wp\/v2\/posts\/3152\/revisions"}],"predecessor-version":[{"id":3155,"href":"https:\/\/agora.xtec.cat\/ceip-marinada-barcelona\/wp-json\/wp\/v2\/posts\/3152\/revisions\/3155"}],"wp:attachment":[{"href":"https:\/\/agora.xtec.cat\/ceip-marinada-barcelona\/wp-json\/wp\/v2\/media?parent=3152"}],"wp:term":[{"taxonomy":"category","embeddable":true,"href":"https:\/\/agora.xtec.cat\/ceip-marinada-barcelona\/wp-json\/wp\/v2\/categories?post=3152"},{"taxonomy":"post_tag","embeddable":true,"href":"https:\/\/agora.xtec.cat\/ceip-marinada-barcelona\/wp-json\/wp\/v2\/tags?post=3152"}],"curies":[{"name":"wp","href":"https:\/\/api.w.org\/{rel}","templated":true}]}}