{"id":3148,"date":"2020-04-03T07:54:21","date_gmt":"2020-04-03T05:54:21","guid":{"rendered":"http:\/\/agora.xtec.cat\/ceip-marinada-barcelona\/?p=3148"},"modified":"2020-04-03T15:33:31","modified_gmt":"2020-04-03T13:33:31","slug":"ladriana-fa-de-cuinera","status":"publish","type":"post","link":"https:\/\/agora.xtec.cat\/ceip-marinada-barcelona\/infantil\/ladriana-fa-de-cuinera\/","title":{"rendered":"L&#8217;Adriana fa de cuinera"},"content":{"rendered":"<p>Avui, l&#8217;Adriana ens ha enviat unes fotos on la veiem que est\u00e0 fent de cuinera.<br \/>\nMolt b\u00e9, veiem que est\u00e0s feta tota una cuinera!<br \/>\nAqu\u00ed ens deixa com ho fan.<\/p>\n<p>&#8220;Bueno por fuera es masa de pan. O sea, lleva 1 kg de harina + 1 sobre de levadura + un poco de aceite + 1 cuchara peque\u00f1a de sal&#8230;.<br \/>\nSe deja reposar un rato hasta que sube la masa. Cuando ha subido se corta un trozo peque\u00f1o y se llena de patata.<br \/>\nLa patata es un pur\u00e9 con sal. Los que quieren pueden a\u00f1adir especies, cebolla, cilantro&#8230;. lo que quiera&#8230;. Mi yaya pone todo eso, pero como mi hermano es muy delicado y no le gusta, pues la yaya fr\u00ede la cebolla con todo eso (las especies) y luego lo pasa todo por la batidora. \u00a0Lo mezcla con el pur\u00e9 de patata, as\u00ed no se ve la cebolla y comemos todos&#8230; Est\u00e1 muy bueno!!!&#8221;<\/p>\n<p><a href=\"https:\/\/agora.xtec.cat\/ceip-marinada-barcelona\/wp-content\/uploads\/usu1756\/2020\/04\/20200402_134947.jpg\"><img loading=\"lazy\" decoding=\"async\" class=\"alignnone wp-image-3138\" src=\"https:\/\/agora.xtec.cat\/ceip-marinada-barcelona\/wp-content\/uploads\/usu1756\/2020\/04\/20200402_134947-1024x768.jpg\" alt=\"\" width=\"326\" height=\"245\" srcset=\"https:\/\/agora.xtec.cat\/ceip-marinada-barcelona\/wp-content\/uploads\/usu1756\/2020\/04\/20200402_134947-1024x768.jpg 1024w, https:\/\/agora.xtec.cat\/ceip-marinada-barcelona\/wp-content\/uploads\/usu1756\/2020\/04\/20200402_134947-300x225.jpg 300w, https:\/\/agora.xtec.cat\/ceip-marinada-barcelona\/wp-content\/uploads\/usu1756\/2020\/04\/20200402_134947-768x576.jpg 768w, https:\/\/agora.xtec.cat\/ceip-marinada-barcelona\/wp-content\/uploads\/usu1756\/2020\/04\/20200402_134947-200x150.jpg 200w, https:\/\/agora.xtec.cat\/ceip-marinada-barcelona\/wp-content\/uploads\/usu1756\/2020\/04\/20200402_134947.jpg 1500w\" sizes=\"auto, (max-width: 326px) 100vw, 326px\" \/><\/a> <a href=\"https:\/\/agora.xtec.cat\/ceip-marinada-barcelona\/wp-content\/uploads\/usu1756\/2020\/04\/20200402_144157.jpg\"><img loading=\"lazy\" decoding=\"async\" class=\"alignnone wp-image-3149\" src=\"https:\/\/agora.xtec.cat\/ceip-marinada-barcelona\/wp-content\/uploads\/usu1756\/2020\/04\/20200402_144157-768x1024.jpg\" alt=\"\" width=\"267\" height=\"357\" srcset=\"https:\/\/agora.xtec.cat\/ceip-marinada-barcelona\/wp-content\/uploads\/usu1756\/2020\/04\/20200402_144157-768x1024.jpg 768w, https:\/\/agora.xtec.cat\/ceip-marinada-barcelona\/wp-content\/uploads\/usu1756\/2020\/04\/20200402_144157-225x300.jpg 225w, https:\/\/agora.xtec.cat\/ceip-marinada-barcelona\/wp-content\/uploads\/usu1756\/2020\/04\/20200402_144157.jpg 1125w\" sizes=\"auto, (max-width: 267px) 100vw, 267px\" \/><\/a><\/p>\n<div><\/div>\n","protected":false},"excerpt":{"rendered":"<p>Avui, l&#8217;Adriana ens ha enviat unes fotos on la veiem que est\u00e0 fent de cuinera.<br \/>\nMolt b\u00e9, veiem que est\u00e0s feta tota una cuinera!<br \/>\nAqu\u00ed ens deixa com ho fan.<br \/>\n&#8220;Bueno por fuera es masa de pan. O sea, lleva 1 kg de harina + 1 sobre de&hellip;  <a href=\"https:\/\/agora.xtec.cat\/ceip-marinada-barcelona\/infantil\/ladriana-fa-de-cuinera\/\" title=\"Read L&#8217;Adriana fa de cuinera\">Llegeix m\u00e9s\u00bb<\/a><\/p>\n","protected":false},"author":1,"featured_media":0,"comment_status":"open","ping_status":"closed","sticky":false,"template":"","format":"standard","meta":{"_bbp_topic_count":0,"_bbp_reply_count":0,"_bbp_total_topic_count":0,"_bbp_total_reply_count":0,"_bbp_voice_count":0,"_bbp_anonymous_reply_count":0,"_bbp_topic_count_hidden":0,"_bbp_reply_count_hidden":0,"_bbp_forum_subforum_count":0,"footnotes":""},"categories":[2,80,9,4],"tags":[],"class_list":["post-3148","post","type-post","status-publish","format-standard","hentry","category-infantil","category-families-joemquedoacasa","category-i5","category-portada"],"post_mailing_queue_ids":[],"_links":{"self":[{"href":"https:\/\/agora.xtec.cat\/ceip-marinada-barcelona\/wp-json\/wp\/v2\/posts\/3148","targetHints":{"allow":["GET"]}}],"collection":[{"href":"https:\/\/agora.xtec.cat\/ceip-marinada-barcelona\/wp-json\/wp\/v2\/posts"}],"about":[{"href":"https:\/\/agora.xtec.cat\/ceip-marinada-barcelona\/wp-json\/wp\/v2\/types\/post"}],"author":[{"embeddable":true,"href":"https:\/\/agora.xtec.cat\/ceip-marinada-barcelona\/wp-json\/wp\/v2\/users\/1"}],"replies":[{"embeddable":true,"href":"https:\/\/agora.xtec.cat\/ceip-marinada-barcelona\/wp-json\/wp\/v2\/comments?post=3148"}],"version-history":[{"count":3,"href":"https:\/\/agora.xtec.cat\/ceip-marinada-barcelona\/wp-json\/wp\/v2\/posts\/3148\/revisions"}],"predecessor-version":[{"id":3175,"href":"https:\/\/agora.xtec.cat\/ceip-marinada-barcelona\/wp-json\/wp\/v2\/posts\/3148\/revisions\/3175"}],"wp:attachment":[{"href":"https:\/\/agora.xtec.cat\/ceip-marinada-barcelona\/wp-json\/wp\/v2\/media?parent=3148"}],"wp:term":[{"taxonomy":"category","embeddable":true,"href":"https:\/\/agora.xtec.cat\/ceip-marinada-barcelona\/wp-json\/wp\/v2\/categories?post=3148"},{"taxonomy":"post_tag","embeddable":true,"href":"https:\/\/agora.xtec.cat\/ceip-marinada-barcelona\/wp-json\/wp\/v2\/tags?post=3148"}],"curies":[{"name":"wp","href":"https:\/\/api.w.org\/{rel}","templated":true}]}}