{"id":3128,"date":"2020-04-01T10:06:31","date_gmt":"2020-04-01T08:06:31","guid":{"rendered":"http:\/\/agora.xtec.cat\/ceip-marinada-barcelona\/?p=3128"},"modified":"2020-04-01T10:15:06","modified_gmt":"2020-04-01T08:15:06","slug":"novetats-dia-1-dabril","status":"publish","type":"post","link":"https:\/\/agora.xtec.cat\/ceip-marinada-barcelona\/general\/novetats-dia-1-dabril\/","title":{"rendered":"NOVETATS DIA 1 D&#8217;ABRIL!"},"content":{"rendered":"<ul>\n<li>Avui aportem una bona recopilaci\u00f3 de recursos on line mitjan\u00e7ant la web <strong>d\u2019Activitium.<\/strong><\/li>\n<li><strong><u>G\u00e8nius:<\/u><\/strong> Portal infantil de la Xarxa de Biblioteques Municipals de la Diputaci\u00f3 de Barcelona, amb activitats per grans i m\u00e9s petits.(Recursos i eines per fomentar l\u2019h\u00e0bit lector)<\/li>\n<li>Recordeu, cada dia a les 11H una nova historieta amb Macmillan Story time. Avui: <strong><em>Mr Crocodile toothbrush!<\/em><\/strong><\/li>\n<\/ul>\n<p><a href=\"https:\/\/macmillaneducation.us13.list-manage.com\/track\/click?u=ae5f63190e34fe9bdd15c6913&amp;id=72cc4e165c&amp;e=1683114430\" target=\"_blank\" rel=\"noopener noreferrer\">https:\/\/macmillaneducation.us13.list-manage.com\/track\/click?u=ae5f63190e34fe9bdd15c6913&amp;id=72cc4e165c&amp;e=1683114430<\/a><\/p>\n<ul>\n<li><strong><u>L\u2019oca del confinament<\/u><\/strong>! Juguem i fem exercici!!!!<a href=\"https:\/\/agora.xtec.cat\/ceip-marinada-barcelona\/wp-content\/uploads\/usu1756\/2020\/04\/oca-del-confinament.png\"><img loading=\"lazy\" decoding=\"async\" class=\"wp-image-3130 aligncenter\" src=\"https:\/\/agora.xtec.cat\/ceip-marinada-barcelona\/wp-content\/uploads\/usu1756\/2020\/04\/oca-del-confinament.png\" alt=\"\" width=\"359\" height=\"256\" srcset=\"https:\/\/agora.xtec.cat\/ceip-marinada-barcelona\/wp-content\/uploads\/usu1756\/2020\/04\/oca-del-confinament.png 889w, https:\/\/agora.xtec.cat\/ceip-marinada-barcelona\/wp-content\/uploads\/usu1756\/2020\/04\/oca-del-confinament-300x214.png 300w, https:\/\/agora.xtec.cat\/ceip-marinada-barcelona\/wp-content\/uploads\/usu1756\/2020\/04\/oca-del-confinament-768x547.png 768w\" sizes=\"auto, (max-width: 359px) 100vw, 359px\" \/><\/a><br \/>\n<a href=\"https:\/\/agora.xtec.cat\/ceip-marinada-barcelona\/wp-content\/uploads\/usu1756\/2020\/04\/Loca-del-confinament-@recursosef.pdf\" target=\"_blank\" rel=\"noopener noreferrer\">L&#8217;oca del confinament (<span class=\"atwho-query\">@recur<\/span>sosef)<\/a><\/li>\n<\/ul>\n","protected":false},"excerpt":{"rendered":"<ul>\n<li>Avui aportem una bona recopilaci\u00f3 de recursos on line mitjan\u00e7ant la web d\u2019Activitium.<\/li>\n<li>G\u00e8nius: Portal infantil de la Xarxa de Biblioteques Municipals de la Diputaci\u00f3 de Barcelona, amb activitats per grans i m\u00e9s petits.(Recursos i eines per fomentar l\u2019h\u00e0bit lector)<\/li>\n<li>Recordeu, cada dia a les 11H una&hellip;  <a href=\"https:\/\/agora.xtec.cat\/ceip-marinada-barcelona\/general\/novetats-dia-1-dabril\/\" title=\"Read NOVETATS DIA 1 D&#8217;ABRIL!\">Llegeix m\u00e9s\u00bb<\/a><br \/>\n","protected":false},"author":1,"featured_media":0,"comment_status":"open","ping_status":"closed","sticky":false,"template":"","format":"standard","meta":{"_bbp_topic_count":0,"_bbp_reply_count":0,"_bbp_total_topic_count":0,"_bbp_total_reply_count":0,"_bbp_voice_count":0,"_bbp_anonymous_reply_count":0,"_bbp_topic_count_hidden":0,"_bbp_reply_count_hidden":0,"_bbp_forum_subforum_count":0,"footnotes":""},"categories":[2,1,4,5,79],"tags":[],"class_list":["post-3128","post","type-post","status-publish","format-standard","hentry","category-infantil","category-general","category-portada","category-primaria","category-recursos-educatius-joemquedoacasa"],"post_mailing_queue_ids":[],"_links":{"self":[{"href":"https:\/\/agora.xtec.cat\/ceip-marinada-barcelona\/wp-json\/wp\/v2\/posts\/3128","targetHints":{"allow":["GET"]}}],"collection":[{"href":"https:\/\/agora.xtec.cat\/ceip-marinada-barcelona\/wp-json\/wp\/v2\/posts"}],"about":[{"href":"https:\/\/agora.xtec.cat\/ceip-marinada-barcelona\/wp-json\/wp\/v2\/types\/post"}],"author":[{"embeddable":true,"href":"https:\/\/agora.xtec.cat\/ceip-marinada-barcelona\/wp-json\/wp\/v2\/users\/1"}],"replies":[{"embeddable":true,"href":"https:\/\/agora.xtec.cat\/ceip-marinada-barcelona\/wp-json\/wp\/v2\/comments?post=3128"}],"version-history":[{"count":3,"href":"https:\/\/agora.xtec.cat\/ceip-marinada-barcelona\/wp-json\/wp\/v2\/posts\/3128\/revisions"}],"predecessor-version":[{"id":3136,"href":"https:\/\/agora.xtec.cat\/ceip-marinada-barcelona\/wp-json\/wp\/v2\/posts\/3128\/revisions\/3136"}],"wp:attachment":[{"href":"https:\/\/agora.xtec.cat\/ceip-marinada-barcelona\/wp-json\/wp\/v2\/media?parent=3128"}],"wp:term":[{"taxonomy":"category","embeddable":true,"href":"https:\/\/agora.xtec.cat\/ceip-marinada-barcelona\/wp-json\/wp\/v2\/categories?post=3128"},{"taxonomy":"post_tag","embeddable":true,"href":"https:\/\/agora.xtec.cat\/ceip-marinada-barcelona\/wp-json\/wp\/v2\/tags?post=3128"}],"curies":[{"name":"wp","href":"https:\/\/api.w.org\/{rel}","templated":true}]}}