{"id":3100,"date":"2020-03-30T12:12:27","date_gmt":"2020-03-30T10:12:27","guid":{"rendered":"http:\/\/agora.xtec.cat\/ceip-marinada-barcelona\/?p=3100"},"modified":"2020-03-30T12:38:09","modified_gmt":"2020-03-30T10:38:09","slug":"novetats-dia-30-de-marc","status":"publish","type":"post","link":"https:\/\/agora.xtec.cat\/ceip-marinada-barcelona\/infantil\/novetats-dia-30-de-marc\/","title":{"rendered":"NOVETATS DIA 30 DE MAR\u00c7!"},"content":{"rendered":"<p>Benvolgudes fam\u00edlies, ja veieu que a la nostra web estem oferint recursos de tot tipus per a passar aquests dies de confinament i fer una mica de tot.<br \/>\n<span style=\"font-family: inherit; font-size: 1em;\">Per altra banda, les editorials que treballen amb nosaltres ens donen el seu suport i ens ofereixen els seus recursos.<br \/>\n<\/span><span style=\"font-family: inherit; font-size: 1em;\">Tots aquests recursos els podeu trobar a l\u2019apartat: \u201cJo em quedo a casa. Recull de recursos i activitats\u201d.<\/span><\/p>\n<ul>\n<li>Editorial Teide<img loading=\"lazy\" decoding=\"async\" class=\" wp-image-3085 alignright\" src=\"https:\/\/agora.xtec.cat\/ceip-marinada-barcelona\/wp-content\/uploads\/usu1756\/2020\/03\/recursos-jo-em-quedo-a-casa-e1585335335279.jpg\" alt=\"\" width=\"271\" height=\"123\" \/><\/li>\n<li>Editorial Macmillan<\/li>\n<li>Recursos per a Educaci\u00f3 Infantil.<\/li>\n<li>Enigma!: Descobreix el missatge secret!<\/li>\n<li>Nous reptes: El Robert us proposa un nou repte, us atreviu?<\/li>\n<\/ul>\n<p>Tamb\u00e9 podeu mirar les aportacions de les fam\u00edlies a l&#8217;apartat:&#8221;Fam\u00edlies #joemquedoacasa&#8221;.<\/p>\n<p><img loading=\"lazy\" decoding=\"async\" class=\"wp-image-3084 aligncenter\" src=\"https:\/\/agora.xtec.cat\/ceip-marinada-barcelona\/wp-content\/uploads\/usu1756\/2020\/03\/fam\u00edlies-jo-em-quedo-a-casa-e1585335348124.jpg\" alt=\"\" width=\"234\" height=\"167\" \/><\/p>\n","protected":false},"excerpt":{"rendered":"<p>Benvolgudes fam\u00edlies, ja veieu que a la nostra web estem oferint recursos de tot tipus per a passar aquests dies de confinament i fer una mica de tot.<br \/>\nPer altra banda, les editorials que treballen amb nosaltres ens donen el seu suport i ens ofereixen els&hellip;  <a href=\"https:\/\/agora.xtec.cat\/ceip-marinada-barcelona\/infantil\/novetats-dia-30-de-marc\/\" title=\"Read NOVETATS DIA 30 DE MAR\u00c7!\">Llegeix m\u00e9s\u00bb<\/a><\/p>\n","protected":false},"author":1,"featured_media":0,"comment_status":"open","ping_status":"closed","sticky":false,"template":"","format":"standard","meta":{"_bbp_topic_count":0,"_bbp_reply_count":0,"_bbp_total_topic_count":0,"_bbp_total_reply_count":0,"_bbp_voice_count":0,"_bbp_anonymous_reply_count":0,"_bbp_topic_count_hidden":0,"_bbp_reply_count_hidden":0,"_bbp_forum_subforum_count":0,"footnotes":""},"categories":[2,4,5],"tags":[],"class_list":["post-3100","post","type-post","status-publish","format-standard","hentry","category-infantil","category-portada","category-primaria"],"post_mailing_queue_ids":[],"_links":{"self":[{"href":"https:\/\/agora.xtec.cat\/ceip-marinada-barcelona\/wp-json\/wp\/v2\/posts\/3100","targetHints":{"allow":["GET"]}}],"collection":[{"href":"https:\/\/agora.xtec.cat\/ceip-marinada-barcelona\/wp-json\/wp\/v2\/posts"}],"about":[{"href":"https:\/\/agora.xtec.cat\/ceip-marinada-barcelona\/wp-json\/wp\/v2\/types\/post"}],"author":[{"embeddable":true,"href":"https:\/\/agora.xtec.cat\/ceip-marinada-barcelona\/wp-json\/wp\/v2\/users\/1"}],"replies":[{"embeddable":true,"href":"https:\/\/agora.xtec.cat\/ceip-marinada-barcelona\/wp-json\/wp\/v2\/comments?post=3100"}],"version-history":[{"count":3,"href":"https:\/\/agora.xtec.cat\/ceip-marinada-barcelona\/wp-json\/wp\/v2\/posts\/3100\/revisions"}],"predecessor-version":[{"id":3115,"href":"https:\/\/agora.xtec.cat\/ceip-marinada-barcelona\/wp-json\/wp\/v2\/posts\/3100\/revisions\/3115"}],"wp:attachment":[{"href":"https:\/\/agora.xtec.cat\/ceip-marinada-barcelona\/wp-json\/wp\/v2\/media?parent=3100"}],"wp:term":[{"taxonomy":"category","embeddable":true,"href":"https:\/\/agora.xtec.cat\/ceip-marinada-barcelona\/wp-json\/wp\/v2\/categories?post=3100"},{"taxonomy":"post_tag","embeddable":true,"href":"https:\/\/agora.xtec.cat\/ceip-marinada-barcelona\/wp-json\/wp\/v2\/tags?post=3100"}],"curies":[{"name":"wp","href":"https:\/\/api.w.org\/{rel}","templated":true}]}}