{"id":2998,"date":"2020-03-25T20:51:31","date_gmt":"2020-03-25T19:51:31","guid":{"rendered":"http:\/\/agora.xtec.cat\/ceip-marinada-barcelona\/?p=2998"},"modified":"2020-03-27T22:13:36","modified_gmt":"2020-03-27T21:13:36","slug":"marinada-a-casa-ii","status":"publish","type":"post","link":"https:\/\/agora.xtec.cat\/ceip-marinada-barcelona\/infantil\/marinada-a-casa-ii\/","title":{"rendered":"MARINADA A CASA II"},"content":{"rendered":"<p>Hola!!!<br \/>\nLa Isabel Sofia ens envia un missatge molt important: que ens cuidem molt i que fem cas de totes les recomanacions.<br \/>\nElla tamb\u00e9 ho fa i aprofita una estona per treballar una mica.<\/p>\n<p><a href=\"https:\/\/agora.xtec.cat\/ceip-marinada-barcelona\/wp-content\/uploads\/usu1756\/2020\/03\/IMG_20200325_193450-1.jpg\"><img loading=\"lazy\" decoding=\"async\" class=\"alignnone wp-image-3031\" src=\"https:\/\/agora.xtec.cat\/ceip-marinada-barcelona\/wp-content\/uploads\/usu1756\/2020\/03\/IMG_20200325_193450-1.jpg\" alt=\"\" width=\"233\" height=\"261\" srcset=\"https:\/\/agora.xtec.cat\/ceip-marinada-barcelona\/wp-content\/uploads\/usu1756\/2020\/03\/IMG_20200325_193450-1.jpg 804w, https:\/\/agora.xtec.cat\/ceip-marinada-barcelona\/wp-content\/uploads\/usu1756\/2020\/03\/IMG_20200325_193450-1-268x300.jpg 268w, https:\/\/agora.xtec.cat\/ceip-marinada-barcelona\/wp-content\/uploads\/usu1756\/2020\/03\/IMG_20200325_193450-1-768x860.jpg 768w\" sizes=\"auto, (max-width: 233px) 100vw, 233px\" \/><\/a><a href=\"https:\/\/agora.xtec.cat\/ceip-marinada-barcelona\/wp-content\/uploads\/usu1756\/2020\/03\/IMG_20200325_193439-1.jpg\"><img loading=\"lazy\" decoding=\"async\" class=\"alignnone wp-image-3030\" src=\"https:\/\/agora.xtec.cat\/ceip-marinada-barcelona\/wp-content\/uploads\/usu1756\/2020\/03\/IMG_20200325_193439-1-1024x849.jpg\" alt=\"\" width=\"254\" height=\"211\" srcset=\"https:\/\/agora.xtec.cat\/ceip-marinada-barcelona\/wp-content\/uploads\/usu1756\/2020\/03\/IMG_20200325_193439-1-1024x849.jpg 1024w, https:\/\/agora.xtec.cat\/ceip-marinada-barcelona\/wp-content\/uploads\/usu1756\/2020\/03\/IMG_20200325_193439-1-300x250.jpg 300w, https:\/\/agora.xtec.cat\/ceip-marinada-barcelona\/wp-content\/uploads\/usu1756\/2020\/03\/IMG_20200325_193439-1-768x636.jpg 768w, https:\/\/agora.xtec.cat\/ceip-marinada-barcelona\/wp-content\/uploads\/usu1756\/2020\/03\/IMG_20200325_193439-1.jpg 1086w\" sizes=\"auto, (max-width: 254px) 100vw, 254px\" \/><\/a><\/p>\n<p>La N\u00faria ens envia una foto on ens ensenya el cor que ha dibuixat amb un missatge preci\u00f3s. Estem segurs que aviat ens retrobarem. Nosaltres tamb\u00e9 us trobem a faltar.<\/p>\n<figure class=\"figure wp-caption alignnone\"><a href=\"https:\/\/agora.xtec.cat\/ceip-marinada-barcelona\/wp-content\/uploads\/usu1756\/2020\/03\/IMG_20200325_185225.jpg\"><img loading=\"lazy\" decoding=\"async\" class=\" wp-image-3004\" src=\"https:\/\/agora.xtec.cat\/ceip-marinada-barcelona\/wp-content\/uploads\/usu1756\/2020\/03\/IMG_20200325_185225-768x1024.jpg\" alt=\"\" width=\"300\" height=\"400\" srcset=\"https:\/\/agora.xtec.cat\/ceip-marinada-barcelona\/wp-content\/uploads\/usu1756\/2020\/03\/IMG_20200325_185225-768x1024.jpg 768w, https:\/\/agora.xtec.cat\/ceip-marinada-barcelona\/wp-content\/uploads\/usu1756\/2020\/03\/IMG_20200325_185225-225x300.jpg 225w, https:\/\/agora.xtec.cat\/ceip-marinada-barcelona\/wp-content\/uploads\/usu1756\/2020\/03\/IMG_20200325_185225.jpg 900w\" sizes=\"auto, (max-width: 300px) 100vw, 300px\" \/><\/a><figcaption class=\"wp-caption-text\">Gr\u00e0cies per compartir aquests moments amb nosaltres!!!<\/figcaption><\/figure>\n","protected":false},"excerpt":{"rendered":"<p>Hola!!!<br \/>\nLa Isabel Sofia ens envia un missatge molt important: que ens cuidem molt i que fem cas de totes les recomanacions.<br \/>\nElla tamb\u00e9 ho fa i aprofita una estona per treballar una mica.<br \/>\n<a href=\"https:\/\/agora.xtec.cat\/ceip-marinada-barcelona\/wp-content\/uploads\/usu1756\/2020\/03\/IMG_20200325_193450-1.jpg\"><\/a><a href=\"https:\/\/agora.xtec.cat\/ceip-marinada-barcelona\/wp-content\/uploads\/usu1756\/2020\/03\/IMG_20200325_193439-1.jpg\"><\/a><br \/>\nLa N\u00faria ens envia una foto on ens ensenya el cor que&hellip;  <a href=\"https:\/\/agora.xtec.cat\/ceip-marinada-barcelona\/infantil\/marinada-a-casa-ii\/\" title=\"Read MARINADA A CASA II\">Llegeix m\u00e9s\u00bb<\/a><\/p>\n","protected":false},"author":1,"featured_media":0,"comment_status":"open","ping_status":"closed","sticky":false,"template":"","format":"standard","meta":{"_bbp_topic_count":0,"_bbp_reply_count":0,"_bbp_total_topic_count":0,"_bbp_total_reply_count":0,"_bbp_voice_count":0,"_bbp_anonymous_reply_count":0,"_bbp_topic_count_hidden":0,"_bbp_reply_count_hidden":0,"_bbp_forum_subforum_count":0,"footnotes":""},"categories":[2,80,9,4],"tags":[],"class_list":["post-2998","post","type-post","status-publish","format-standard","hentry","category-infantil","category-families-joemquedoacasa","category-i5","category-portada"],"post_mailing_queue_ids":[],"_links":{"self":[{"href":"https:\/\/agora.xtec.cat\/ceip-marinada-barcelona\/wp-json\/wp\/v2\/posts\/2998","targetHints":{"allow":["GET"]}}],"collection":[{"href":"https:\/\/agora.xtec.cat\/ceip-marinada-barcelona\/wp-json\/wp\/v2\/posts"}],"about":[{"href":"https:\/\/agora.xtec.cat\/ceip-marinada-barcelona\/wp-json\/wp\/v2\/types\/post"}],"author":[{"embeddable":true,"href":"https:\/\/agora.xtec.cat\/ceip-marinada-barcelona\/wp-json\/wp\/v2\/users\/1"}],"replies":[{"embeddable":true,"href":"https:\/\/agora.xtec.cat\/ceip-marinada-barcelona\/wp-json\/wp\/v2\/comments?post=2998"}],"version-history":[{"count":3,"href":"https:\/\/agora.xtec.cat\/ceip-marinada-barcelona\/wp-json\/wp\/v2\/posts\/2998\/revisions"}],"predecessor-version":[{"id":3032,"href":"https:\/\/agora.xtec.cat\/ceip-marinada-barcelona\/wp-json\/wp\/v2\/posts\/2998\/revisions\/3032"}],"wp:attachment":[{"href":"https:\/\/agora.xtec.cat\/ceip-marinada-barcelona\/wp-json\/wp\/v2\/media?parent=2998"}],"wp:term":[{"taxonomy":"category","embeddable":true,"href":"https:\/\/agora.xtec.cat\/ceip-marinada-barcelona\/wp-json\/wp\/v2\/categories?post=2998"},{"taxonomy":"post_tag","embeddable":true,"href":"https:\/\/agora.xtec.cat\/ceip-marinada-barcelona\/wp-json\/wp\/v2\/tags?post=2998"}],"curies":[{"name":"wp","href":"https:\/\/api.w.org\/{rel}","templated":true}]}}