{"id":2965,"date":"2020-03-25T17:40:36","date_gmt":"2020-03-25T16:40:36","guid":{"rendered":"http:\/\/agora.xtec.cat\/ceip-marinada-barcelona\/?p=2965"},"modified":"2020-03-27T22:14:41","modified_gmt":"2020-03-27T21:14:41","slug":"avui-dibuixem-amb-els-numeros","status":"publish","type":"post","link":"https:\/\/agora.xtec.cat\/ceip-marinada-barcelona\/infantil\/avui-dibuixem-amb-els-numeros\/","title":{"rendered":"AVUI DIBUIXEM AMB ELS N\u00daMEROS"},"content":{"rendered":"<p>Bon dia fam\u00edlies!<br \/>\nAvui us deixem algunes propostes que segur que gaudireu!!!<\/p>\n<p>Us adjuntem dos arxius on veureu que tamb\u00e9 podem dibuixar amb els n\u00fameros<\/p>\n<p><a href=\"https:\/\/agora.xtec.cat\/ceip-marinada-barcelona\/wp-content\/uploads\/usu1756\/2020\/03\/dibuixar-amb-numeros.pdf\">Dibuixar amb n\u00fameros<\/a><br \/>\n<a href=\"https:\/\/agora.xtec.cat\/ceip-marinada-barcelona\/wp-content\/uploads\/usu1756\/2020\/03\/Dibuixem-multiplicant.pdf\">Dibuixem multiplicant<\/a><\/p>\n<p>Tamb\u00e9 us volem informa que s&#8217;ha creat un bloc de m\u00fasica. El podeu trobar a la part esquerra de la p\u00e0gina web, sota els recursos educatius.<\/p>\n<p><a href=\"https:\/\/agora.xtec.cat\/ceip-marinada-barcelona\/wp-content\/uploads\/usu1756\/2020\/03\/foto-entrada-bloc-m\u00fasica-e1585218959830.jpg\"><img loading=\"lazy\" decoding=\"async\" class=\"alignnone size-full wp-image-3050\" src=\"https:\/\/agora.xtec.cat\/ceip-marinada-barcelona\/wp-content\/uploads\/usu1756\/2020\/03\/foto-entrada-bloc-m\u00fasica-e1585218959830.jpg\" alt=\"\" width=\"250\" height=\"159\" \/><\/a><\/p>\n<p>&nbsp;<\/p>\n","protected":false},"excerpt":{"rendered":"<p>Bon dia fam\u00edlies!<br \/>\nAvui us deixem algunes propostes que segur que gaudireu!!!<br \/>\nUs adjuntem dos arxius on veureu que tamb\u00e9 podem dibuixar amb els n\u00fameros<br \/>\n<a href=\"https:\/\/agora.xtec.cat\/ceip-marinada-barcelona\/wp-content\/uploads\/usu1756\/2020\/03\/dibuixar-amb-numeros.pdf\">Dibuixar amb n\u00fameros<\/a><br \/>\n<a href=\"https:\/\/agora.xtec.cat\/ceip-marinada-barcelona\/wp-content\/uploads\/usu1756\/2020\/03\/Dibuixem-multiplicant.pdf\">Dibuixem multiplicant<\/a><br \/>\nTamb\u00e9 us volem informa que s&#8217;ha creat un bloc de m\u00fasica. El podeu trobar a la part esquerra&hellip;  <a href=\"https:\/\/agora.xtec.cat\/ceip-marinada-barcelona\/infantil\/avui-dibuixem-amb-els-numeros\/\" title=\"Read AVUI DIBUIXEM AMB ELS N\u00daMEROS\">Llegeix m\u00e9s\u00bb<\/a><\/p>\n","protected":false},"author":1,"featured_media":0,"comment_status":"open","ping_status":"closed","sticky":false,"template":"","format":"standard","meta":{"_bbp_topic_count":0,"_bbp_reply_count":0,"_bbp_total_topic_count":0,"_bbp_total_reply_count":0,"_bbp_voice_count":0,"_bbp_anonymous_reply_count":0,"_bbp_topic_count_hidden":0,"_bbp_reply_count_hidden":0,"_bbp_forum_subforum_count":0,"footnotes":""},"categories":[2,4,5,79],"tags":[],"class_list":["post-2965","post","type-post","status-publish","format-standard","hentry","category-infantil","category-portada","category-primaria","category-recursos-educatius-joemquedoacasa"],"post_mailing_queue_ids":[],"_links":{"self":[{"href":"https:\/\/agora.xtec.cat\/ceip-marinada-barcelona\/wp-json\/wp\/v2\/posts\/2965","targetHints":{"allow":["GET"]}}],"collection":[{"href":"https:\/\/agora.xtec.cat\/ceip-marinada-barcelona\/wp-json\/wp\/v2\/posts"}],"about":[{"href":"https:\/\/agora.xtec.cat\/ceip-marinada-barcelona\/wp-json\/wp\/v2\/types\/post"}],"author":[{"embeddable":true,"href":"https:\/\/agora.xtec.cat\/ceip-marinada-barcelona\/wp-json\/wp\/v2\/users\/1"}],"replies":[{"embeddable":true,"href":"https:\/\/agora.xtec.cat\/ceip-marinada-barcelona\/wp-json\/wp\/v2\/comments?post=2965"}],"version-history":[{"count":3,"href":"https:\/\/agora.xtec.cat\/ceip-marinada-barcelona\/wp-json\/wp\/v2\/posts\/2965\/revisions"}],"predecessor-version":[{"id":3058,"href":"https:\/\/agora.xtec.cat\/ceip-marinada-barcelona\/wp-json\/wp\/v2\/posts\/2965\/revisions\/3058"}],"wp:attachment":[{"href":"https:\/\/agora.xtec.cat\/ceip-marinada-barcelona\/wp-json\/wp\/v2\/media?parent=2965"}],"wp:term":[{"taxonomy":"category","embeddable":true,"href":"https:\/\/agora.xtec.cat\/ceip-marinada-barcelona\/wp-json\/wp\/v2\/categories?post=2965"},{"taxonomy":"post_tag","embeddable":true,"href":"https:\/\/agora.xtec.cat\/ceip-marinada-barcelona\/wp-json\/wp\/v2\/tags?post=2965"}],"curies":[{"name":"wp","href":"https:\/\/api.w.org\/{rel}","templated":true}]}}