{"id":2893,"date":"2020-03-23T16:28:41","date_gmt":"2020-03-23T15:28:41","guid":{"rendered":"http:\/\/agora.xtec.cat\/ceip-marinada-barcelona\/?p=2893"},"modified":"2020-05-05T19:39:57","modified_gmt":"2020-05-05T17:39:57","slug":"cartes-dels-mestres","status":"publish","type":"post","link":"https:\/\/agora.xtec.cat\/ceip-marinada-barcelona\/infantil\/cartes-dels-mestres\/","title":{"rendered":"AVUI VA DE CARTES!!!"},"content":{"rendered":"<p>Hola a tothom! Avui els mestres, des de casa, us enviem unes paraules. Sabeu que no us oblidem, que estem pendents de vosaltres i que us trobem a faltar.<br \/>\nRecordeu que si us ve de gust ens podeu contestar. Ho podeu fer\u00a0 de diferents maneres: una carta, un dibuix, un v\u00eddeo, una can\u00e7\u00f3, un poema, una foto&#8230;Qualsevol mitj\u00e0 que us permeti expressar all\u00f2 que ens voleu dir.<br \/>\n<span style=\"font-family: inherit; font-size: 1em;\">Podeu enviar les vostres respostes als correus dels diferents cicles que trobareu en una de les cartes dels mestres.<br \/>\n<\/span><span style=\"font-family: inherit; font-size: 1em;\">Apa, a llegir!!!<\/span><a href=\"https:\/\/agora.xtec.cat\/ceip-marinada-barcelona\/wp-content\/uploads\/usu1756\/2020\/03\/sobre-e1584957776587.png\"><img loading=\"lazy\" decoding=\"async\" class=\"wp-image-2896 aligncenter\" src=\"https:\/\/agora.xtec.cat\/ceip-marinada-barcelona\/wp-content\/uploads\/usu1756\/2020\/03\/sobre-e1584957776587.png\" alt=\"\" width=\"189\" height=\"194\" \/><\/a><\/p>\n<p><a style=\"color: #2795b6; font-size: 16px;\" href=\"https:\/\/agora.xtec.cat\/ceip-marinada-barcelona\/wp-content\/uploads\/usu1756\/2020\/03\/Carta-Gloria-1.pdf\">Carta Gloria\u00a0<\/a><a style=\"font-size: 16px;\" href=\"https:\/\/agora.xtec.cat\/ceip-marinada-barcelona\/wp-content\/uploads\/usu1756\/2020\/03\/Carta-Gloria.pdf\">\u00a0&#8211;\u00a0<\/a><a style=\"font-size: 16px;\" href=\"https:\/\/agora.xtec.cat\/ceip-marinada-barcelona\/wp-content\/uploads\/usu1756\/2020\/03\/Carta-P3.pdf\">Carta Ma \u00c0ngels &#8211;\u00a0<\/a><a style=\"font-size: 16px;\" href=\"https:\/\/agora.xtec.cat\/ceip-marinada-barcelona\/wp-content\/uploads\/usu1756\/2020\/03\/CARTA-P4.pdf\">Carta N\u00faria i Eva &#8211; <\/a><a href=\"https:\/\/agora.xtec.cat\/ceip-marinada-barcelona\/wp-content\/uploads\/usu1756\/2020\/03\/HOLA-DINOSAURES.pdf\">Carta Conchi <\/a><a href=\"https:\/\/agora.xtec.cat\/ceip-marinada-barcelona\/wp-content\/uploads\/usu1756\/2020\/03\/HOLA-DINOSAURES.pdf\">&#8211; <\/a><a style=\"font-size: 16px;\" href=\"https:\/\/agora.xtec.cat\/ceip-marinada-barcelona\/wp-content\/uploads\/usu1756\/2020\/03\/Carta-1r.pdf\">Carta Julia &#8211;\u00a0<\/a><a style=\"font-size: 16px;\" href=\"https:\/\/agora.xtec.cat\/ceip-marinada-barcelona\/wp-content\/uploads\/usu1756\/2020\/03\/Carta-2n.pdf\">Carta Mayte &#8211;\u00a0<\/a><a style=\"font-size: 16px;\" href=\"https:\/\/agora.xtec.cat\/ceip-marinada-barcelona\/wp-content\/uploads\/usu1756\/2020\/03\/carta-3r.pdf\">Carta Lourdes &#8211;\u00a0<\/a><a style=\"font-size: 16px;\" href=\"https:\/\/agora.xtec.cat\/ceip-marinada-barcelona\/wp-content\/uploads\/usu1756\/2020\/03\/Carta-4t.pdf\">Carta Alegria &#8211;\u00a0<\/a><a style=\"font-size: 16px;\" href=\"https:\/\/agora.xtec.cat\/ceip-marinada-barcelona\/wp-content\/uploads\/usu1756\/2020\/03\/Carta-5\u00e8.pdf\">Carta Nata &#8211;\u00a0<\/a><a style=\"font-size: 16px;\" href=\"https:\/\/agora.xtec.cat\/ceip-marinada-barcelona\/wp-content\/uploads\/usu1756\/2020\/03\/carta-6\u00e8.pdf\">Carta Robert &#8211;\u00a0<\/a><a style=\"font-size: 16px;\" href=\"https:\/\/agora.xtec.cat\/ceip-marinada-barcelona\/wp-content\/uploads\/usu1756\/2020\/03\/Carta-Gema.pdf\">Carta Gema &#8211;\u00a0<\/a><a style=\"font-size: 16px;\" href=\"https:\/\/agora.xtec.cat\/ceip-marinada-barcelona\/wp-content\/uploads\/usu1756\/2020\/03\/Carta-Eva.pdf\">Carta Eva &#8211;\u00a0<\/a><a style=\"font-size: 16px;\" href=\"https:\/\/agora.xtec.cat\/ceip-marinada-barcelona\/wp-content\/uploads\/usu1756\/2020\/03\/Carta-Cec\u00edlia.pdf\">Carta Cec\u00edlia<\/a><\/p>\n<p>Aqu\u00ed us deixem tamb\u00e9 un arc de Sant Mart\u00ed que us envia la Presen.<a href=\"https:\/\/agora.xtec.cat\/ceip-marinada-barcelona\/wp-content\/uploads\/usu1756\/2020\/03\/IMG-20200323-WA0011-1.jpg\"><br \/>\n<img loading=\"lazy\" decoding=\"async\" class=\"wp-image-2923 aligncenter\" src=\"https:\/\/agora.xtec.cat\/ceip-marinada-barcelona\/wp-content\/uploads\/usu1756\/2020\/03\/IMG-20200323-WA0011-1-1024x672.jpg\" alt=\"\" width=\"395\" height=\"259\" srcset=\"https:\/\/agora.xtec.cat\/ceip-marinada-barcelona\/wp-content\/uploads\/usu1756\/2020\/03\/IMG-20200323-WA0011-1-1024x672.jpg 1024w, https:\/\/agora.xtec.cat\/ceip-marinada-barcelona\/wp-content\/uploads\/usu1756\/2020\/03\/IMG-20200323-WA0011-1-300x197.jpg 300w, https:\/\/agora.xtec.cat\/ceip-marinada-barcelona\/wp-content\/uploads\/usu1756\/2020\/03\/IMG-20200323-WA0011-1-768x504.jpg 768w, https:\/\/agora.xtec.cat\/ceip-marinada-barcelona\/wp-content\/uploads\/usu1756\/2020\/03\/IMG-20200323-WA0011-1.jpg 1499w\" sizes=\"auto, (max-width: 395px) 100vw, 395px\" \/><\/a><\/p>\n","protected":false},"excerpt":{"rendered":"<p>Hola a tothom! Avui els mestres, des de casa, us enviem unes paraules. Sabeu que no us oblidem, que estem pendents de vosaltres i que us trobem a faltar.<br \/>\nRecordeu que si us ve de gust ens podeu contestar. Ho podeu fer\u00a0 de diferents maneres: una&hellip;  <a href=\"https:\/\/agora.xtec.cat\/ceip-marinada-barcelona\/infantil\/cartes-dels-mestres\/\" title=\"Read AVUI VA DE CARTES!!!\">Llegeix m\u00e9s\u00bb<\/a><\/p>\n","protected":false},"author":1,"featured_media":0,"comment_status":"open","ping_status":"closed","sticky":false,"template":"","format":"standard","meta":{"_bbp_topic_count":0,"_bbp_reply_count":0,"_bbp_total_topic_count":0,"_bbp_total_reply_count":0,"_bbp_voice_count":0,"_bbp_anonymous_reply_count":0,"_bbp_topic_count_hidden":0,"_bbp_reply_count_hidden":0,"_bbp_forum_subforum_count":0,"footnotes":""},"categories":[10,11,12,13,14,15,2,3,8,9,4,5],"tags":[],"class_list":["post-2893","post","type-post","status-publish","format-standard","hentry","category-1r","category-2n","category-3r","category-4t","category-5e","category-6e","category-infantil","category-i3","category-i4","category-i5","category-portada","category-primaria"],"post_mailing_queue_ids":[],"_links":{"self":[{"href":"https:\/\/agora.xtec.cat\/ceip-marinada-barcelona\/wp-json\/wp\/v2\/posts\/2893","targetHints":{"allow":["GET"]}}],"collection":[{"href":"https:\/\/agora.xtec.cat\/ceip-marinada-barcelona\/wp-json\/wp\/v2\/posts"}],"about":[{"href":"https:\/\/agora.xtec.cat\/ceip-marinada-barcelona\/wp-json\/wp\/v2\/types\/post"}],"author":[{"embeddable":true,"href":"https:\/\/agora.xtec.cat\/ceip-marinada-barcelona\/wp-json\/wp\/v2\/users\/1"}],"replies":[{"embeddable":true,"href":"https:\/\/agora.xtec.cat\/ceip-marinada-barcelona\/wp-json\/wp\/v2\/comments?post=2893"}],"version-history":[{"count":4,"href":"https:\/\/agora.xtec.cat\/ceip-marinada-barcelona\/wp-json\/wp\/v2\/posts\/2893\/revisions"}],"predecessor-version":[{"id":2930,"href":"https:\/\/agora.xtec.cat\/ceip-marinada-barcelona\/wp-json\/wp\/v2\/posts\/2893\/revisions\/2930"}],"wp:attachment":[{"href":"https:\/\/agora.xtec.cat\/ceip-marinada-barcelona\/wp-json\/wp\/v2\/media?parent=2893"}],"wp:term":[{"taxonomy":"category","embeddable":true,"href":"https:\/\/agora.xtec.cat\/ceip-marinada-barcelona\/wp-json\/wp\/v2\/categories?post=2893"},{"taxonomy":"post_tag","embeddable":true,"href":"https:\/\/agora.xtec.cat\/ceip-marinada-barcelona\/wp-json\/wp\/v2\/tags?post=2893"}],"curies":[{"name":"wp","href":"https:\/\/api.w.org\/{rel}","templated":true}]}}