{"id":2743,"date":"2020-03-18T19:13:58","date_gmt":"2020-03-18T18:13:58","guid":{"rendered":"http:\/\/agora.xtec.cat\/ceip-marinada-barcelona\/?p=2743"},"modified":"2020-03-27T22:27:52","modified_gmt":"2020-03-27T21:27:52","slug":"virtul-la-cantania-de-4rt","status":"publish","type":"post","link":"https:\/\/agora.xtec.cat\/ceip-marinada-barcelona\/portada\/virtul-la-cantania-de-4rt\/","title":{"rendered":"VIRTU@L, LA CANT\u00c0NIA DE 4rt"},"content":{"rendered":"<p>Us explicar\u00e9 la hist\u00f2ria d\u2019en Marcel. Un nen que t\u00e9 els pares separats a qui li han regalat un ordinador molt potent. Una nit de tempesta Marcel est\u00e0 a l&#8217;ordinador quan comen\u00e7a a crear una assistenta virtual que es diu Sara. Al caure un llamp a sobre la casa, la Sara cobra vida i comen\u00e7a a tenir una amistad amb en Marcel. En Marcel descobrir\u00e0 un m\u00f3n que el fascinar\u00e0, per\u00f2 deixar\u00e0 de banda als seus amics de sempre&#8230; Fins on arribar\u00e0 el poder de seducci\u00f3 d&#8217;aquest m\u00f3n virtu@l?<a href=\"https:\/\/agora.xtec.cat\/ceip-marinada-barcelona\/wp-content\/uploads\/usu1756\/2020\/03\/Portada_Virtual_alta.jpg\"><img loading=\"lazy\" decoding=\"async\" class=\"wp-image-2742 alignright\" src=\"https:\/\/agora.xtec.cat\/ceip-marinada-barcelona\/wp-content\/uploads\/usu1756\/2020\/03\/Portada_Virtual_alta-1024x1024.jpg\" alt=\"\" width=\"223\" height=\"223\" srcset=\"https:\/\/agora.xtec.cat\/ceip-marinada-barcelona\/wp-content\/uploads\/usu1756\/2020\/03\/Portada_Virtual_alta-1024x1024.jpg 1024w, https:\/\/agora.xtec.cat\/ceip-marinada-barcelona\/wp-content\/uploads\/usu1756\/2020\/03\/Portada_Virtual_alta-150x150.jpg 150w, https:\/\/agora.xtec.cat\/ceip-marinada-barcelona\/wp-content\/uploads\/usu1756\/2020\/03\/Portada_Virtual_alta-300x300.jpg 300w, https:\/\/agora.xtec.cat\/ceip-marinada-barcelona\/wp-content\/uploads\/usu1756\/2020\/03\/Portada_Virtual_alta-768x768.jpg 768w, https:\/\/agora.xtec.cat\/ceip-marinada-barcelona\/wp-content\/uploads\/usu1756\/2020\/03\/Portada_Virtual_alta.jpg 1417w\" sizes=\"auto, (max-width: 223px) 100vw, 223px\" \/><\/a><\/p>\n<p>En aquesta entrada trobareu enlla\u00e7os als v\u00eddeos de les can\u00e7ons i els moviments perqu\u00e8 pugueu continuar assajant a casa.<\/p>\n<p>Comencem! Recordeu que som el cor 3!<\/p>\n<ol start=\"2\">\n<li>\u2018El m\u00f3n digital\u2019<br \/>\nMoviments:\u00a0\u00a0 <a style=\"font-family: inherit; font-size: 1em;\" href=\"https:\/\/www.youtube.com\/watch?v=o-0yo9180jc\">https:\/\/www.youtube.com\/watch?v=o-0yo9180jc<\/a><br \/>\nCan\u00e7\u00f3:\u00a0\u00a0\u00a0\u00a0\u00a0\u00a0\u00a0\u00a0\u00a0 <a style=\"font-family: inherit; font-size: 1em;\" href=\"https:\/\/www.youtube.com\/watch?v=1-g1iGWYk78\">https:\/\/www.youtube.com\/watch?v=1-g1iGWYk78<\/a><\/li>\n<\/ol>\n<ol start=\"3\">\n<li>\u2018El blues d\u2019en Marcel\u2019<br \/>\nMoviments:\u00a0\u00a0 <a style=\"font-family: inherit; font-size: 1em;\" href=\"https:\/\/www.youtube.com\/watch?v=-nXnQFbTr-M\">https:\/\/www.youtube.com\/watch?v=-nXnQFbTr-M<\/a><br \/>\nCan\u00e7\u00f3:\u00a0\u00a0\u00a0\u00a0\u00a0\u00a0\u00a0\u00a0\u00a0 <a style=\"font-family: inherit; font-size: 1em;\" href=\"https:\/\/www.youtube.com\/watch?v=cJmxwyLbUnA\">https:\/\/www.youtube.com\/watch?v=cJmxwyLbUnA<\/a><\/li>\n<\/ol>\n<ol start=\"4\">\n<li>\u2018 La creaci\u00f3 de la Sara\u2019<br \/>\nMoviments:\u00a0\u00a0 <a style=\"font-family: inherit; font-size: 1em;\" href=\"https:\/\/www.youtube.com\/watch?v=JdoLqjx_qAk\">https:\/\/www.youtube.com\/watch?v=JdoLqjx_qAk<\/a><br \/>\nCan\u00e7\u00f3:\u00a0\u00a0\u00a0\u00a0\u00a0\u00a0\u00a0\u00a0\u00a0\u00a0 <a style=\"font-family: inherit; font-size: 1em;\" href=\"https:\/\/www.youtube.com\/watch?v=5mi5yDLzT68\">https:\/\/www.youtube.com\/watch?v=5mi5yDLzT68<\/a><\/li>\n<\/ol>\n<p>&nbsp;<\/p>\n","protected":false},"excerpt":{"rendered":"<p>Us explicar\u00e9 la hist\u00f2ria d\u2019en Marcel. Un nen que t\u00e9 els pares separats a qui li han regalat un ordinador molt potent. Una nit de tempesta Marcel est\u00e0 a l&#8217;ordinador quan comen\u00e7a a crear una assistenta virtual que es diu Sara. Al caure un llamp&hellip;  <a href=\"https:\/\/agora.xtec.cat\/ceip-marinada-barcelona\/portada\/virtul-la-cantania-de-4rt\/\" title=\"Read VIRTU@L, LA CANT\u00c0NIA DE 4rt\">Llegeix m\u00e9s\u00bb<\/a><\/p>\n","protected":false},"author":1,"featured_media":0,"comment_status":"open","ping_status":"closed","sticky":false,"template":"","format":"standard","meta":{"_bbp_topic_count":0,"_bbp_reply_count":0,"_bbp_total_topic_count":0,"_bbp_total_reply_count":0,"_bbp_voice_count":0,"_bbp_anonymous_reply_count":0,"_bbp_topic_count_hidden":0,"_bbp_reply_count_hidden":0,"_bbp_forum_subforum_count":0,"footnotes":""},"categories":[13,4,5,79],"tags":[],"class_list":["post-2743","post","type-post","status-publish","format-standard","hentry","category-4t","category-portada","category-primaria","category-recursos-educatius-joemquedoacasa"],"post_mailing_queue_ids":[],"_links":{"self":[{"href":"https:\/\/agora.xtec.cat\/ceip-marinada-barcelona\/wp-json\/wp\/v2\/posts\/2743","targetHints":{"allow":["GET"]}}],"collection":[{"href":"https:\/\/agora.xtec.cat\/ceip-marinada-barcelona\/wp-json\/wp\/v2\/posts"}],"about":[{"href":"https:\/\/agora.xtec.cat\/ceip-marinada-barcelona\/wp-json\/wp\/v2\/types\/post"}],"author":[{"embeddable":true,"href":"https:\/\/agora.xtec.cat\/ceip-marinada-barcelona\/wp-json\/wp\/v2\/users\/1"}],"replies":[{"embeddable":true,"href":"https:\/\/agora.xtec.cat\/ceip-marinada-barcelona\/wp-json\/wp\/v2\/comments?post=2743"}],"version-history":[{"count":3,"href":"https:\/\/agora.xtec.cat\/ceip-marinada-barcelona\/wp-json\/wp\/v2\/posts\/2743\/revisions"}],"predecessor-version":[{"id":3092,"href":"https:\/\/agora.xtec.cat\/ceip-marinada-barcelona\/wp-json\/wp\/v2\/posts\/2743\/revisions\/3092"}],"wp:attachment":[{"href":"https:\/\/agora.xtec.cat\/ceip-marinada-barcelona\/wp-json\/wp\/v2\/media?parent=2743"}],"wp:term":[{"taxonomy":"category","embeddable":true,"href":"https:\/\/agora.xtec.cat\/ceip-marinada-barcelona\/wp-json\/wp\/v2\/categories?post=2743"},{"taxonomy":"post_tag","embeddable":true,"href":"https:\/\/agora.xtec.cat\/ceip-marinada-barcelona\/wp-json\/wp\/v2\/tags?post=2743"}],"curies":[{"name":"wp","href":"https:\/\/api.w.org\/{rel}","templated":true}]}}