{"id":2561,"date":"2020-03-01T19:10:40","date_gmt":"2020-03-01T18:10:40","guid":{"rendered":"http:\/\/agora.xtec.cat\/ceip-marinada-barcelona\/?p=2561"},"modified":"2021-02-20T17:56:39","modified_gmt":"2021-02-20T16:56:39","slug":"dia-de-la-pau-2020","status":"publish","type":"post","link":"https:\/\/agora.xtec.cat\/ceip-marinada-barcelona\/general\/dia-de-la-pau-2020\/","title":{"rendered":"Dia de la Pau 2020"},"content":{"rendered":"<p><a href=\"https:\/\/agora.xtec.cat\/ceip-marinada-barcelona\/wp-content\/uploads\/usu1756\/2020\/03\/dia-de-la-pau-2020.jpg\"><img loading=\"lazy\" decoding=\"async\" class=\"wp-image-2570 aligncenter\" src=\"https:\/\/agora.xtec.cat\/ceip-marinada-barcelona\/wp-content\/uploads\/usu1756\/2020\/03\/dia-de-la-pau-2020-1024x683.jpg\" alt=\"\" width=\"527\" height=\"351\" srcset=\"https:\/\/agora.xtec.cat\/ceip-marinada-barcelona\/wp-content\/uploads\/usu1756\/2020\/03\/dia-de-la-pau-2020-1024x683.jpg 1024w, https:\/\/agora.xtec.cat\/ceip-marinada-barcelona\/wp-content\/uploads\/usu1756\/2020\/03\/dia-de-la-pau-2020-300x200.jpg 300w, https:\/\/agora.xtec.cat\/ceip-marinada-barcelona\/wp-content\/uploads\/usu1756\/2020\/03\/dia-de-la-pau-2020-768x512.jpg 768w\" sizes=\"auto, (max-width: 527px) 100vw, 527px\" \/><\/a><\/p>\n<p style=\"text-align: left;\">Avui a l\u2019escola\u00a0 hem celebrat el DENIP (Dia escolar la no viol\u00e8ncia i de la pau). Aquest any hem fet les lletres de la paraula Pau i, alumnes i mestres, les hem omplert de missatges. Despr\u00e9s ens hem reunit al seu voltant per cantar una can\u00e7\u00f3 dedicada a la Pau i les fam\u00edlies s&#8217;han unit a nosaltres per cantar i per escriure missatges de PAU.<\/p>\n<p style=\"text-align: center;\"><iframe loading=\"lazy\" src=\"https:\/\/www.youtube.com\/embed\/PGvDopwSPcY\" width=\"560\" height=\"315\" frameborder=\"0\"><\/iframe><br \/>\n<iframe loading=\"lazy\" src=\"https:\/\/www.youtube.com\/embed\/L9Lprbywhdg\" width=\"560\" height=\"315\" frameborder=\"0\"><\/iframe><\/p>\n","protected":false},"excerpt":{"rendered":"<p><a href=\"https:\/\/agora.xtec.cat\/ceip-marinada-barcelona\/wp-content\/uploads\/usu1756\/2020\/03\/dia-de-la-pau-2020.jpg\"><\/a><br \/>\nAvui a l\u2019escola\u00a0 hem celebrat el DENIP (Dia escolar la no viol\u00e8ncia i de la pau). Aquest any hem fet les lletres de la paraula Pau i, alumnes i mestres, les hem omplert de missatges. Despr\u00e9s ens hem reunit al seu voltant per cantar&hellip;  <a href=\"https:\/\/agora.xtec.cat\/ceip-marinada-barcelona\/general\/dia-de-la-pau-2020\/\" title=\"Read Dia de la Pau 2020\">Llegeix m\u00e9s\u00bb<\/a><\/p>\n","protected":false},"author":1,"featured_media":0,"comment_status":"open","ping_status":"closed","sticky":false,"template":"","format":"standard","meta":{"_bbp_topic_count":0,"_bbp_reply_count":0,"_bbp_total_topic_count":0,"_bbp_total_reply_count":0,"_bbp_voice_count":0,"_bbp_anonymous_reply_count":0,"_bbp_topic_count_hidden":0,"_bbp_reply_count_hidden":0,"_bbp_forum_subforum_count":0,"footnotes":""},"categories":[10,11,12,13,14,15,88,89,90,2,1,3,8,9,4,5],"tags":[],"class_list":["post-2561","post","type-post","status-publish","format-standard","hentry","category-1r","category-2n","category-3r","category-4t","category-5e","category-6e","category-inicial","category-mitja","category-superior","category-infantil","category-general","category-i3","category-i4","category-i5","category-portada","category-primaria"],"post_mailing_queue_ids":[],"_links":{"self":[{"href":"https:\/\/agora.xtec.cat\/ceip-marinada-barcelona\/wp-json\/wp\/v2\/posts\/2561","targetHints":{"allow":["GET"]}}],"collection":[{"href":"https:\/\/agora.xtec.cat\/ceip-marinada-barcelona\/wp-json\/wp\/v2\/posts"}],"about":[{"href":"https:\/\/agora.xtec.cat\/ceip-marinada-barcelona\/wp-json\/wp\/v2\/types\/post"}],"author":[{"embeddable":true,"href":"https:\/\/agora.xtec.cat\/ceip-marinada-barcelona\/wp-json\/wp\/v2\/users\/1"}],"replies":[{"embeddable":true,"href":"https:\/\/agora.xtec.cat\/ceip-marinada-barcelona\/wp-json\/wp\/v2\/comments?post=2561"}],"version-history":[{"count":4,"href":"https:\/\/agora.xtec.cat\/ceip-marinada-barcelona\/wp-json\/wp\/v2\/posts\/2561\/revisions"}],"predecessor-version":[{"id":2855,"href":"https:\/\/agora.xtec.cat\/ceip-marinada-barcelona\/wp-json\/wp\/v2\/posts\/2561\/revisions\/2855"}],"wp:attachment":[{"href":"https:\/\/agora.xtec.cat\/ceip-marinada-barcelona\/wp-json\/wp\/v2\/media?parent=2561"}],"wp:term":[{"taxonomy":"category","embeddable":true,"href":"https:\/\/agora.xtec.cat\/ceip-marinada-barcelona\/wp-json\/wp\/v2\/categories?post=2561"},{"taxonomy":"post_tag","embeddable":true,"href":"https:\/\/agora.xtec.cat\/ceip-marinada-barcelona\/wp-json\/wp\/v2\/tags?post=2561"}],"curies":[{"name":"wp","href":"https:\/\/api.w.org\/{rel}","templated":true}]}}