{"id":2515,"date":"2020-02-20T12:32:14","date_gmt":"2020-02-20T11:32:14","guid":{"rendered":"http:\/\/agora.xtec.cat\/ceip-marinada-barcelona\/?p=2515"},"modified":"2020-03-21T18:11:07","modified_gmt":"2020-03-21T17:11:07","slug":"infantil-visita-la-cripta-de-la-colonia-guell","status":"publish","type":"post","link":"https:\/\/agora.xtec.cat\/ceip-marinada-barcelona\/infantil\/infantil-visita-la-cripta-de-la-colonia-guell\/","title":{"rendered":"Infantil visita la Cripta de la Col\u00f2nia G\u00fcell"},"content":{"rendered":"<p>El dia 31 de gener els nens i nenes d&#8217;infantil hem visitat la Cripta de la Col\u00f2nia G\u00fcell.<br \/>\nUn dels tallers que estem realitzant aquest curs \u00e9s el de Gaud\u00ed, per aix\u00f2 he anat a visitar la Cripta de la Col\u00f2nia G\u00fcell.<br \/>\nEn ella ens vam trobar amb el Sr. Gaudi i el Sr. G\u00fcell.\u00a0 Ens van explicar algunes coses.<br \/>\nA les classes hem parlat de l\u2019excursi\u00f3 i continuem aprenent moltes coses de l\u2019obra de Gaudi.<\/p>\n<p style=\"text-align: center;\"><iframe loading=\"lazy\" src=\"https:\/\/www.youtube.com\/embed\/Gmsfo8YFQIg\" width=\"560\" height=\"315\" frameborder=\"0\"><\/iframe><\/p>\n","protected":false},"excerpt":{"rendered":"<p>El dia 31 de gener els nens i nenes d&#8217;infantil hem visitat la Cripta de la Col\u00f2nia G\u00fcell.<br \/>\nUn dels tallers que estem realitzant aquest curs \u00e9s el de Gaud\u00ed, per aix\u00f2 he anat a visitar la Cripta de la Col\u00f2nia G\u00fcell.<br \/>\nEn ella ens vam trobar&hellip;  <a href=\"https:\/\/agora.xtec.cat\/ceip-marinada-barcelona\/infantil\/infantil-visita-la-cripta-de-la-colonia-guell\/\" title=\"Read Infantil visita la Cripta de la Col\u00f2nia G\u00fcell\">Llegeix m\u00e9s\u00bb<\/a><\/p>\n","protected":false},"author":1,"featured_media":0,"comment_status":"open","ping_status":"closed","sticky":false,"template":"","format":"standard","meta":{"_bbp_topic_count":0,"_bbp_reply_count":0,"_bbp_total_topic_count":0,"_bbp_total_reply_count":0,"_bbp_voice_count":0,"_bbp_anonymous_reply_count":0,"_bbp_topic_count_hidden":0,"_bbp_reply_count_hidden":0,"_bbp_forum_subforum_count":0,"footnotes":""},"categories":[2,3,8,9,4],"tags":[],"class_list":["post-2515","post","type-post","status-publish","format-standard","hentry","category-infantil","category-i3","category-i4","category-i5","category-portada"],"post_mailing_queue_ids":[],"_links":{"self":[{"href":"https:\/\/agora.xtec.cat\/ceip-marinada-barcelona\/wp-json\/wp\/v2\/posts\/2515","targetHints":{"allow":["GET"]}}],"collection":[{"href":"https:\/\/agora.xtec.cat\/ceip-marinada-barcelona\/wp-json\/wp\/v2\/posts"}],"about":[{"href":"https:\/\/agora.xtec.cat\/ceip-marinada-barcelona\/wp-json\/wp\/v2\/types\/post"}],"author":[{"embeddable":true,"href":"https:\/\/agora.xtec.cat\/ceip-marinada-barcelona\/wp-json\/wp\/v2\/users\/1"}],"replies":[{"embeddable":true,"href":"https:\/\/agora.xtec.cat\/ceip-marinada-barcelona\/wp-json\/wp\/v2\/comments?post=2515"}],"version-history":[{"count":3,"href":"https:\/\/agora.xtec.cat\/ceip-marinada-barcelona\/wp-json\/wp\/v2\/posts\/2515\/revisions"}],"predecessor-version":[{"id":2857,"href":"https:\/\/agora.xtec.cat\/ceip-marinada-barcelona\/wp-json\/wp\/v2\/posts\/2515\/revisions\/2857"}],"wp:attachment":[{"href":"https:\/\/agora.xtec.cat\/ceip-marinada-barcelona\/wp-json\/wp\/v2\/media?parent=2515"}],"wp:term":[{"taxonomy":"category","embeddable":true,"href":"https:\/\/agora.xtec.cat\/ceip-marinada-barcelona\/wp-json\/wp\/v2\/categories?post=2515"},{"taxonomy":"post_tag","embeddable":true,"href":"https:\/\/agora.xtec.cat\/ceip-marinada-barcelona\/wp-json\/wp\/v2\/tags?post=2515"}],"curies":[{"name":"wp","href":"https:\/\/api.w.org\/{rel}","templated":true}]}}