{"id":2382,"date":"2019-12-07T18:54:18","date_gmt":"2019-12-07T17:54:18","guid":{"rendered":"http:\/\/agora.xtec.cat\/ceip-marinada-barcelona\/?p=2382"},"modified":"2021-02-20T18:08:59","modified_gmt":"2021-02-20T17:08:59","slug":"cs-visita-el-museu-de-les-matematiques","status":"publish","type":"post","link":"https:\/\/agora.xtec.cat\/ceip-marinada-barcelona\/portada\/cs-visita-el-museu-de-les-matematiques\/","title":{"rendered":"CS visita el Museu de les Matem\u00e0tiques"},"content":{"rendered":"<p>El dia 27 de novembre, les noies i els nois de CS vam visitar el Museu de les Matem\u00e0tiques. Abans de realitzar la visita vam passar una bona estona del parc de Can Mercader, on vam jugar i gaudir de l&#8217;espai.<\/p>\n<p style=\"text-align: center;\"><iframe loading=\"lazy\" src=\"https:\/\/www.youtube.com\/embed\/v7n0apMsF98\" width=\"560\" height=\"315\" frameborder=\"0\"><\/iframe><\/p>\n<p>Al museu teniem m\u00e9s de 100 reptes amb material manipulables, \u00a0objectes i situacions atractives que plantejaven un seguit de problemes pr\u00e0ctics per resoldre.<br \/>\nEl Milo, un dels monitors ens va explicar la llegenda de les Torres de Hanoi: &#8221; Al gran temple de Benar\u00e9s, per sota de la c\u00fapula que marca el centre del m\u00f3n, hi ha tres agulles. En una d&#8217;aquestes agulles, un d\u00e9u va posar als inicis dels segles, seixanta-quatre discos d&#8217;or pur, el m\u00e9s gran sota de tots i els altres, cada vegada m\u00e9s petits, sobre seu. Nit i dia, els monjos treballen movent els discos d&#8217;or sense desviar-se de les regles immutables imposades pels d\u00e9us. Quan hagin aconseguit traslladar tota la torre a la tercera agulla, arribar\u00e0 la fi del m\u00f3n&#8221;<br \/>\n<sup id=\"cite_ref-1\" class=\"reference\"><\/sup>Tamb\u00e9 ens va dir que si la llegenda fos certa, i si els sacerdots poguessin moure un disc cada segon, utilitzant el menor nombre de moviments, completar la feina els portaria aproximadament \u00a0585.000 milions d&#8217;anys,<sup id=\"cite_ref-3\" class=\"reference separada\"><\/sup>\u200baproximadament 42 vegades l&#8217;edat actual de l&#8217;univers.<\/p>\n<p>Va ser un dia espectacular!!!<\/p>\n<p>&nbsp;<\/p>\n","protected":false},"excerpt":{"rendered":"<p>El dia 27 de novembre, les noies i els nois de CS vam visitar el Museu de les Matem\u00e0tiques. Abans de realitzar la visita vam passar una bona estona del parc de Can Mercader, on vam jugar i gaudir de l&#8217;espai.<\/p>\n<p>Al museu teniem m\u00e9s de&hellip;  <a href=\"https:\/\/agora.xtec.cat\/ceip-marinada-barcelona\/portada\/cs-visita-el-museu-de-les-matematiques\/\" title=\"Read CS visita el Museu de les Matem\u00e0tiques\">Llegeix m\u00e9s\u00bb<\/a><\/p>\n","protected":false},"author":1,"featured_media":0,"comment_status":"open","ping_status":"closed","sticky":false,"template":"","format":"standard","meta":{"_bbp_topic_count":0,"_bbp_reply_count":0,"_bbp_total_topic_count":0,"_bbp_total_reply_count":0,"_bbp_voice_count":0,"_bbp_anonymous_reply_count":0,"_bbp_topic_count_hidden":0,"_bbp_reply_count_hidden":0,"_bbp_forum_subforum_count":0,"footnotes":""},"categories":[14,15,90,4,5],"tags":[],"class_list":["post-2382","post","type-post","status-publish","format-standard","hentry","category-5e","category-6e","category-superior","category-portada","category-primaria"],"post_mailing_queue_ids":[],"_links":{"self":[{"href":"https:\/\/agora.xtec.cat\/ceip-marinada-barcelona\/wp-json\/wp\/v2\/posts\/2382","targetHints":{"allow":["GET"]}}],"collection":[{"href":"https:\/\/agora.xtec.cat\/ceip-marinada-barcelona\/wp-json\/wp\/v2\/posts"}],"about":[{"href":"https:\/\/agora.xtec.cat\/ceip-marinada-barcelona\/wp-json\/wp\/v2\/types\/post"}],"author":[{"embeddable":true,"href":"https:\/\/agora.xtec.cat\/ceip-marinada-barcelona\/wp-json\/wp\/v2\/users\/1"}],"replies":[{"embeddable":true,"href":"https:\/\/agora.xtec.cat\/ceip-marinada-barcelona\/wp-json\/wp\/v2\/comments?post=2382"}],"version-history":[{"count":3,"href":"https:\/\/agora.xtec.cat\/ceip-marinada-barcelona\/wp-json\/wp\/v2\/posts\/2382\/revisions"}],"predecessor-version":[{"id":2859,"href":"https:\/\/agora.xtec.cat\/ceip-marinada-barcelona\/wp-json\/wp\/v2\/posts\/2382\/revisions\/2859"}],"wp:attachment":[{"href":"https:\/\/agora.xtec.cat\/ceip-marinada-barcelona\/wp-json\/wp\/v2\/media?parent=2382"}],"wp:term":[{"taxonomy":"category","embeddable":true,"href":"https:\/\/agora.xtec.cat\/ceip-marinada-barcelona\/wp-json\/wp\/v2\/categories?post=2382"},{"taxonomy":"post_tag","embeddable":true,"href":"https:\/\/agora.xtec.cat\/ceip-marinada-barcelona\/wp-json\/wp\/v2\/tags?post=2382"}],"curies":[{"name":"wp","href":"https:\/\/api.w.org\/{rel}","templated":true}]}}