{"id":2353,"date":"2019-11-24T20:30:24","date_gmt":"2019-11-24T19:30:24","guid":{"rendered":"http:\/\/agora.xtec.cat\/ceip-marinada-barcelona\/?p=2353"},"modified":"2021-02-20T18:12:42","modified_gmt":"2021-02-20T17:12:42","slug":"cs-i-els-drets-dels-infants","status":"publish","type":"post","link":"https:\/\/agora.xtec.cat\/ceip-marinada-barcelona\/portada\/cs-i-els-drets-dels-infants\/","title":{"rendered":"CS i els drets dels infants"},"content":{"rendered":"<p>Aquest any \u00e9s celebra el\u00a0<strong>30\u00e8 aniversari<\/strong>\u00a0de la\u00a0<strong>Convenci\u00f3 sobre els Drets de l\u2019Infant, per la qual els estats signataris es van comprometre a\u00a0tenir cura dels infants.<br \/>\nE<\/strong>l<strong>\u00a0Cicle de Cinema dels Drets dels Infants<\/strong>\u00a0centra la mirada en els drets dels infants a la\u00a0<strong>cura<\/strong>\u00a0i a la\u00a0<strong>protecci\u00f3<\/strong>, per tal d\u2019assegurar-los tota l\u2019<strong>atenci\u00f3 necess\u00e0ria<\/strong>\u00a0per al seu benestar.<\/p>\n<table class=\" aligncenter\" style=\"height: 211px; width: 631px;\" width=\"631\">\n<tbody>\n<tr style=\"height: 211px;\">\n<td style=\"width: 387px; height: 211px;\"><a href=\"https:\/\/agora.xtec.cat\/ceip-marinada-barcelona\/wp-content\/uploads\/usu1756\/2019\/11\/IMG-20191114-WA0002.jpg\"><img loading=\"lazy\" decoding=\"async\" class=\"alignnone wp-image-2337\" src=\"https:\/\/agora.xtec.cat\/ceip-marinada-barcelona\/wp-content\/uploads\/usu1756\/2019\/11\/IMG-20191114-WA0002-1024x768.jpg\" alt=\"\" width=\"374\" height=\"281\" \/><\/a><\/td>\n<td style=\"width: 236px; height: 211px; text-align: center;\"><a href=\"https:\/\/agora.xtec.cat\/ceip-marinada-barcelona\/wp-content\/uploads\/usu1756\/2019\/11\/IMG-20191114-WA0004.jpg\"><img loading=\"lazy\" decoding=\"async\" class=\"alignnone wp-image-2338 alignleft\" src=\"https:\/\/agora.xtec.cat\/ceip-marinada-barcelona\/wp-content\/uploads\/usu1756\/2019\/11\/IMG-20191114-WA0004-768x1024.jpg\" alt=\"\" width=\"212\" height=\"283\" srcset=\"https:\/\/agora.xtec.cat\/ceip-marinada-barcelona\/wp-content\/uploads\/usu1756\/2019\/11\/IMG-20191114-WA0004-768x1024.jpg 768w, https:\/\/agora.xtec.cat\/ceip-marinada-barcelona\/wp-content\/uploads\/usu1756\/2019\/11\/IMG-20191114-WA0004-225x300.jpg 225w, https:\/\/agora.xtec.cat\/ceip-marinada-barcelona\/wp-content\/uploads\/usu1756\/2019\/11\/IMG-20191114-WA0004.jpg 1536w\" sizes=\"auto, (max-width: 212px) 100vw, 212px\" \/><\/a><\/td>\n<\/tr>\n<\/tbody>\n<\/table>\n<p>&nbsp;<\/p>\n<p>&nbsp;<\/p>\n<p>&nbsp;<\/p>\n<p>Les noies i els nois de CS hem vist &#8220;La vida d&#8217;en Carbass\u00f3&#8221;, un llargmetratge de <i>stop motion<\/i> (animaci\u00f3 de ninots).<\/p>\n<p><strong>A 5\u00e8<\/strong> les idees principals que hem comentat a l&#8217;aula abans d&#8217;anar al cinema s\u00f3n:<br \/>\n1. Tots els nens i totes les nenes necessiten una llar, una fam\u00edlia, una casa i amics i amigues que els cuidin.<br \/>\n2.Tots els nens i totes les nenes tenen dret a ser feli\u00e7os, tenir amor i sentir-se estimats per les persones m\u00e9s properes.<br \/>\n3.Tothom necessita menjar per viure,vestir-se i cr\u00e9ixer sans.<br \/>\n4. Necessitem metges, medicines i recursos sanitaris per cr\u00e9ixer amb bona salut.<\/p>\n<p><strong>A 6\u00e8<\/strong> les idees principals que hem comentat a l&#8217;aula abans d&#8217;anar al cinema s\u00f3n:<br \/>\n1. Les nenes i els nens\u00a0 sempre estimen els pares incondicionalment perqu\u00e8 s\u00f3n l&#8217;\u00fanic que coneixen i, en canvi, els pares no sempre estimen els seus fills.<br \/>\n2.Ens costa d&#8217;entendre perqu\u00e8 hi ha persones que tenen fills sense voler-los ni estimar-los ja que ara existeixen diferents m\u00e8todes per no tenir-los o institucions que se&#8217;n fan c\u00e0rrec.<br \/>\n3. Creiem que en aquests centres, els nens i les nenes es recolzen molt els uns\/ les unes amb els\/les altres perqu\u00e8 estan en situacions molt similars i es comprenen.<\/p>\n","protected":false},"excerpt":{"rendered":"<p>Aquest any \u00e9s celebra el\u00a030\u00e8 aniversari\u00a0de la\u00a0Convenci\u00f3 sobre els Drets de l\u2019Infant, per la qual els estats signataris es van comprometre a\u00a0tenir cura dels infants.<br \/>\nEl\u00a0Cicle de Cinema dels Drets dels Infants\u00a0centra la mirada en els drets dels infants a la\u00a0cura\u00a0i a la\u00a0protecci\u00f3, per tal d\u2019assegurar-los&hellip;  <a href=\"https:\/\/agora.xtec.cat\/ceip-marinada-barcelona\/portada\/cs-i-els-drets-dels-infants\/\" title=\"Read CS i els drets dels infants\">Llegeix m\u00e9s\u00bb<\/a><\/p>\n","protected":false},"author":1,"featured_media":2337,"comment_status":"open","ping_status":"closed","sticky":false,"template":"","format":"standard","meta":{"_bbp_topic_count":0,"_bbp_reply_count":0,"_bbp_total_topic_count":0,"_bbp_total_reply_count":0,"_bbp_voice_count":0,"_bbp_anonymous_reply_count":0,"_bbp_topic_count_hidden":0,"_bbp_reply_count_hidden":0,"_bbp_forum_subforum_count":0,"footnotes":""},"categories":[14,15,90,4,5],"tags":[],"class_list":["post-2353","post","type-post","status-publish","format-standard","has-post-thumbnail","hentry","category-5e","category-6e","category-superior","category-portada","category-primaria"],"post_mailing_queue_ids":[],"_links":{"self":[{"href":"https:\/\/agora.xtec.cat\/ceip-marinada-barcelona\/wp-json\/wp\/v2\/posts\/2353","targetHints":{"allow":["GET"]}}],"collection":[{"href":"https:\/\/agora.xtec.cat\/ceip-marinada-barcelona\/wp-json\/wp\/v2\/posts"}],"about":[{"href":"https:\/\/agora.xtec.cat\/ceip-marinada-barcelona\/wp-json\/wp\/v2\/types\/post"}],"author":[{"embeddable":true,"href":"https:\/\/agora.xtec.cat\/ceip-marinada-barcelona\/wp-json\/wp\/v2\/users\/1"}],"replies":[{"embeddable":true,"href":"https:\/\/agora.xtec.cat\/ceip-marinada-barcelona\/wp-json\/wp\/v2\/comments?post=2353"}],"version-history":[{"count":3,"href":"https:\/\/agora.xtec.cat\/ceip-marinada-barcelona\/wp-json\/wp\/v2\/posts\/2353\/revisions"}],"predecessor-version":[{"id":2357,"href":"https:\/\/agora.xtec.cat\/ceip-marinada-barcelona\/wp-json\/wp\/v2\/posts\/2353\/revisions\/2357"}],"wp:featuredmedia":[{"embeddable":true,"href":"https:\/\/agora.xtec.cat\/ceip-marinada-barcelona\/wp-json\/wp\/v2\/media\/2337"}],"wp:attachment":[{"href":"https:\/\/agora.xtec.cat\/ceip-marinada-barcelona\/wp-json\/wp\/v2\/media?parent=2353"}],"wp:term":[{"taxonomy":"category","embeddable":true,"href":"https:\/\/agora.xtec.cat\/ceip-marinada-barcelona\/wp-json\/wp\/v2\/categories?post=2353"},{"taxonomy":"post_tag","embeddable":true,"href":"https:\/\/agora.xtec.cat\/ceip-marinada-barcelona\/wp-json\/wp\/v2\/tags?post=2353"}],"curies":[{"name":"wp","href":"https:\/\/api.w.org\/{rel}","templated":true}]}}