{"id":2303,"date":"2019-11-09T19:36:49","date_gmt":"2019-11-09T18:36:49","guid":{"rendered":"http:\/\/agora.xtec.cat\/ceip-marinada-barcelona\/?p=2303"},"modified":"2021-02-20T18:17:07","modified_gmt":"2021-02-20T17:17:07","slug":"festa-de-la-castanyada","status":"publish","type":"post","link":"https:\/\/agora.xtec.cat\/ceip-marinada-barcelona\/general\/festa-de-la-castanyada\/","title":{"rendered":"Festa de la Castanyada"},"content":{"rendered":"<p style=\"text-align: left;\">Un curs mes,\u00a0 les nenes i els nens de l&#8217;escola hem celebrat la festa de la Castanyada.<br \/>\nLa tarda del dia 31 d&#8217;octubre hem menjat junts les castanyes. Despr\u00e9s, amb els pares, em fet un tastet del que hav\u00edem realitzat als tallers de cuina del mat\u00ed, hem escoltat m\u00fasica i hem ballat.<br \/>\nLa veritat tot estava delici\u00f3s i ens ho vam passar molt b\u00e9.<\/p>\n<p style=\"text-align: center;\"><iframe loading=\"lazy\" src=\"https:\/\/www.youtube.com\/embed\/haP0G56Y2Hg\" width=\"560\" height=\"315\" frameborder=\"0\"><\/iframe><\/p>\n","protected":false},"excerpt":{"rendered":"<p>Un curs mes,\u00a0 les nenes i els nens de l&#8217;escola hem celebrat la festa de la Castanyada.<br \/>\nLa tarda del dia 31 d&#8217;octubre hem menjat junts les castanyes. Despr\u00e9s, amb els pares, em fet un tastet del que hav\u00edem realitzat als tallers de cuina del mat\u00ed,&hellip;  <a href=\"https:\/\/agora.xtec.cat\/ceip-marinada-barcelona\/general\/festa-de-la-castanyada\/\" title=\"Read Festa de la Castanyada\">Llegeix m\u00e9s\u00bb<\/a><\/p>\n","protected":false},"author":1,"featured_media":0,"comment_status":"open","ping_status":"closed","sticky":false,"template":"","format":"standard","meta":{"_bbp_topic_count":0,"_bbp_reply_count":0,"_bbp_total_topic_count":0,"_bbp_total_reply_count":0,"_bbp_voice_count":0,"_bbp_anonymous_reply_count":0,"_bbp_topic_count_hidden":0,"_bbp_reply_count_hidden":0,"_bbp_forum_subforum_count":0,"footnotes":""},"categories":[10,11,12,13,14,15,88,89,90,2,1,3,8,9,4,5],"tags":[],"class_list":["post-2303","post","type-post","status-publish","format-standard","hentry","category-1r","category-2n","category-3r","category-4t","category-5e","category-6e","category-inicial","category-mitja","category-superior","category-infantil","category-general","category-i3","category-i4","category-i5","category-portada","category-primaria"],"post_mailing_queue_ids":[],"_links":{"self":[{"href":"https:\/\/agora.xtec.cat\/ceip-marinada-barcelona\/wp-json\/wp\/v2\/posts\/2303","targetHints":{"allow":["GET"]}}],"collection":[{"href":"https:\/\/agora.xtec.cat\/ceip-marinada-barcelona\/wp-json\/wp\/v2\/posts"}],"about":[{"href":"https:\/\/agora.xtec.cat\/ceip-marinada-barcelona\/wp-json\/wp\/v2\/types\/post"}],"author":[{"embeddable":true,"href":"https:\/\/agora.xtec.cat\/ceip-marinada-barcelona\/wp-json\/wp\/v2\/users\/1"}],"replies":[{"embeddable":true,"href":"https:\/\/agora.xtec.cat\/ceip-marinada-barcelona\/wp-json\/wp\/v2\/comments?post=2303"}],"version-history":[{"count":4,"href":"https:\/\/agora.xtec.cat\/ceip-marinada-barcelona\/wp-json\/wp\/v2\/posts\/2303\/revisions"}],"predecessor-version":[{"id":4053,"href":"https:\/\/agora.xtec.cat\/ceip-marinada-barcelona\/wp-json\/wp\/v2\/posts\/2303\/revisions\/4053"}],"wp:attachment":[{"href":"https:\/\/agora.xtec.cat\/ceip-marinada-barcelona\/wp-json\/wp\/v2\/media?parent=2303"}],"wp:term":[{"taxonomy":"category","embeddable":true,"href":"https:\/\/agora.xtec.cat\/ceip-marinada-barcelona\/wp-json\/wp\/v2\/categories?post=2303"},{"taxonomy":"post_tag","embeddable":true,"href":"https:\/\/agora.xtec.cat\/ceip-marinada-barcelona\/wp-json\/wp\/v2\/tags?post=2303"}],"curies":[{"name":"wp","href":"https:\/\/api.w.org\/{rel}","templated":true}]}}