{"id":2293,"date":"2019-11-01T18:08:14","date_gmt":"2019-11-01T17:08:14","guid":{"rendered":"http:\/\/agora.xtec.cat\/ceip-marinada-barcelona\/?p=2293"},"modified":"2021-02-20T18:18:48","modified_gmt":"2021-02-20T17:18:48","slug":"visitem-el-parc-de-bombers","status":"publish","type":"post","link":"https:\/\/agora.xtec.cat\/ceip-marinada-barcelona\/portada\/visitem-el-parc-de-bombers\/","title":{"rendered":"Visitem el parc de Bombers"},"content":{"rendered":"<p>\r\n\t<div class=\"slideshow_container slideshow_container_style-light\" style=\"height: 300px; \" data-slideshow-id=\"2291\" data-style-name=\"style-light\" data-style-version=\"2.3.1\" >\r\n\r\n\t\t\t\t\t<div class=\"slideshow_loading_icon\"><\/div>\r\n\t\t\r\n\t\t<div class=\"slideshow_content\" style=\"display: none;\">\r\n\r\n\t\t\t<div class=\"slideshow_view\">\r\n\t\t\t\t<div class=\"slideshow_slide slideshow_slide_image\">\r\n\t\t\t\t\t\t\t\t\t\t\t<img src=\"https:\/\/agora.xtec.cat\/ceip-marinada-barcelona\/wp-content\/uploads\/usu1756\/2019\/11\/IMG_20191024_102840.jpg\" alt=\"\" width=\"1600\" height=\"900\" \/>\r\n\t\t\t\t\t\t\t\t\t\t<div class=\"slideshow_description_box slideshow_transparent\">\r\n\t\t\t\t\t\t\t\t\t\t\t\t\t\t\t\t\t<\/div>\r\n\t\t\t\t<\/div>\r\n\r\n\t\t\t\t\t\t<div style=\"clear: both;\"><\/div><\/div><div class=\"slideshow_view\">\r\n\t\t\t\t<div class=\"slideshow_slide slideshow_slide_image\">\r\n\t\t\t\t\t\t\t\t\t\t\t<img src=\"https:\/\/agora.xtec.cat\/ceip-marinada-barcelona\/wp-content\/uploads\/usu1756\/2019\/11\/IMG_20191024_103951.jpg\" alt=\"\" width=\"1800\" height=\"1013\" \/>\r\n\t\t\t\t\t\t\t\t\t\t<div class=\"slideshow_description_box slideshow_transparent\">\r\n\t\t\t\t\t\t\t\t\t\t\t\t\t\t\t\t\t<\/div>\r\n\t\t\t\t<\/div>\r\n\r\n\t\t\t\t\t\t<div style=\"clear: both;\"><\/div><\/div><div class=\"slideshow_view\">\r\n\t\t\t\t<div class=\"slideshow_slide slideshow_slide_image\">\r\n\t\t\t\t\t\t\t\t\t\t\t<img src=\"https:\/\/agora.xtec.cat\/ceip-marinada-barcelona\/wp-content\/uploads\/usu1756\/2019\/11\/IMG_20191024_105857.jpg\" alt=\"\" width=\"1800\" height=\"1013\" \/>\r\n\t\t\t\t\t\t\t\t\t\t<div class=\"slideshow_description_box slideshow_transparent\">\r\n\t\t\t\t\t\t\t\t\t\t\t\t\t\t\t\t\t<\/div>\r\n\t\t\t\t<\/div>\r\n\r\n\t\t\t\t\t\t<div style=\"clear: both;\"><\/div><\/div><div class=\"slideshow_view\">\r\n\t\t\t\t<div class=\"slideshow_slide slideshow_slide_image\">\r\n\t\t\t\t\t\t\t\t\t\t\t<img src=\"https:\/\/agora.xtec.cat\/ceip-marinada-barcelona\/wp-content\/uploads\/usu1756\/2019\/11\/IMG_20191024_105904.jpg\" alt=\"\" width=\"1800\" height=\"1013\" \/>\r\n\t\t\t\t\t\t\t\t\t\t<div class=\"slideshow_description_box slideshow_transparent\">\r\n\t\t\t\t\t\t\t\t\t\t\t\t\t\t\t\t\t<\/div>\r\n\t\t\t\t<\/div>\r\n\r\n\t\t\t\t\t\t<div style=\"clear: both;\"><\/div><\/div><div class=\"slideshow_view\">\r\n\t\t\t\t<div class=\"slideshow_slide slideshow_slide_image\">\r\n\t\t\t\t\t\t\t\t\t\t\t<img src=\"https:\/\/agora.xtec.cat\/ceip-marinada-barcelona\/wp-content\/uploads\/usu1756\/2019\/11\/IMG_20191024_110038.jpg\" alt=\"\" width=\"1800\" height=\"1013\" \/>\r\n\t\t\t\t\t\t\t\t\t\t<div class=\"slideshow_description_box slideshow_transparent\">\r\n\t\t\t\t\t\t\t\t\t\t\t\t\t\t\t\t\t<\/div>\r\n\t\t\t\t<\/div>\r\n\r\n\t\t\t\t\t\t<div style=\"clear: both;\"><\/div><\/div><div class=\"slideshow_view\">\r\n\t\t\t\t<div class=\"slideshow_slide slideshow_slide_image\">\r\n\t\t\t\t\t\t\t\t\t\t\t<img src=\"https:\/\/agora.xtec.cat\/ceip-marinada-barcelona\/wp-content\/uploads\/usu1756\/2019\/11\/IMG_20191024_110240.jpg\" alt=\"\" width=\"1800\" height=\"1013\" \/>\r\n\t\t\t\t\t\t\t\t\t\t<div class=\"slideshow_description_box slideshow_transparent\">\r\n\t\t\t\t\t\t\t\t\t\t\t\t\t\t\t\t\t<\/div>\r\n\t\t\t\t<\/div>\r\n\r\n\t\t\t\t\t\t<div style=\"clear: both;\"><\/div><\/div><div class=\"slideshow_view\">\r\n\t\t\t\t<div class=\"slideshow_slide slideshow_slide_image\">\r\n\t\t\t\t\t\t\t\t\t\t\t<img src=\"https:\/\/agora.xtec.cat\/ceip-marinada-barcelona\/wp-content\/uploads\/usu1756\/2019\/11\/IMG_20191024_110412.jpg\" alt=\"\" width=\"1800\" height=\"1013\" \/>\r\n\t\t\t\t\t\t\t\t\t\t<div class=\"slideshow_description_box slideshow_transparent\">\r\n\t\t\t\t\t\t\t\t\t\t\t\t\t\t\t\t\t<\/div>\r\n\t\t\t\t<\/div>\r\n\r\n\t\t\t\t\t\t<div style=\"clear: both;\"><\/div><\/div><div class=\"slideshow_view\">\r\n\t\t\t\t<div class=\"slideshow_slide slideshow_slide_image\">\r\n\t\t\t\t\t\t\t\t\t\t\t<img src=\"https:\/\/agora.xtec.cat\/ceip-marinada-barcelona\/wp-content\/uploads\/usu1756\/2019\/11\/IMG_20191024_110520.jpg\" alt=\"\" width=\"1800\" height=\"1013\" \/>\r\n\t\t\t\t\t\t\t\t\t\t<div class=\"slideshow_description_box slideshow_transparent\">\r\n\t\t\t\t\t\t\t\t\t\t\t\t\t\t\t\t\t<\/div>\r\n\t\t\t\t<\/div>\r\n\r\n\t\t\t\t\t\t<div style=\"clear: both;\"><\/div><\/div><div class=\"slideshow_view\">\r\n\t\t\t\t<div class=\"slideshow_slide slideshow_slide_image\">\r\n\t\t\t\t\t\t\t\t\t\t\t<img src=\"https:\/\/agora.xtec.cat\/ceip-marinada-barcelona\/wp-content\/uploads\/usu1756\/2019\/11\/IMG_20191024_110714-e1574678908581.jpg\" alt=\"\" width=\"250\" height=\"141\" \/>\r\n\t\t\t\t\t\t\t\t\t\t<div class=\"slideshow_description_box slideshow_transparent\">\r\n\t\t\t\t\t\t\t\t\t\t\t\t\t\t\t\t\t<\/div>\r\n\t\t\t\t<\/div>\r\n\r\n\t\t\t\t\t\t<div style=\"clear: both;\"><\/div><\/div>\r\n\t\t<\/div>\r\n\r\n\t\t<div class=\"slideshow_controlPanel slideshow_transparent\" style=\"display: none;\"><ul><li class=\"slideshow_togglePlay\" data-play-text=\"Visualitza\" data-pause-text=\"Pausa\"><\/li><\/ul><\/div>\r\n\r\n\t\t<div class=\"slideshow_button slideshow_previous slideshow_transparent\" role=\"button\" data-previous-text=\"Anterior\" style=\"display: none;\"><\/div>\r\n\t\t<div class=\"slideshow_button slideshow_next slideshow_transparent\" role=\"button\" data-next-text=\"Seg\u00fcent\" style=\"display: none;\"><\/div>\r\n\r\n\t\t<div class=\"slideshow_pagination\" style=\"display: none;\" data-go-to-text=\"V\u00e9s a la diapositiva\"><div class=\"slideshow_pagination_center\"><\/div><\/div>\r\n\r\n\t\t<!-- WordPress Slideshow Version 2.3.1 -->\r\n\r\n\t\t\t<\/div>\r\n\r\n<br \/>\nEl passat dia 24 d&#8217;octubre, la classe de 4t vam anar al Parc de Bombers de la Vall d&#8217;Hebron! All\u00e0, vam aprendre moltes coses i vam poder veure com \u00e9s el dia a dia dels Bombers de Barcelona.<br \/>\nVan estar amb nosaltres un caporal i un sergent, en Victor i en Carlos.<br \/>\nEl\u00a0 Victor\u00a0\u00a0 va\u00a0 fer\u00a0\u00a0 molt\u00a0 de\u00a0 foc, va posar\u00a0 oli a la paella i\u00a0 va\u00a0 deixar\u00a0 que es\u00a0 crem\u00e9s\u00a0 una\u00a0 mica i\u00a0 despr\u00e9s\u00a0 va\u00a0 posar\u00a0 aigua i el\u00a0 foc es va fer molt gran.\u00a0 Totes i tots ens vam espantar molt! Per\u00f2 vam aprendre, per sempre, que si l&#8217;oli de la paella s&#8217;enc\u00e9n NO HI HEM DE TIRAR AIGUA! HEM DE TAPAR la paella per apagar el foc!<br \/>\nDespr\u00e9s d&#8217;ensenyar-nos els diferents uniformes que utilitzen el Bombers, vam anar a la zona\u00a0 on hi ha els camions, la &#8221;zona bruta&#8221;, com diuen els Bombers. Aleshores, el Carlos, que era molt fort, va baixar pel tub i es va posar la roba de bomber molt r\u00e0pid, ens\u00a0 vam sorprendre molt! Tamb\u00e9 vam poder veure uns altres Bombers que venien de fer la compra! Els Bombers treballen moltes hores seguides i el Parc de Bombers sembla una casa de col\u00f2nies! Hi tenen de tot!<br \/>\nAl final ens van ensenyar els camions per dins i totes les eines que hi ha, ens van impressionar molt: la moto-serra i el moto-disc i totes les m\u00e0negues que tenen! N&#8217;hi ha molt\u00edssimes! Tamb\u00e9 vam poder seure en els seients dels Bombers i posar una miqueta la sirena del cami\u00f3.<br \/>\nPer acabar la visita, ens vam fer una foto amb el Carlos i el Victor.<br \/>\nVa ser una sortida fant\u00e0stica! Moltes gr\u00e0cies als Bombers per la feina que fan!<\/p>\n","protected":false},"excerpt":{"rendered":"<ul>\n<li class=\"slideshow_togglePlay\" data-play-text=\"Visualitza\" data-pause-text=\"Pausa\"><\/li>\n<\/ul>\n<p>El passat dia 24 d&#8217;octubre, la classe de 4t vam anar al Parc de Bombers de la Vall d&#8217;Hebron! All\u00e0, vam aprendre moltes coses i vam poder veure com \u00e9s el dia a dia dels Bombers de Barcelona.<br \/>\nVan estar amb nosaltres un&hellip;  <a href=\"https:\/\/agora.xtec.cat\/ceip-marinada-barcelona\/portada\/visitem-el-parc-de-bombers\/\" title=\"Read Visitem el parc de Bombers\">Llegeix m\u00e9s\u00bb<\/a><\/p>\n","protected":false},"author":1,"featured_media":0,"comment_status":"open","ping_status":"closed","sticky":false,"template":"","format":"standard","meta":{"_bbp_topic_count":0,"_bbp_reply_count":0,"_bbp_total_topic_count":0,"_bbp_total_reply_count":0,"_bbp_voice_count":0,"_bbp_anonymous_reply_count":0,"_bbp_topic_count_hidden":0,"_bbp_reply_count_hidden":0,"_bbp_forum_subforum_count":0,"footnotes":""},"categories":[13,89,4,5],"tags":[],"class_list":["post-2293","post","type-post","status-publish","format-standard","hentry","category-4t","category-mitja","category-portada","category-primaria"],"post_mailing_queue_ids":[],"_links":{"self":[{"href":"https:\/\/agora.xtec.cat\/ceip-marinada-barcelona\/wp-json\/wp\/v2\/posts\/2293","targetHints":{"allow":["GET"]}}],"collection":[{"href":"https:\/\/agora.xtec.cat\/ceip-marinada-barcelona\/wp-json\/wp\/v2\/posts"}],"about":[{"href":"https:\/\/agora.xtec.cat\/ceip-marinada-barcelona\/wp-json\/wp\/v2\/types\/post"}],"author":[{"embeddable":true,"href":"https:\/\/agora.xtec.cat\/ceip-marinada-barcelona\/wp-json\/wp\/v2\/users\/1"}],"replies":[{"embeddable":true,"href":"https:\/\/agora.xtec.cat\/ceip-marinada-barcelona\/wp-json\/wp\/v2\/comments?post=2293"}],"version-history":[{"count":4,"href":"https:\/\/agora.xtec.cat\/ceip-marinada-barcelona\/wp-json\/wp\/v2\/posts\/2293\/revisions"}],"predecessor-version":[{"id":2298,"href":"https:\/\/agora.xtec.cat\/ceip-marinada-barcelona\/wp-json\/wp\/v2\/posts\/2293\/revisions\/2298"}],"wp:attachment":[{"href":"https:\/\/agora.xtec.cat\/ceip-marinada-barcelona\/wp-json\/wp\/v2\/media?parent=2293"}],"wp:term":[{"taxonomy":"category","embeddable":true,"href":"https:\/\/agora.xtec.cat\/ceip-marinada-barcelona\/wp-json\/wp\/v2\/categories?post=2293"},{"taxonomy":"post_tag","embeddable":true,"href":"https:\/\/agora.xtec.cat\/ceip-marinada-barcelona\/wp-json\/wp\/v2\/tags?post=2293"}],"curies":[{"name":"wp","href":"https:\/\/api.w.org\/{rel}","templated":true}]}}