{"id":2181,"date":"2019-06-11T18:48:54","date_gmt":"2019-06-11T16:48:54","guid":{"rendered":"http:\/\/agora.xtec.cat\/ceip-marinada-barcelona\/?p=2181"},"modified":"2019-06-15T16:04:33","modified_gmt":"2019-06-15T14:04:33","slug":"transportation-song-by-peter-weatherall","status":"publish","type":"post","link":"https:\/\/agora.xtec.cat\/ceip-marinada-barcelona\/general\/transportation-song-by-peter-weatherall\/","title":{"rendered":"Transportation Song by Peter Weatherall"},"content":{"rendered":"<p><iframe loading=\"lazy\" title=\"Transportation Song by Peter Weatherall\" width=\"500\" height=\"375\" src=\"https:\/\/www.youtube.com\/embed\/2c68qD_NExQ?feature=oembed\" frameborder=\"0\" allow=\"accelerometer; autoplay; clipboard-write; encrypted-media; gyroscope; picture-in-picture; web-share\" referrerpolicy=\"strict-origin-when-cross-origin\" allowfullscreen><\/iframe><\/p>\n<p>La classe de segon ha treballat el projecte dels mitjans de transport. A l&#8217;\u00e0rea de llegua anglesa hem treballat el vocabulari i ho hem fet mitjan\u00e7ant aquesta can\u00e7\u00f3 que els ha agradat molt! Aqu\u00ed la teniu.<\/p>\n","protected":false},"excerpt":{"rendered":"<p>La classe de segon ha treballat el projecte dels mitjans de transport. A l&#8217;\u00e0rea de llegua anglesa hem treballat el vocabulari i ho hem fet mitjan\u00e7ant aquesta can\u00e7\u00f3 que els ha agradat molt! Aqu\u00ed la teniu.<\/p>\n","protected":false},"author":5,"featured_media":0,"comment_status":"open","ping_status":"closed","sticky":false,"template":"","format":"standard","meta":{"_bbp_topic_count":0,"_bbp_reply_count":0,"_bbp_total_topic_count":0,"_bbp_total_reply_count":0,"_bbp_voice_count":0,"_bbp_anonymous_reply_count":0,"_bbp_topic_count_hidden":0,"_bbp_reply_count_hidden":0,"_bbp_forum_subforum_count":0,"footnotes":""},"categories":[1,4],"tags":[76],"class_list":["post-2181","post","type-post","status-publish","format-standard","hentry","category-general","category-portada","tag-llengua-anglesa"],"post_mailing_queue_ids":[],"_links":{"self":[{"href":"https:\/\/agora.xtec.cat\/ceip-marinada-barcelona\/wp-json\/wp\/v2\/posts\/2181","targetHints":{"allow":["GET"]}}],"collection":[{"href":"https:\/\/agora.xtec.cat\/ceip-marinada-barcelona\/wp-json\/wp\/v2\/posts"}],"about":[{"href":"https:\/\/agora.xtec.cat\/ceip-marinada-barcelona\/wp-json\/wp\/v2\/types\/post"}],"author":[{"embeddable":true,"href":"https:\/\/agora.xtec.cat\/ceip-marinada-barcelona\/wp-json\/wp\/v2\/users\/5"}],"replies":[{"embeddable":true,"href":"https:\/\/agora.xtec.cat\/ceip-marinada-barcelona\/wp-json\/wp\/v2\/comments?post=2181"}],"version-history":[{"count":3,"href":"https:\/\/agora.xtec.cat\/ceip-marinada-barcelona\/wp-json\/wp\/v2\/posts\/2181\/revisions"}],"predecessor-version":[{"id":2184,"href":"https:\/\/agora.xtec.cat\/ceip-marinada-barcelona\/wp-json\/wp\/v2\/posts\/2181\/revisions\/2184"}],"wp:attachment":[{"href":"https:\/\/agora.xtec.cat\/ceip-marinada-barcelona\/wp-json\/wp\/v2\/media?parent=2181"}],"wp:term":[{"taxonomy":"category","embeddable":true,"href":"https:\/\/agora.xtec.cat\/ceip-marinada-barcelona\/wp-json\/wp\/v2\/categories?post=2181"},{"taxonomy":"post_tag","embeddable":true,"href":"https:\/\/agora.xtec.cat\/ceip-marinada-barcelona\/wp-json\/wp\/v2\/tags?post=2181"}],"curies":[{"name":"wp","href":"https:\/\/api.w.org\/{rel}","templated":true}]}}