{"id":1800,"date":"2019-02-12T07:50:09","date_gmt":"2019-02-12T06:50:09","guid":{"rendered":"http:\/\/agora.xtec.cat\/ceip-marinada-barcelona\/?p=1800"},"modified":"2019-02-12T07:50:09","modified_gmt":"2019-02-12T06:50:09","slug":"la-fabrica-de-cacaolat","status":"publish","type":"post","link":"https:\/\/agora.xtec.cat\/ceip-marinada-barcelona\/general\/la-fabrica-de-cacaolat\/","title":{"rendered":"La F\u00e0brica de Cacaolat"},"content":{"rendered":"<p>L\u2019alumnat de 3r i 4t hem decidit endinsar-nos dintre la historia del Cacaolat. Per aquest motiu el 7 de febrer vam decidir visitar la \u00fanica Fabrica de Cacaolat del m\u00f3n a Santa Coloma de Gramanet.<\/p>\n<p>Hem apr\u00e8s hist\u00f2ria, or\u00edgens, geografia i el proc\u00e9s d\u2019embotellament. Ara no vam poder descobrir la formula de les mescla entre el cacao i la llet, es veu que \u00e9s un secret molt ben guardat des del 1933. Aix\u00f2 s\u00ed, vam poder fer un bon tast i marxar en la panxa plena.<\/p>\n<p><a href=\"https:\/\/agora.xtec.cat\/ceip-marinada-barcelona\/wp-content\/uploads\/usu1756\/2019\/02\/cacau-3.jpg\">\u00a0\u00a0<img loading=\"lazy\" decoding=\"async\" class=\"alignnone wp-image-1803\" src=\"https:\/\/agora.xtec.cat\/ceip-marinada-barcelona\/wp-content\/uploads\/usu1756\/2019\/02\/cacau-3.jpg\" alt=\"\" width=\"409\" height=\"239\" srcset=\"https:\/\/agora.xtec.cat\/ceip-marinada-barcelona\/wp-content\/uploads\/usu1756\/2019\/02\/cacau-3.jpg 818w, https:\/\/agora.xtec.cat\/ceip-marinada-barcelona\/wp-content\/uploads\/usu1756\/2019\/02\/cacau-3-300x175.jpg 300w, https:\/\/agora.xtec.cat\/ceip-marinada-barcelona\/wp-content\/uploads\/usu1756\/2019\/02\/cacau-3-768x449.jpg 768w\" sizes=\"auto, (max-width: 409px) 100vw, 409px\" \/>\u00a0<\/a><a href=\"https:\/\/agora.xtec.cat\/ceip-marinada-barcelona\/wp-content\/uploads\/usu1756\/2019\/02\/cacau-1.jpg\"><img loading=\"lazy\" decoding=\"async\" class=\"alignnone wp-image-1801\" src=\"https:\/\/agora.xtec.cat\/ceip-marinada-barcelona\/wp-content\/uploads\/usu1756\/2019\/02\/cacau-1.jpg\" alt=\"\" width=\"401\" height=\"239\" srcset=\"https:\/\/agora.xtec.cat\/ceip-marinada-barcelona\/wp-content\/uploads\/usu1756\/2019\/02\/cacau-1.jpg 768w, https:\/\/agora.xtec.cat\/ceip-marinada-barcelona\/wp-content\/uploads\/usu1756\/2019\/02\/cacau-1-300x179.jpg 300w\" sizes=\"auto, (max-width: 401px) 100vw, 401px\" \/><\/a><\/p>\n<p><a href=\"https:\/\/agora.xtec.cat\/ceip-marinada-barcelona\/wp-content\/uploads\/usu1756\/2019\/02\/cacau-2.jpg\"><img loading=\"lazy\" decoding=\"async\" class=\" wp-image-1802 aligncenter\" src=\"https:\/\/agora.xtec.cat\/ceip-marinada-barcelona\/wp-content\/uploads\/usu1756\/2019\/02\/cacau-2.jpg\" alt=\"\" width=\"595\" height=\"377\" srcset=\"https:\/\/agora.xtec.cat\/ceip-marinada-barcelona\/wp-content\/uploads\/usu1756\/2019\/02\/cacau-2.jpg 716w, https:\/\/agora.xtec.cat\/ceip-marinada-barcelona\/wp-content\/uploads\/usu1756\/2019\/02\/cacau-2-300x190.jpg 300w\" sizes=\"auto, (max-width: 595px) 100vw, 595px\" \/><\/a><\/p>\n","protected":false},"excerpt":{"rendered":"<p>L\u2019alumnat de 3r i 4t hem decidit endinsar-nos dintre la historia del Cacaolat. Per aquest motiu el 7 de febrer vam decidir visitar la \u00fanica Fabrica de Cacaolat del m\u00f3n a Santa Coloma de Gramanet.<br \/>\nHem apr\u00e8s hist\u00f2ria, or\u00edgens, geografia i el proc\u00e9s d\u2019embotellament. Ara no&hellip;  <a href=\"https:\/\/agora.xtec.cat\/ceip-marinada-barcelona\/general\/la-fabrica-de-cacaolat\/\" title=\"Read La F\u00e0brica de Cacaolat\">Llegeix m\u00e9s\u00bb<\/a><\/p>\n","protected":false},"author":5,"featured_media":1802,"comment_status":"open","ping_status":"closed","sticky":false,"template":"","format":"standard","meta":{"_bbp_topic_count":0,"_bbp_reply_count":0,"_bbp_total_topic_count":0,"_bbp_total_reply_count":0,"_bbp_voice_count":0,"_bbp_anonymous_reply_count":0,"_bbp_topic_count_hidden":0,"_bbp_reply_count_hidden":0,"_bbp_forum_subforum_count":0,"footnotes":""},"categories":[12,13,1,4],"tags":[],"class_list":["post-1800","post","type-post","status-publish","format-standard","has-post-thumbnail","hentry","category-3r","category-4t","category-general","category-portada"],"post_mailing_queue_ids":[],"_links":{"self":[{"href":"https:\/\/agora.xtec.cat\/ceip-marinada-barcelona\/wp-json\/wp\/v2\/posts\/1800","targetHints":{"allow":["GET"]}}],"collection":[{"href":"https:\/\/agora.xtec.cat\/ceip-marinada-barcelona\/wp-json\/wp\/v2\/posts"}],"about":[{"href":"https:\/\/agora.xtec.cat\/ceip-marinada-barcelona\/wp-json\/wp\/v2\/types\/post"}],"author":[{"embeddable":true,"href":"https:\/\/agora.xtec.cat\/ceip-marinada-barcelona\/wp-json\/wp\/v2\/users\/5"}],"replies":[{"embeddable":true,"href":"https:\/\/agora.xtec.cat\/ceip-marinada-barcelona\/wp-json\/wp\/v2\/comments?post=1800"}],"version-history":[{"count":3,"href":"https:\/\/agora.xtec.cat\/ceip-marinada-barcelona\/wp-json\/wp\/v2\/posts\/1800\/revisions"}],"predecessor-version":[{"id":1807,"href":"https:\/\/agora.xtec.cat\/ceip-marinada-barcelona\/wp-json\/wp\/v2\/posts\/1800\/revisions\/1807"}],"wp:featuredmedia":[{"embeddable":true,"href":"https:\/\/agora.xtec.cat\/ceip-marinada-barcelona\/wp-json\/wp\/v2\/media\/1802"}],"wp:attachment":[{"href":"https:\/\/agora.xtec.cat\/ceip-marinada-barcelona\/wp-json\/wp\/v2\/media?parent=1800"}],"wp:term":[{"taxonomy":"category","embeddable":true,"href":"https:\/\/agora.xtec.cat\/ceip-marinada-barcelona\/wp-json\/wp\/v2\/categories?post=1800"},{"taxonomy":"post_tag","embeddable":true,"href":"https:\/\/agora.xtec.cat\/ceip-marinada-barcelona\/wp-json\/wp\/v2\/tags?post=1800"}],"curies":[{"name":"wp","href":"https:\/\/api.w.org\/{rel}","templated":true}]}}