{"id":1575,"date":"2018-12-10T18:54:37","date_gmt":"2018-12-10T17:54:37","guid":{"rendered":"http:\/\/agora.xtec.cat\/ceip-marinada-barcelona\/?p=1575"},"modified":"2018-12-11T19:34:52","modified_gmt":"2018-12-11T18:34:52","slug":"ja-ha-arribat-el-tio-a-lescola","status":"publish","type":"post","link":"https:\/\/agora.xtec.cat\/ceip-marinada-barcelona\/general\/ja-ha-arribat-el-tio-a-lescola\/","title":{"rendered":"Ja ha arribat el Ti\u00f3 a l&#8217;escola!"},"content":{"rendered":"<p><a href=\"https:\/\/agora.xtec.cat\/ceip-marinada-barcelona\/wp-content\/uploads\/usu1756\/2018\/12\/20181210_135936.jpg\"><img loading=\"lazy\" decoding=\"async\" class=\"size-full wp-image-1577 alignleft\" src=\"https:\/\/agora.xtec.cat\/ceip-marinada-barcelona\/wp-content\/uploads\/usu1756\/2018\/12\/20181210_135936.jpg\" alt=\"\" width=\"336\" height=\"448\" srcset=\"https:\/\/agora.xtec.cat\/ceip-marinada-barcelona\/wp-content\/uploads\/usu1756\/2018\/12\/20181210_135936.jpg 336w, https:\/\/agora.xtec.cat\/ceip-marinada-barcelona\/wp-content\/uploads\/usu1756\/2018\/12\/20181210_135936-225x300.jpg 225w\" sizes=\"auto, (max-width: 336px) 100vw, 336px\" \/><\/a><\/p>\n<p>&nbsp;<\/p>\n<p>Avui al mat\u00ed hem tingut una sorpresa ben bonica: ha arribat el <strong>TI\u00d3<\/strong>!!!<\/p>\n<p>Ens l&#8217;hem trobat a l&#8217;hora del pati amagat sota la caseta d&#8217;infantil. Pobret, tenia molt de fred!<\/p>\n<p>Ara ja l&#8217;hem posat al passad\u00eds, amb la seva manta, perqu\u00e8 estigui ben calent\u00f3. Nom\u00e9s cal que li portem una mica de menjar perqu\u00e8 s&#8217;acabi de refer del tot&#8230;<\/p>\n<p>Mireu-lo quina patxoca que fa!<\/p>\n<p>&nbsp;<\/p>\n","protected":false},"excerpt":{"rendered":"<p><a href=\"https:\/\/agora.xtec.cat\/ceip-marinada-barcelona\/wp-content\/uploads\/usu1756\/2018\/12\/20181210_135936.jpg\"><\/a><br \/>\n&nbsp;<br \/>\nAvui al mat\u00ed hem tingut una sorpresa ben bonica: ha arribat el TI\u00d3!!!<br \/>\nEns l&#8217;hem trobat a l&#8217;hora del pati amagat sota la caseta d&#8217;infantil. Pobret, tenia molt de fred!<br \/>\nAra ja l&#8217;hem posat al passad\u00eds, amb la seva manta, perqu\u00e8 estigui ben calent\u00f3. Nom\u00e9s cal&hellip;  <a href=\"https:\/\/agora.xtec.cat\/ceip-marinada-barcelona\/general\/ja-ha-arribat-el-tio-a-lescola\/\" title=\"Read Ja ha arribat el Ti\u00f3 a l&#8217;escola!\">Llegeix m\u00e9s\u00bb<\/a><\/p>\n","protected":false},"author":3,"featured_media":1577,"comment_status":"open","ping_status":"closed","sticky":false,"template":"","format":"standard","meta":{"_bbp_topic_count":0,"_bbp_reply_count":0,"_bbp_total_topic_count":0,"_bbp_total_reply_count":0,"_bbp_voice_count":0,"_bbp_anonymous_reply_count":0,"_bbp_topic_count_hidden":0,"_bbp_reply_count_hidden":0,"_bbp_forum_subforum_count":0,"footnotes":""},"categories":[10,11,2,1,3,8,9,4,5],"tags":[63,61,62],"class_list":["post-1575","post","type-post","status-publish","format-standard","has-post-thumbnail","hentry","category-1r","category-2n","category-infantil","category-general","category-i3","category-i4","category-i5","category-portada","category-primaria","tag-curs-2018-19","tag-festes","tag-nadal"],"post_mailing_queue_ids":[],"_links":{"self":[{"href":"https:\/\/agora.xtec.cat\/ceip-marinada-barcelona\/wp-json\/wp\/v2\/posts\/1575","targetHints":{"allow":["GET"]}}],"collection":[{"href":"https:\/\/agora.xtec.cat\/ceip-marinada-barcelona\/wp-json\/wp\/v2\/posts"}],"about":[{"href":"https:\/\/agora.xtec.cat\/ceip-marinada-barcelona\/wp-json\/wp\/v2\/types\/post"}],"author":[{"embeddable":true,"href":"https:\/\/agora.xtec.cat\/ceip-marinada-barcelona\/wp-json\/wp\/v2\/users\/3"}],"replies":[{"embeddable":true,"href":"https:\/\/agora.xtec.cat\/ceip-marinada-barcelona\/wp-json\/wp\/v2\/comments?post=1575"}],"version-history":[{"count":3,"href":"https:\/\/agora.xtec.cat\/ceip-marinada-barcelona\/wp-json\/wp\/v2\/posts\/1575\/revisions"}],"predecessor-version":[{"id":1582,"href":"https:\/\/agora.xtec.cat\/ceip-marinada-barcelona\/wp-json\/wp\/v2\/posts\/1575\/revisions\/1582"}],"wp:featuredmedia":[{"embeddable":true,"href":"https:\/\/agora.xtec.cat\/ceip-marinada-barcelona\/wp-json\/wp\/v2\/media\/1577"}],"wp:attachment":[{"href":"https:\/\/agora.xtec.cat\/ceip-marinada-barcelona\/wp-json\/wp\/v2\/media?parent=1575"}],"wp:term":[{"taxonomy":"category","embeddable":true,"href":"https:\/\/agora.xtec.cat\/ceip-marinada-barcelona\/wp-json\/wp\/v2\/categories?post=1575"},{"taxonomy":"post_tag","embeddable":true,"href":"https:\/\/agora.xtec.cat\/ceip-marinada-barcelona\/wp-json\/wp\/v2\/tags?post=1575"}],"curies":[{"name":"wp","href":"https:\/\/api.w.org\/{rel}","templated":true}]}}