{"id":8258,"date":"2019-06-04T11:44:30","date_gmt":"2019-06-04T09:44:30","guid":{"rendered":"http:\/\/agora.xtec.cat\/ceip-mallorca\/?p=8258"},"modified":"2022-06-26T22:54:46","modified_gmt":"2022-06-26T20:54:46","slug":"projecte-fem-una-peli-2019","status":"publish","type":"post","link":"https:\/\/agora.xtec.cat\/ceip-mallorca\/projectes-escola\/mallorcart\/projecte-fem-una-peli-2019\/","title":{"rendered":"PROJECTE FEM UNA PELI 2019"},"content":{"rendered":"<p style=\"text-align: justify;\">Per segon any, l&#8217;escola ha participat en la Mostra d&#8217;Audiovisuals de l&#8217;Eixample, organitzada pel CRP del districte. La proposta del projecte \u00e9s fer una composici\u00f3 audiovisual que els endinsi en la producci\u00f3 i l\u2019edici\u00f3 de v\u00eddeos amb aquesta eina tan simple i intu\u00eftiva, com \u00e9s la tauleta digital.<\/p>\n<p>Aprofitant el Projecte Mallorc&#8217;Acci\u00f3 d&#8217;aquest any, el cicle superior al complet ha elaborat la pel\u00b7l\u00edcula &#8220;sss&#8230; \u00c9s secret&#8221; i la va presentar a la mostra el proppassat 30 d&#8217;abril. Com que encara quedava l&#8217;estrena oficial el dia de les portes obertes de Mallorc&#8217;Art del passat 23 de maig hem esperat a fer-ho p\u00fablic al web per mantenir la sorpresa!<\/p>\n<p>Us enllacem l&#8217;article del Servei Educatiu de l&#8217;Eixample perqu\u00e8 pugueu veure totes les produccions presentades i tamb\u00e9 la pel\u00b7l\u00edcula completa. 1,2,3&#8230; Mallorc&#8217;Acci\u00f3!<\/p>\n<p><a href=\"https:\/\/serveiseducatius.xtec.cat\/eixample\/portada\/2a-mostra-audiovisuals\/\"><img loading=\"lazy\" decoding=\"async\" class=\" wp-image-8259 aligncenter\" src=\"https:\/\/agora.xtec.cat\/ceip-mallorca\/wp-content\/uploads\/usu816\/2019\/06\/mostra.png\" alt=\"\" width=\"158\" height=\"173\" \/><\/a><\/p>\n<p>&nbsp;<\/p>\n<p><iframe loading=\"lazy\" src=\"https:\/\/drive.google.com\/file\/d\/1zRCL39U8N4pj-vqVdo_4s4IPsaRiudmk\/preview\" width=\"640\" height=\"480\"><\/iframe><\/p>\n","protected":false},"excerpt":{"rendered":"<p>Per segon any, l&#8217;escola ha participat en la Mostra d&#8217;Audiovisuals de l&#8217;Eixample, organitzada pel CRP del districte. La proposta del projecte \u00e9s fer una composici\u00f3 audiovisual que els endinsi en la producci\u00f3 i l\u2019edici\u00f3 de v\u00eddeos amb aquesta eina tan simple i intu\u00eftiva, com \u00e9s&hellip;  <a href=\"https:\/\/agora.xtec.cat\/ceip-mallorca\/projectes-escola\/mallorcart\/projecte-fem-una-peli-2019\/\" title=\"Read PROJECTE FEM UNA PELI 2019\">Llegeix m\u00e9s\u00bb<\/a><\/p>\n","protected":false},"author":1,"featured_media":8259,"comment_status":"open","ping_status":"closed","sticky":false,"template":"","format":"standard","meta":{"_bbp_topic_count":0,"_bbp_reply_count":0,"_bbp_total_topic_count":0,"_bbp_total_reply_count":0,"_bbp_voice_count":0,"_bbp_anonymous_reply_count":0,"_bbp_topic_count_hidden":0,"_bbp_reply_count_hidden":0,"_bbp_forum_subforum_count":0,"footnotes":""},"categories":[271,30,123,124,254],"tags":[],"class_list":["post-8258","post","type-post","status-publish","format-standard","has-post-thumbnail","hentry","category-18-19","category-mallorcart","category-promocio-del-2007","category-promocio-del-2008","category-stem"],"post_mailing_queue_ids":[],"_links":{"self":[{"href":"https:\/\/agora.xtec.cat\/ceip-mallorca\/wp-json\/wp\/v2\/posts\/8258","targetHints":{"allow":["GET"]}}],"collection":[{"href":"https:\/\/agora.xtec.cat\/ceip-mallorca\/wp-json\/wp\/v2\/posts"}],"about":[{"href":"https:\/\/agora.xtec.cat\/ceip-mallorca\/wp-json\/wp\/v2\/types\/post"}],"author":[{"embeddable":true,"href":"https:\/\/agora.xtec.cat\/ceip-mallorca\/wp-json\/wp\/v2\/users\/1"}],"replies":[{"embeddable":true,"href":"https:\/\/agora.xtec.cat\/ceip-mallorca\/wp-json\/wp\/v2\/comments?post=8258"}],"version-history":[{"count":1,"href":"https:\/\/agora.xtec.cat\/ceip-mallorca\/wp-json\/wp\/v2\/posts\/8258\/revisions"}],"predecessor-version":[{"id":8260,"href":"https:\/\/agora.xtec.cat\/ceip-mallorca\/wp-json\/wp\/v2\/posts\/8258\/revisions\/8260"}],"wp:featuredmedia":[{"embeddable":true,"href":"https:\/\/agora.xtec.cat\/ceip-mallorca\/wp-json\/wp\/v2\/media\/8259"}],"wp:attachment":[{"href":"https:\/\/agora.xtec.cat\/ceip-mallorca\/wp-json\/wp\/v2\/media?parent=8258"}],"wp:term":[{"taxonomy":"category","embeddable":true,"href":"https:\/\/agora.xtec.cat\/ceip-mallorca\/wp-json\/wp\/v2\/categories?post=8258"},{"taxonomy":"post_tag","embeddable":true,"href":"https:\/\/agora.xtec.cat\/ceip-mallorca\/wp-json\/wp\/v2\/tags?post=8258"}],"curies":[{"name":"wp","href":"https:\/\/api.w.org\/{rel}","templated":true}]}}