{"id":8227,"date":"2019-05-28T13:16:27","date_gmt":"2019-05-28T11:16:27","guid":{"rendered":"http:\/\/agora.xtec.cat\/ceip-mallorca\/?p=8227"},"modified":"2022-06-26T21:53:12","modified_gmt":"2022-06-26T19:53:12","slug":"projecte-sobre-lelectricitat","status":"publish","type":"post","link":"https:\/\/agora.xtec.cat\/ceip-mallorca\/promocions-dalumnat\/promocio-del-2007\/projecte-sobre-lelectricitat\/","title":{"rendered":"PROJECTE SOBRE L&#8217;ELECTRICITAT"},"content":{"rendered":"<p>Benvolgudes fam\u00edlies,<\/p>\n<p style=\"text-align: justify;\">El 25 de mar\u00e7, nosaltres, els alumnes de 6\u00e8, vam comen\u00e7ar a estudiar un tema interessant: L&#8217;electricitat.<\/p>\n<p style=\"text-align: justify;\">Primer ens van explicar qu\u00e8 \u00e9s un circuit el\u00e8ctric, com funciona\u00a0 i els diversos tipus. L&#8217;objectiu era que nosaltres f\u00f3ssim capa\u00e7os de fer-ne un.<\/p>\n<p style=\"text-align: justify;\">Despr\u00e9s ens vam distribuir en grups de 5-6 persones per a fer el projecte que consistia en diferents etapes:<\/p>\n<p style=\"text-align: justify;\">1r. Dissenyar el nostre projecte fent el dibuix, explicant quins materials necessitar\u00edem i en qu\u00e8 consistiria.<\/p>\n<p style=\"text-align: justify;\">2n. Portar a terme all\u00f2 que hav\u00edem pensat.<\/p>\n<p style=\"text-align: justify;\">3r. Presentaci\u00f3 de cada treball a la resta dels companys de 6\u00e8. N&#8217;hi havia de molts tipus: una roda de fira en un parc d&#8217;atraccions, un aeroport molt il\u00b7luminat, una persona de cart\u00f3 a qui se li acut una idea, un llibre amb llum per a llegir millor, una pla\u00e7a\u00a0 amb botigues amb uns fanals i un parc amb molta llum. Tots ens van quedar molt vistosos.<\/p>\n<p style=\"text-align: justify;\">En aquest \u00faltim punt vam haver de parlar davant dels nostres companys i ens vam posar una mica nerviosos, a m\u00e9s a m\u00e9s ens van gravar per a despr\u00e9s analitzar-nos i veure qu\u00e8 hav\u00edem fet b\u00e9 i que pod\u00edem millorar.<\/p>\n<p style=\"text-align: justify;\">Nosaltres estem molt contents amb el treball que hem fet i hem apr\u00e8s molt.<\/p>\n<p style=\"text-align: justify;\">Us deixem unes fotos i uns v\u00eddeos com a reflex de qu\u00e8 hem fet.<\/p>\n<p style=\"text-align: justify;\">Si us agraden, ens faria molta il\u00b7lusi\u00f3 que deix\u00e9ssiu algun comentari.<\/p>\n<p><a href=\"https:\/\/photos.google.com\/share\/AF1QipN8THp0AQrBZ1SR_bgnN5LqY6p3_lzsXeoiUs1dnDmyOVfKhS7Ml66GaoS7xQ_IBQ\/photo\/AF1QipOaFUmCEok-G_Wowh3nl8X4QJlBAVa54Y0-wmv3?key=X184bTlmdkJzTzRtTVQ4VVlrS3ZMR05pSlp2dHpB\"><img loading=\"lazy\" decoding=\"async\" class=\" wp-image-8242 aligncenter\" src=\"https:\/\/agora.xtec.cat\/ceip-mallorca\/wp-content\/uploads\/usu816\/2019\/05\/DSCN4100-1024x768.jpg\" alt=\"\" width=\"399\" height=\"299\" srcset=\"https:\/\/agora.xtec.cat\/ceip-mallorca\/wp-content\/uploads\/usu816\/2019\/05\/DSCN4100-1024x768.jpg 1024w, https:\/\/agora.xtec.cat\/ceip-mallorca\/wp-content\/uploads\/usu816\/2019\/05\/DSCN4100-300x225.jpg 300w, https:\/\/agora.xtec.cat\/ceip-mallorca\/wp-content\/uploads\/usu816\/2019\/05\/DSCN4100-768x576.jpg 768w, https:\/\/agora.xtec.cat\/ceip-mallorca\/wp-content\/uploads\/usu816\/2019\/05\/DSCN4100-200x150.jpg 200w, https:\/\/agora.xtec.cat\/ceip-mallorca\/wp-content\/uploads\/usu816\/2019\/05\/DSCN4100.jpg 1048w\" sizes=\"auto, (max-width: 399px) 100vw, 399px\" \/><\/a><\/p>\n<p>&nbsp;<\/p>\n","protected":false},"excerpt":{"rendered":"<p>Benvolgudes fam\u00edlies,<br \/>\nEl 25 de mar\u00e7, nosaltres, els alumnes de 6\u00e8, vam comen\u00e7ar a estudiar un tema interessant: L&#8217;electricitat.<br \/>\nPrimer ens van explicar qu\u00e8 \u00e9s un circuit el\u00e8ctric, com funciona\u00a0 i els diversos tipus. L&#8217;objectiu era que nosaltres f\u00f3ssim capa\u00e7os de fer-ne un.<br \/>\nDespr\u00e9s ens vam distribuir en&hellip;  <a href=\"https:\/\/agora.xtec.cat\/ceip-mallorca\/promocions-dalumnat\/promocio-del-2007\/projecte-sobre-lelectricitat\/\" title=\"Read PROJECTE SOBRE L&#8217;ELECTRICITAT\">Llegeix m\u00e9s\u00bb<\/a><\/p>\n","protected":false},"author":52,"featured_media":8242,"comment_status":"open","ping_status":"closed","sticky":false,"template":"","format":"standard","meta":{"_bbp_topic_count":0,"_bbp_reply_count":0,"_bbp_total_topic_count":0,"_bbp_total_reply_count":0,"_bbp_voice_count":0,"_bbp_anonymous_reply_count":0,"_bbp_topic_count_hidden":0,"_bbp_reply_count_hidden":0,"_bbp_forum_subforum_count":0,"footnotes":""},"categories":[271,123],"tags":[],"class_list":["post-8227","post","type-post","status-publish","format-standard","has-post-thumbnail","hentry","category-18-19","category-promocio-del-2007"],"post_mailing_queue_ids":[],"_links":{"self":[{"href":"https:\/\/agora.xtec.cat\/ceip-mallorca\/wp-json\/wp\/v2\/posts\/8227","targetHints":{"allow":["GET"]}}],"collection":[{"href":"https:\/\/agora.xtec.cat\/ceip-mallorca\/wp-json\/wp\/v2\/posts"}],"about":[{"href":"https:\/\/agora.xtec.cat\/ceip-mallorca\/wp-json\/wp\/v2\/types\/post"}],"author":[{"embeddable":true,"href":"https:\/\/agora.xtec.cat\/ceip-mallorca\/wp-json\/wp\/v2\/users\/52"}],"replies":[{"embeddable":true,"href":"https:\/\/agora.xtec.cat\/ceip-mallorca\/wp-json\/wp\/v2\/comments?post=8227"}],"version-history":[{"count":3,"href":"https:\/\/agora.xtec.cat\/ceip-mallorca\/wp-json\/wp\/v2\/posts\/8227\/revisions"}],"predecessor-version":[{"id":8243,"href":"https:\/\/agora.xtec.cat\/ceip-mallorca\/wp-json\/wp\/v2\/posts\/8227\/revisions\/8243"}],"wp:featuredmedia":[{"embeddable":true,"href":"https:\/\/agora.xtec.cat\/ceip-mallorca\/wp-json\/wp\/v2\/media\/8242"}],"wp:attachment":[{"href":"https:\/\/agora.xtec.cat\/ceip-mallorca\/wp-json\/wp\/v2\/media?parent=8227"}],"wp:term":[{"taxonomy":"category","embeddable":true,"href":"https:\/\/agora.xtec.cat\/ceip-mallorca\/wp-json\/wp\/v2\/categories?post=8227"},{"taxonomy":"post_tag","embeddable":true,"href":"https:\/\/agora.xtec.cat\/ceip-mallorca\/wp-json\/wp\/v2\/tags?post=8227"}],"curies":[{"name":"wp","href":"https:\/\/api.w.org\/{rel}","templated":true}]}}