{"id":16180,"date":"2025-10-30T13:30:13","date_gmt":"2025-10-30T12:30:13","guid":{"rendered":"https:\/\/agora.xtec.cat\/ceip-mallorca\/?p=16180"},"modified":"2025-10-30T13:30:13","modified_gmt":"2025-10-30T12:30:13","slug":"sortida-de-tardor-a-la-granja-escola-can-pou-i4-i5","status":"publish","type":"post","link":"https:\/\/agora.xtec.cat\/ceip-mallorca\/comunitats\/comunitat-de-petits\/i-4\/sortida-de-tardor-a-la-granja-escola-can-pou-i4-i5\/","title":{"rendered":"Sortida de Tardor a la Granja Escola Can Pou (I4, I5)"},"content":{"rendered":"<p><span style=\"font-weight: 400;\">El passat 16 d\u2019octubre, els infants d\u2019I4 i I5 vam anar d\u2019excursi\u00f3 a la Granja Escola Can Pou.<\/span><\/p>\n<p><span style=\"font-weight: 400;\">All\u00e0 vam gaudir d\u2019un recorregut per l\u2019entorn natural de la granja, on vam observar el canvi de colors de les fulles, vam sentir els sons de la natura i vam descobrir els secrets del bosc a la tardor.\u00a0<\/span><\/p>\n<p><span style=\"font-weight: 400;\">Tamb\u00e9 ens va visitar la Castanyera, que ens va explicar hist\u00f2ries i can\u00e7ons de tardor i, vam fer un taller de panellets. N\u2019hi havia de coco, de xocolata i d\u2019ametlles, tots ben bons! Igual que les castanyes ben torrades que ens va preparar la senyora Castanyera.<\/span><\/p>\n<p><span style=\"font-weight: 400;\">Vam gaudir d\u2019un dia m\u00e0gic de tardor!<\/span><\/p>\n<p><img loading=\"lazy\" decoding=\"async\" class=\"wp-image-16184 aligncenter\" src=\"https:\/\/agora.xtec.cat\/ceip-mallorca\/wp-content\/uploads\/usu816\/2025\/10\/c10eb165-f859-4762-830a-b54fc4db8db4-1-1024x941.jpg\" alt=\"\" width=\"487\" height=\"448\" srcset=\"https:\/\/agora.xtec.cat\/ceip-mallorca\/wp-content\/uploads\/usu816\/2025\/10\/c10eb165-f859-4762-830a-b54fc4db8db4-1-1024x941.jpg 1024w, https:\/\/agora.xtec.cat\/ceip-mallorca\/wp-content\/uploads\/usu816\/2025\/10\/c10eb165-f859-4762-830a-b54fc4db8db4-1-300x276.jpg 300w, https:\/\/agora.xtec.cat\/ceip-mallorca\/wp-content\/uploads\/usu816\/2025\/10\/c10eb165-f859-4762-830a-b54fc4db8db4-1-768x706.jpg 768w, https:\/\/agora.xtec.cat\/ceip-mallorca\/wp-content\/uploads\/usu816\/2025\/10\/c10eb165-f859-4762-830a-b54fc4db8db4-1-1536x1411.jpg 1536w, https:\/\/agora.xtec.cat\/ceip-mallorca\/wp-content\/uploads\/usu816\/2025\/10\/c10eb165-f859-4762-830a-b54fc4db8db4-1.jpg 1884w\" sizes=\"auto, (max-width: 487px) 100vw, 487px\" \/><\/p>\n<p><!--a=1--><\/p>\n","protected":false},"excerpt":{"rendered":"<p>El passat 16 d\u2019octubre, els infants d\u2019I4 i I5 vam anar d\u2019excursi\u00f3 a la Granja Escola Can Pou.<br \/>\nAll\u00e0 vam gaudir d\u2019un recorregut per l\u2019entorn natural de la granja, on vam observar el canvi de colors de les fulles, vam sentir els sons de la natura&hellip;  <a href=\"https:\/\/agora.xtec.cat\/ceip-mallorca\/comunitats\/comunitat-de-petits\/i-4\/sortida-de-tardor-a-la-granja-escola-can-pou-i4-i5\/\" title=\"Read Sortida de Tardor a la Granja Escola Can Pou (I4, I5)\">Llegeix m\u00e9s\u00bb<\/a><\/p>\n","protected":false},"author":50,"featured_media":16182,"comment_status":"open","ping_status":"open","sticky":false,"template":"","format":"standard","meta":{"_bbp_topic_count":0,"_bbp_reply_count":0,"_bbp_total_topic_count":0,"_bbp_total_reply_count":0,"_bbp_voice_count":0,"_bbp_anonymous_reply_count":0,"_bbp_topic_count_hidden":0,"_bbp_reply_count_hidden":0,"_bbp_forum_subforum_count":0,"footnotes":""},"categories":[255,340,8,9,71,84,324,339],"tags":[],"class_list":["post-16180","post","type-post","status-publish","format-standard","has-post-thumbnail","hentry","category-comunitat-de-petits","category-curs-2025-2026","category-i-4","category-i-5","category-la-castanyada","category-portada","category-promocio-del-2020","category-promocio-del-2021"],"post_mailing_queue_ids":[],"_links":{"self":[{"href":"https:\/\/agora.xtec.cat\/ceip-mallorca\/wp-json\/wp\/v2\/posts\/16180","targetHints":{"allow":["GET"]}}],"collection":[{"href":"https:\/\/agora.xtec.cat\/ceip-mallorca\/wp-json\/wp\/v2\/posts"}],"about":[{"href":"https:\/\/agora.xtec.cat\/ceip-mallorca\/wp-json\/wp\/v2\/types\/post"}],"author":[{"embeddable":true,"href":"https:\/\/agora.xtec.cat\/ceip-mallorca\/wp-json\/wp\/v2\/users\/50"}],"replies":[{"embeddable":true,"href":"https:\/\/agora.xtec.cat\/ceip-mallorca\/wp-json\/wp\/v2\/comments?post=16180"}],"version-history":[{"count":4,"href":"https:\/\/agora.xtec.cat\/ceip-mallorca\/wp-json\/wp\/v2\/posts\/16180\/revisions"}],"predecessor-version":[{"id":16187,"href":"https:\/\/agora.xtec.cat\/ceip-mallorca\/wp-json\/wp\/v2\/posts\/16180\/revisions\/16187"}],"wp:featuredmedia":[{"embeddable":true,"href":"https:\/\/agora.xtec.cat\/ceip-mallorca\/wp-json\/wp\/v2\/media\/16182"}],"wp:attachment":[{"href":"https:\/\/agora.xtec.cat\/ceip-mallorca\/wp-json\/wp\/v2\/media?parent=16180"}],"wp:term":[{"taxonomy":"category","embeddable":true,"href":"https:\/\/agora.xtec.cat\/ceip-mallorca\/wp-json\/wp\/v2\/categories?post=16180"},{"taxonomy":"post_tag","embeddable":true,"href":"https:\/\/agora.xtec.cat\/ceip-mallorca\/wp-json\/wp\/v2\/tags?post=16180"}],"curies":[{"name":"wp","href":"https:\/\/api.w.org\/{rel}","templated":true}]}}