{"id":15967,"date":"2025-05-22T12:14:55","date_gmt":"2025-05-22T10:14:55","guid":{"rendered":"https:\/\/agora.xtec.cat\/ceip-mallorca\/?p=15967"},"modified":"2025-05-22T12:14:55","modified_gmt":"2025-05-22T10:14:55","slug":"els-infants-de-1r-hem-anat-a-la-biblioteca-agusti-centelles","status":"publish","type":"post","link":"https:\/\/agora.xtec.cat\/ceip-mallorca\/general\/els-infants-de-1r-hem-anat-a-la-biblioteca-agusti-centelles\/","title":{"rendered":"Els infants de 1r hem anat a la Biblioteca Agust\u00ed Centelles"},"content":{"rendered":"<p data-pm-slice=\"1 1 []\">Les nenes i nens de 1r hem anat a la Biblioteca Agust\u00ed Centelles, la biblioteca p\u00fablica del nostre barri. Ens han ensenyat les diferents parts de l&#8217;\u00e0rea infantil de la biblioteca i hem pogut passar una bona estona descobrint, llegint i compartint contes.<\/p>\n<p data-pm-slice=\"1 1 []\"><a href=\"https:\/\/agora.xtec.cat\/ceip-mallorca\/wp-content\/uploads\/usu816\/2025\/05\/20250513_100216-scaled.jpg\"><img loading=\"lazy\" decoding=\"async\" class=\"aligncenter size-thumbnail wp-image-15974\" src=\"https:\/\/agora.xtec.cat\/ceip-mallorca\/wp-content\/uploads\/usu816\/2025\/05\/20250513_100216-150x150.jpg\" alt=\"\" width=\"150\" height=\"150\" \/><\/a><\/p>\n","protected":false},"excerpt":{"rendered":"<p>Les nenes i nens de 1r hem anat a la Biblioteca Agust\u00ed Centelles, la biblioteca p\u00fablica del nostre barri. Ens han ensenyat les diferents parts de l&#8217;\u00e0rea infantil de la biblioteca i hem pogut passar una bona estona descobrint, llegint i compartint contes.<br \/>\n<a href=\"https:\/\/agora.xtec.cat\/ceip-mallorca\/wp-content\/uploads\/usu816\/2025\/05\/20250513_100216-scaled.jpg\"><\/a><\/p>\n","protected":false},"author":51,"featured_media":0,"comment_status":"open","ping_status":"closed","sticky":false,"template":"","format":"standard","meta":{"_bbp_topic_count":0,"_bbp_reply_count":0,"_bbp_total_topic_count":0,"_bbp_total_reply_count":0,"_bbp_voice_count":0,"_bbp_anonymous_reply_count":0,"_bbp_topic_count_hidden":0,"_bbp_reply_count_hidden":0,"_bbp_forum_subforum_count":0,"footnotes":""},"categories":[10,130,256,338,1,84,5,183],"tags":[],"class_list":["post-15967","post","type-post","status-publish","format-standard","hentry","category-1r","category-biblioteca","category-comunitat-de-mitjans","category-curs-2024-2025","category-general","category-portada","category-primaria","category-promocio-del-2018"],"post_mailing_queue_ids":[],"_links":{"self":[{"href":"https:\/\/agora.xtec.cat\/ceip-mallorca\/wp-json\/wp\/v2\/posts\/15967","targetHints":{"allow":["GET"]}}],"collection":[{"href":"https:\/\/agora.xtec.cat\/ceip-mallorca\/wp-json\/wp\/v2\/posts"}],"about":[{"href":"https:\/\/agora.xtec.cat\/ceip-mallorca\/wp-json\/wp\/v2\/types\/post"}],"author":[{"embeddable":true,"href":"https:\/\/agora.xtec.cat\/ceip-mallorca\/wp-json\/wp\/v2\/users\/51"}],"replies":[{"embeddable":true,"href":"https:\/\/agora.xtec.cat\/ceip-mallorca\/wp-json\/wp\/v2\/comments?post=15967"}],"version-history":[{"count":4,"href":"https:\/\/agora.xtec.cat\/ceip-mallorca\/wp-json\/wp\/v2\/posts\/15967\/revisions"}],"predecessor-version":[{"id":15979,"href":"https:\/\/agora.xtec.cat\/ceip-mallorca\/wp-json\/wp\/v2\/posts\/15967\/revisions\/15979"}],"wp:attachment":[{"href":"https:\/\/agora.xtec.cat\/ceip-mallorca\/wp-json\/wp\/v2\/media?parent=15967"}],"wp:term":[{"taxonomy":"category","embeddable":true,"href":"https:\/\/agora.xtec.cat\/ceip-mallorca\/wp-json\/wp\/v2\/categories?post=15967"},{"taxonomy":"post_tag","embeddable":true,"href":"https:\/\/agora.xtec.cat\/ceip-mallorca\/wp-json\/wp\/v2\/tags?post=15967"}],"curies":[{"name":"wp","href":"https:\/\/api.w.org\/{rel}","templated":true}]}}