{"id":15951,"date":"2025-05-08T13:21:07","date_gmt":"2025-05-08T11:21:07","guid":{"rendered":"https:\/\/agora.xtec.cat\/ceip-mallorca\/?p=15951"},"modified":"2025-05-12T20:48:40","modified_gmt":"2025-05-12T18:48:40","slug":"excursio-a-la-sala-barcelona-del-museu-terra","status":"publish","type":"post","link":"https:\/\/agora.xtec.cat\/ceip-mallorca\/general\/excursio-a-la-sala-barcelona-del-museu-terra\/","title":{"rendered":"Excursi\u00f3 a la Sala Barcelona del Museu Terra"},"content":{"rendered":"<p><span style=\"font-weight: 400;\">Hola, fam\u00edlies, el passat 11 d\u2019abril els alumnes de 5\u00e8 vam anar a la Sala Barcelona del Museu Terra. Hi vam anar amb transport p\u00fablic, vam agafar la l\u00ednia 5 i vam fer transbord amb la l\u00ednia 4 a la parada de Verdaguer. Vam baixar a Llacuna vam caminar 5 minuts i vam arribar al nostre dest\u00ed. Quan vam arribar vam esmorzar, ens van donar la benvinguda i vam comen\u00e7ar les activitats.<\/span><\/p>\n<p><span style=\"font-weight: 400;\">En el museu vam fer moltes activitats.<\/span><\/p>\n<p><span style=\"font-weight: 400;\">La primera activitat va ser que hav\u00edem de fer una pir\u00e0mide amb gots de iogurt no pod\u00edem tocar-los amb les mans i hav\u00edem de posar-los amb unes cordes.<\/span><\/p>\n<p><span style=\"font-weight: 400;\">La segona activitat, que eren unes preguntes i un v\u00eddeo ens va fer reflexionar sobre com ens ha canviat el pl\u00e0stic.<\/span><\/p>\n<p><span style=\"font-weight: 400;\">La tercera activitat va ser com la segona per\u00f2 amb objectes.<\/span><\/p>\n<p><span style=\"font-weight: 400;\">La quarta activitat que tamb\u00e9 era una pregunta era: de qu\u00e8 estaven fets els materials que comprem.<\/span><\/p>\n<p><span style=\"font-weight: 400;\">Despr\u00e9s ens van deixar que mir\u00e9ssim unes obres d\u2019art amb pl\u00e0stic. Despr\u00e9s de tot aix\u00f2 vam veure un v\u00eddeo, finalment vam passar per un t\u00fanel ple de pl\u00e0stics.<\/span><\/p>\n<p><span style=\"font-weight: 400;\">Despr\u00e9s de tot aix\u00f2 vam fer un taller de m\u00fasica amb pl\u00e0stics.<\/span><\/p>\n<p><span style=\"font-weight: 400;\">La primera activitat del taller, vam fer m\u00fasica amb bosses de pl\u00e0stic.<\/span><\/p>\n<p><span style=\"font-weight: 400;\">La segona activitat vam fer m\u00fasica amb tubs de l&#8217;electricitat.<\/span><\/p>\n<p><span style=\"font-weight: 400;\">La tercera activitat vam fer m\u00fasica amb tubs de m\u00fasica.\u00a0\u00a0<\/span><\/p>\n<p><span style=\"font-weight: 400;\">Despr\u00e9s de dinar vam jugar i despr\u00e9s vam tornar amb metro.\u00a0<\/span><\/p>\n<p><span style=\"font-weight: 400;\">Les activitats ens van semblar molt interessants!!!\u00a0<\/span><\/p>\n<p><span style=\"font-weight: 400;\">Enric I. i Pau Ll.<\/span><\/p>\n<p style=\"text-align: center;\"><a href=\"https:\/\/agora.xtec.cat\/ceip-mallorca\/wp-content\/uploads\/usu816\/2025\/05\/20250411_101737.jpg\"><img loading=\"lazy\" decoding=\"async\" class=\"alignnone wp-image-15953\" src=\"https:\/\/agora.xtec.cat\/ceip-mallorca\/wp-content\/uploads\/usu816\/2025\/05\/20250411_101737.jpg\" alt=\"\" width=\"191\" height=\"173\" srcset=\"https:\/\/agora.xtec.cat\/ceip-mallorca\/wp-content\/uploads\/usu816\/2025\/05\/20250411_101737.jpg 987w, https:\/\/agora.xtec.cat\/ceip-mallorca\/wp-content\/uploads\/usu816\/2025\/05\/20250411_101737-300x272.jpg 300w, https:\/\/agora.xtec.cat\/ceip-mallorca\/wp-content\/uploads\/usu816\/2025\/05\/20250411_101737-768x696.jpg 768w\" sizes=\"auto, (max-width: 191px) 100vw, 191px\" \/><\/a><\/p>\n","protected":false},"excerpt":{"rendered":"<p>Hola, fam\u00edlies, el passat 11 d\u2019abril els alumnes de 5\u00e8 vam anar a la Sala Barcelona del Museu Terra. Hi vam anar amb transport p\u00fablic, vam agafar la l\u00ednia 5 i vam fer transbord amb la l\u00ednia 4 a la parada de Verdaguer. Vam baixar&hellip;  <a href=\"https:\/\/agora.xtec.cat\/ceip-mallorca\/general\/excursio-a-la-sala-barcelona-del-museu-terra\/\" title=\"Read Excursi\u00f3 a la Sala Barcelona del Museu Terra\">Llegeix m\u00e9s\u00bb<\/a><\/p>\n","protected":false},"author":52,"featured_media":0,"comment_status":"closed","ping_status":"closed","sticky":false,"template":"","format":"standard","meta":{"_bbp_topic_count":0,"_bbp_reply_count":0,"_bbp_total_topic_count":0,"_bbp_total_reply_count":0,"_bbp_voice_count":0,"_bbp_anonymous_reply_count":0,"_bbp_topic_count_hidden":0,"_bbp_reply_count_hidden":0,"_bbp_forum_subforum_count":0,"footnotes":""},"categories":[14,257,266,338,1,84,5,135],"tags":[],"class_list":["post-15951","post","type-post","status-publish","format-standard","hentry","category-5e","category-comunitat-de-grans","category-comunitats","category-curs-2024-2025","category-general","category-portada","category-primaria","category-promocio-del-2014"],"post_mailing_queue_ids":[],"_links":{"self":[{"href":"https:\/\/agora.xtec.cat\/ceip-mallorca\/wp-json\/wp\/v2\/posts\/15951","targetHints":{"allow":["GET"]}}],"collection":[{"href":"https:\/\/agora.xtec.cat\/ceip-mallorca\/wp-json\/wp\/v2\/posts"}],"about":[{"href":"https:\/\/agora.xtec.cat\/ceip-mallorca\/wp-json\/wp\/v2\/types\/post"}],"author":[{"embeddable":true,"href":"https:\/\/agora.xtec.cat\/ceip-mallorca\/wp-json\/wp\/v2\/users\/52"}],"replies":[{"embeddable":true,"href":"https:\/\/agora.xtec.cat\/ceip-mallorca\/wp-json\/wp\/v2\/comments?post=15951"}],"version-history":[{"count":3,"href":"https:\/\/agora.xtec.cat\/ceip-mallorca\/wp-json\/wp\/v2\/posts\/15951\/revisions"}],"predecessor-version":[{"id":15957,"href":"https:\/\/agora.xtec.cat\/ceip-mallorca\/wp-json\/wp\/v2\/posts\/15951\/revisions\/15957"}],"wp:attachment":[{"href":"https:\/\/agora.xtec.cat\/ceip-mallorca\/wp-json\/wp\/v2\/media?parent=15951"}],"wp:term":[{"taxonomy":"category","embeddable":true,"href":"https:\/\/agora.xtec.cat\/ceip-mallorca\/wp-json\/wp\/v2\/categories?post=15951"},{"taxonomy":"post_tag","embeddable":true,"href":"https:\/\/agora.xtec.cat\/ceip-mallorca\/wp-json\/wp\/v2\/tags?post=15951"}],"curies":[{"name":"wp","href":"https:\/\/api.w.org\/{rel}","templated":true}]}}