{"id":3291,"date":"2025-06-11T12:47:23","date_gmt":"2025-06-11T10:47:23","guid":{"rendered":"https:\/\/agora.xtec.cat\/ceip-madrenc\/?p=3291"},"modified":"2025-06-11T12:51:50","modified_gmt":"2025-06-11T10:51:50","slug":"visita-al-museu-de-la-pesca-de-palamos","status":"publish","type":"post","link":"https:\/\/agora.xtec.cat\/ceip-madrenc\/blocs\/cm\/visita-al-museu-de-la-pesca-de-palamos\/","title":{"rendered":"Visita al museu de la pesca de Palam\u00f3s"},"content":{"rendered":"\n<p><strong>L\u2019alumnat de Cicle mitj\u00e0 va fer una sortida a Palam\u00f3s on l\u2019objectiu era con\u00e8ixer una mica m\u00e9s la professi\u00f3 de pescador,&nbsp; i tamb\u00e9 la flora i la fauna del nostre litoral mar\u00edtim. Entre d\u2019altres activitats, tamb\u00e9 vam visitar una barca de pesca i vam visitar el museu de la pesca.<\/strong><\/p>\n\n\n\n<div class=\"wp-block-getwid-images-slider has-arrows-inside has-dots-inside has-images-center has-cropped-images\"><div class=\"wp-block-getwid-images-slider__wrapper\" data-effect=\"slide\" data-slides-show=\"1\" data-slides-show-laptop=\"1\" data-slides-show-tablet=\"1\" data-slides-show-mobile=\"1\" data-slides-scroll=\"1\" data-autoplay=\"false\" data-pause-hover=\"false\" data-autoplay-speed=\"6000\" data-infinite=\"true\" data-animation-speed=\"800\" data-center-mode=\"false\" data-variable-width=\"false\" data-arrows=\"inside\" data-dots=\"inside\" data-spacing=\"none\"><div class=\"wp-block-getwid-images-slider__item\"><figure><img loading=\"lazy\" decoding=\"async\" width=\"2560\" height=\"1444\" src=\"https:\/\/agora.xtec.cat\/ceip-madrenc\/wp-content\/uploads\/usu322\/2025\/06\/IMG20250604110537-scaled.jpg\" data-id=\"3294\" data-link=\"https:\/\/agora.xtec.cat\/ceip-madrenc\/blocs\/cm\/visita-al-museu-de-la-pesca-de-palamos\/attachment\/img20250604110537\/\" data-original-link=\"https:\/\/agora.xtec.cat\/ceip-madrenc\/wp-content\/uploads\/usu322\/2025\/06\/IMG20250604110537-scaled.jpg\" class=\"wp-block-getwid-images-slider__image wp-image-3294\" srcset=\"https:\/\/agora.xtec.cat\/ceip-madrenc\/wp-content\/uploads\/usu322\/2025\/06\/IMG20250604110537-scaled.jpg 2560w, https:\/\/agora.xtec.cat\/ceip-madrenc\/wp-content\/uploads\/usu322\/2025\/06\/IMG20250604110537-300x169.jpg 300w, https:\/\/agora.xtec.cat\/ceip-madrenc\/wp-content\/uploads\/usu322\/2025\/06\/IMG20250604110537-1024x578.jpg 1024w, https:\/\/agora.xtec.cat\/ceip-madrenc\/wp-content\/uploads\/usu322\/2025\/06\/IMG20250604110537-768x433.jpg 768w, https:\/\/agora.xtec.cat\/ceip-madrenc\/wp-content\/uploads\/usu322\/2025\/06\/IMG20250604110537-1536x866.jpg 1536w, https:\/\/agora.xtec.cat\/ceip-madrenc\/wp-content\/uploads\/usu322\/2025\/06\/IMG20250604110537-2048x1155.jpg 2048w\" sizes=\"auto, (max-width: 2560px) 100vw, 2560px\" \/><\/figure><\/div><div class=\"wp-block-getwid-images-slider__item\"><figure><img loading=\"lazy\" decoding=\"async\" width=\"2560\" height=\"1920\" src=\"https:\/\/agora.xtec.cat\/ceip-madrenc\/wp-content\/uploads\/usu322\/2025\/06\/IMG_6392-scaled.jpg\" data-id=\"3296\" data-link=\"https:\/\/agora.xtec.cat\/ceip-madrenc\/blocs\/cm\/visita-al-museu-de-la-pesca-de-palamos\/attachment\/img_6392\/\" data-original-link=\"https:\/\/agora.xtec.cat\/ceip-madrenc\/wp-content\/uploads\/usu322\/2025\/06\/IMG_6392-scaled.jpg\" class=\"wp-block-getwid-images-slider__image wp-image-3296\" srcset=\"https:\/\/agora.xtec.cat\/ceip-madrenc\/wp-content\/uploads\/usu322\/2025\/06\/IMG_6392-scaled.jpg 2560w, https:\/\/agora.xtec.cat\/ceip-madrenc\/wp-content\/uploads\/usu322\/2025\/06\/IMG_6392-300x225.jpg 300w, https:\/\/agora.xtec.cat\/ceip-madrenc\/wp-content\/uploads\/usu322\/2025\/06\/IMG_6392-1024x768.jpg 1024w, https:\/\/agora.xtec.cat\/ceip-madrenc\/wp-content\/uploads\/usu322\/2025\/06\/IMG_6392-768x576.jpg 768w, https:\/\/agora.xtec.cat\/ceip-madrenc\/wp-content\/uploads\/usu322\/2025\/06\/IMG_6392-1536x1152.jpg 1536w, https:\/\/agora.xtec.cat\/ceip-madrenc\/wp-content\/uploads\/usu322\/2025\/06\/IMG_6392-2048x1536.jpg 2048w\" sizes=\"auto, (max-width: 2560px) 100vw, 2560px\" \/><\/figure><\/div><div class=\"wp-block-getwid-images-slider__item\"><figure><img loading=\"lazy\" decoding=\"async\" width=\"2560\" height=\"1444\" src=\"https:\/\/agora.xtec.cat\/ceip-madrenc\/wp-content\/uploads\/usu322\/2025\/06\/IMG20250604142535-scaled.jpg\" data-id=\"3293\" data-link=\"https:\/\/agora.xtec.cat\/ceip-madrenc\/blocs\/cm\/visita-al-museu-de-la-pesca-de-palamos\/attachment\/img20250604142535\/\" data-original-link=\"https:\/\/agora.xtec.cat\/ceip-madrenc\/wp-content\/uploads\/usu322\/2025\/06\/IMG20250604142535-scaled.jpg\" class=\"wp-block-getwid-images-slider__image wp-image-3293\" srcset=\"https:\/\/agora.xtec.cat\/ceip-madrenc\/wp-content\/uploads\/usu322\/2025\/06\/IMG20250604142535-scaled.jpg 2560w, https:\/\/agora.xtec.cat\/ceip-madrenc\/wp-content\/uploads\/usu322\/2025\/06\/IMG20250604142535-300x169.jpg 300w, https:\/\/agora.xtec.cat\/ceip-madrenc\/wp-content\/uploads\/usu322\/2025\/06\/IMG20250604142535-1024x578.jpg 1024w, https:\/\/agora.xtec.cat\/ceip-madrenc\/wp-content\/uploads\/usu322\/2025\/06\/IMG20250604142535-768x433.jpg 768w, https:\/\/agora.xtec.cat\/ceip-madrenc\/wp-content\/uploads\/usu322\/2025\/06\/IMG20250604142535-1536x866.jpg 1536w, https:\/\/agora.xtec.cat\/ceip-madrenc\/wp-content\/uploads\/usu322\/2025\/06\/IMG20250604142535-2048x1155.jpg 2048w\" sizes=\"auto, (max-width: 2560px) 100vw, 2560px\" \/><\/figure><\/div><div class=\"wp-block-getwid-images-slider__item\"><figure><img loading=\"lazy\" decoding=\"async\" width=\"1920\" height=\"2560\" src=\"https:\/\/agora.xtec.cat\/ceip-madrenc\/wp-content\/uploads\/usu322\/2025\/06\/IMG_6407-1-scaled.jpg\" data-id=\"3299\" data-link=\"https:\/\/agora.xtec.cat\/ceip-madrenc\/blocs\/cm\/visita-al-museu-de-la-pesca-de-palamos\/attachment\/img_6407-2\/\" data-original-link=\"https:\/\/agora.xtec.cat\/ceip-madrenc\/wp-content\/uploads\/usu322\/2025\/06\/IMG_6407-1-scaled.jpg\" class=\"wp-block-getwid-images-slider__image wp-image-3299\" srcset=\"https:\/\/agora.xtec.cat\/ceip-madrenc\/wp-content\/uploads\/usu322\/2025\/06\/IMG_6407-1-scaled.jpg 1920w, https:\/\/agora.xtec.cat\/ceip-madrenc\/wp-content\/uploads\/usu322\/2025\/06\/IMG_6407-1-225x300.jpg 225w, https:\/\/agora.xtec.cat\/ceip-madrenc\/wp-content\/uploads\/usu322\/2025\/06\/IMG_6407-1-768x1024.jpg 768w, https:\/\/agora.xtec.cat\/ceip-madrenc\/wp-content\/uploads\/usu322\/2025\/06\/IMG_6407-1-1152x1536.jpg 1152w, https:\/\/agora.xtec.cat\/ceip-madrenc\/wp-content\/uploads\/usu322\/2025\/06\/IMG_6407-1-1536x2048.jpg 1536w\" sizes=\"auto, (max-width: 1920px) 100vw, 1920px\" \/><\/figure><\/div><div class=\"wp-block-getwid-images-slider__item\"><figure><img loading=\"lazy\" decoding=\"async\" width=\"1922\" height=\"2560\" src=\"https:\/\/agora.xtec.cat\/ceip-madrenc\/wp-content\/uploads\/usu322\/2025\/06\/IMG_20250604_115620-1-scaled.jpg\" data-id=\"3300\" data-link=\"https:\/\/agora.xtec.cat\/ceip-madrenc\/blocs\/cm\/visita-al-museu-de-la-pesca-de-palamos\/attachment\/img_20250604_115620-2\/\" data-original-link=\"https:\/\/agora.xtec.cat\/ceip-madrenc\/wp-content\/uploads\/usu322\/2025\/06\/IMG_20250604_115620-1-scaled.jpg\" class=\"wp-block-getwid-images-slider__image wp-image-3300\" srcset=\"https:\/\/agora.xtec.cat\/ceip-madrenc\/wp-content\/uploads\/usu322\/2025\/06\/IMG_20250604_115620-1-scaled.jpg 1922w, https:\/\/agora.xtec.cat\/ceip-madrenc\/wp-content\/uploads\/usu322\/2025\/06\/IMG_20250604_115620-1-225x300.jpg 225w, https:\/\/agora.xtec.cat\/ceip-madrenc\/wp-content\/uploads\/usu322\/2025\/06\/IMG_20250604_115620-1-769x1024.jpg 769w, https:\/\/agora.xtec.cat\/ceip-madrenc\/wp-content\/uploads\/usu322\/2025\/06\/IMG_20250604_115620-1-768x1023.jpg 768w, https:\/\/agora.xtec.cat\/ceip-madrenc\/wp-content\/uploads\/usu322\/2025\/06\/IMG_20250604_115620-1-1153x1536.jpg 1153w, https:\/\/agora.xtec.cat\/ceip-madrenc\/wp-content\/uploads\/usu322\/2025\/06\/IMG_20250604_115620-1-1538x2048.jpg 1538w\" sizes=\"auto, (max-width: 1922px) 100vw, 1922px\" \/><\/figure><\/div><\/div><\/div>\n","protected":false},"excerpt":{"rendered":"<p>L\u2019alumnat de Cicle mitj\u00e0 va fer una sortida a Palam\u00f3s on l\u2019objectiu era con\u00e8ixer una mica m\u00e9s la professi\u00f3 de [&hellip;]<\/p>\n","protected":false},"author":1,"featured_media":3294,"comment_status":"closed","ping_status":"open","sticky":false,"template":"","format":"standard","meta":{"_bbp_topic_count":0,"_bbp_reply_count":0,"_bbp_total_topic_count":0,"_bbp_total_reply_count":0,"_bbp_voice_count":0,"_bbp_anonymous_reply_count":0,"_bbp_topic_count_hidden":0,"_bbp_reply_count_hidden":0,"_bbp_forum_subforum_count":0,"site-sidebar-layout":"default","site-content-layout":"","ast-site-content-layout":"default","site-content-style":"default","site-sidebar-style":"default","ast-global-header-display":"","ast-banner-title-visibility":"","ast-main-header-display":"","ast-hfb-above-header-display":"","ast-hfb-below-header-display":"","ast-hfb-mobile-header-display":"","site-post-title":"","ast-breadcrumbs-content":"","ast-featured-img":"","footer-sml-layout":"","theme-transparent-header-meta":"","adv-header-id-meta":"","stick-header-meta":"","header-above-stick-meta":"","header-main-stick-meta":"","header-below-stick-meta":"","astra-migrate-meta-layouts":"set","ast-page-background-enabled":"default","ast-page-background-meta":{"desktop":{"background-color":"var(--ast-global-color-4)","background-image":"","background-repeat":"repeat","background-position":"center center","background-size":"auto","background-attachment":"scroll","background-type":"","background-media":"","overlay-type":"","overlay-color":"","overlay-opacity":"","overlay-gradient":""},"tablet":{"background-color":"","background-image":"","background-repeat":"repeat","background-position":"center center","background-size":"auto","background-attachment":"scroll","background-type":"","background-media":"","overlay-type":"","overlay-color":"","overlay-opacity":"","overlay-gradient":""},"mobile":{"background-color":"","background-image":"","background-repeat":"repeat","background-position":"center center","background-size":"auto","background-attachment":"scroll","background-type":"","background-media":"","overlay-type":"","overlay-color":"","overlay-opacity":"","overlay-gradient":""}},"ast-content-background-meta":{"desktop":{"background-color":"var(--ast-global-color-5)","background-image":"","background-repeat":"repeat","background-position":"center center","background-size":"auto","background-attachment":"scroll","background-type":"","background-media":"","overlay-type":"","overlay-color":"","overlay-opacity":"","overlay-gradient":""},"tablet":{"background-color":"var(--ast-global-color-5)","background-image":"","background-repeat":"repeat","background-position":"center center","background-size":"auto","background-attachment":"scroll","background-type":"","background-media":"","overlay-type":"","overlay-color":"","overlay-opacity":"","overlay-gradient":""},"mobile":{"background-color":"var(--ast-global-color-5)","background-image":"","background-repeat":"repeat","background-position":"center center","background-size":"auto","background-attachment":"scroll","background-type":"","background-media":"","overlay-type":"","overlay-color":"","overlay-opacity":"","overlay-gradient":""}},"footnotes":""},"categories":[12],"tags":[],"class_list":["post-3291","post","type-post","status-publish","format-standard","has-post-thumbnail","hentry","category-cm"],"post_mailing_queue_ids":[],"_links":{"self":[{"href":"https:\/\/agora.xtec.cat\/ceip-madrenc\/wp-json\/wp\/v2\/posts\/3291","targetHints":{"allow":["GET"]}}],"collection":[{"href":"https:\/\/agora.xtec.cat\/ceip-madrenc\/wp-json\/wp\/v2\/posts"}],"about":[{"href":"https:\/\/agora.xtec.cat\/ceip-madrenc\/wp-json\/wp\/v2\/types\/post"}],"author":[{"embeddable":true,"href":"https:\/\/agora.xtec.cat\/ceip-madrenc\/wp-json\/wp\/v2\/users\/1"}],"replies":[{"embeddable":true,"href":"https:\/\/agora.xtec.cat\/ceip-madrenc\/wp-json\/wp\/v2\/comments?post=3291"}],"version-history":[{"count":4,"href":"https:\/\/agora.xtec.cat\/ceip-madrenc\/wp-json\/wp\/v2\/posts\/3291\/revisions"}],"predecessor-version":[{"id":3302,"href":"https:\/\/agora.xtec.cat\/ceip-madrenc\/wp-json\/wp\/v2\/posts\/3291\/revisions\/3302"}],"wp:featuredmedia":[{"embeddable":true,"href":"https:\/\/agora.xtec.cat\/ceip-madrenc\/wp-json\/wp\/v2\/media\/3294"}],"wp:attachment":[{"href":"https:\/\/agora.xtec.cat\/ceip-madrenc\/wp-json\/wp\/v2\/media?parent=3291"}],"wp:term":[{"taxonomy":"category","embeddable":true,"href":"https:\/\/agora.xtec.cat\/ceip-madrenc\/wp-json\/wp\/v2\/categories?post=3291"},{"taxonomy":"post_tag","embeddable":true,"href":"https:\/\/agora.xtec.cat\/ceip-madrenc\/wp-json\/wp\/v2\/tags?post=3291"}],"curies":[{"name":"wp","href":"https:\/\/api.w.org\/{rel}","templated":true}]}}