{"id":9083,"date":"2026-04-20T22:22:07","date_gmt":"2026-04-20T20:22:07","guid":{"rendered":"https:\/\/agora.xtec.cat\/ceip-lola-anglada-esplugues\/?p=9083"},"modified":"2026-04-20T22:22:07","modified_gmt":"2026-04-20T20:22:07","slug":"19a-entrega-periode-llarg-amb-la-setmana-de-sant-jordi-i-el-pont-del-primer-de-maig-un-ocell-hivernant-i-un-altre-molt-dificil-de-veure-i-en-perill-dextincio-a-catalunya","status":"publish","type":"post","link":"https:\/\/agora.xtec.cat\/ceip-lola-anglada-esplugues\/primaria\/cicle-superior\/6e\/19a-entrega-periode-llarg-amb-la-setmana-de-sant-jordi-i-el-pont-del-primer-de-maig-un-ocell-hivernant-i-un-altre-molt-dificil-de-veure-i-en-perill-dextincio-a-catalunya\/","title":{"rendered":"19\u00aa ENTREGA: PER\u00cdODE LLARG AMB LA SETMANA DE SANT JORDI I EL PONT DEL PRIMER DE MAIG; UN OCELL HIVERNANT I UN ALTRE MOLT DIF\u00cdCIL DE VEURE I EN PERILL D\u2019EXTINCI\u00d3 A CATALUNYA"},"content":{"rendered":"<p><b><a href=\"https:\/\/agora.xtec.cat\/ceip-lola-anglada-esplugues\/wp-content\/uploads\/usu1507\/2026\/04\/OA-38-2526.jpg\"><img loading=\"lazy\" decoding=\"async\" class=\"aligncenter size-full wp-image-9077\" src=\"https:\/\/agora.xtec.cat\/ceip-lola-anglada-esplugues\/wp-content\/uploads\/usu1507\/2026\/04\/OA-38-2526.jpg\" alt=\"\" width=\"882\" height=\"564\" srcset=\"https:\/\/agora.xtec.cat\/ceip-lola-anglada-esplugues\/wp-content\/uploads\/usu1507\/2026\/04\/OA-38-2526.jpg 882w, https:\/\/agora.xtec.cat\/ceip-lola-anglada-esplugues\/wp-content\/uploads\/usu1507\/2026\/04\/OA-38-2526-300x192.jpg 300w, https:\/\/agora.xtec.cat\/ceip-lola-anglada-esplugues\/wp-content\/uploads\/usu1507\/2026\/04\/OA-38-2526-768x491.jpg 768w\" sizes=\"auto, (max-width: 882px) 100vw, 882px\" \/><\/a>De dimarts 21 d\u2019abril a dilluns 11 de maig de 2026<\/b><\/p>\n<p><span style=\"font-weight: 400;\">Benvolgudes i benvolguts participants de l\u2019ocell amagat:<\/span><\/p>\n<p><span style=\"font-weight: 400;\">aquest tercer trimestre, el joc tindr\u00e0 uns per\u00edodes de resposta m\u00e9s llargs que els setmanal. En aquesta entrega s\u2019ajunten la setmana de Sant Jordi, on l\u2019escola celebra la seva Festa Major i teniu molta feina a preparar-la per gaudir-la el proper dissabte dia 25 i a m\u00e9s a m\u00e9s la setmana seg\u00fcent ve el pont del primer de maig amb dia festiu de lliure disposici\u00f3 el dilluns dia 4\u2026 per aix\u00f2 el termini \u00e9s fins el dia 11 de maig! Disposeu de 21 dies per trobar dos ocells amagats.<\/span><\/p>\n<p><span style=\"font-weight: 400;\">L\u2019ocell amagat n\u00ba 37 \u00e9s un ocell que a casa nostra el veiem sobretot a l\u2019hivern, per\u00f2 atenci\u00f3 que aquesta foto est\u00e0 feta al nord d\u2019Europa i llueix el plomatge nupcial i\/o estival. I pel que fa a l\u2019ocell amagat n\u00ba 36 \u00e9s un ocell molt esc\u00e0s i dif\u00edcil de veure i que a Catalunya est\u00e0 considerat una esp\u00e8cie en perill com aix\u00ed consta al \u201cCat\u00e0leg de fauna de Catalunya\u201d. La destrucci\u00f3 del seu h\u00e0bitat \u00e9s la principal causa.\u00a0<\/span><\/p>\n<p><span style=\"font-weight: 400;\">Els dos ocells amagats de la darrera entrega han estat el <\/span><b>capsigrany com\u00fa (ocell amagat n\u00ba 35)<\/b><span style=\"font-weight: 400;\"> i l\u2019<\/span><b>agr\u00f3 blanc (ocell amagat n\u00ba 36)<\/b><span style=\"font-weight: 400;\">.\u00a0<\/span><\/p>\n<p><span style=\"font-weight: 400;\">El nom cient\u00edfic del capsigrany com\u00fa \u00e9s (Lanius senator) i aix\u00f2 de \u201csenator\u201d li ve donat perqu\u00e8 els senadors romans a la t\u00fanica hi portaven unes ratlles de color porpra, semblant al color de les plomes del cap del capsigrany com\u00fa. Aqu\u00ed us mostro una fotografia d&#8217;un senador rom\u00e0:<a href=\"https:\/\/agora.xtec.cat\/ceip-lola-anglada-esplugues\/wp-content\/uploads\/usu1507\/2026\/04\/Color-porpra-Senador-roma_Capsigrany.jpg\"><img loading=\"lazy\" decoding=\"async\" class=\"aligncenter size-full wp-image-9084\" src=\"https:\/\/agora.xtec.cat\/ceip-lola-anglada-esplugues\/wp-content\/uploads\/usu1507\/2026\/04\/Color-porpra-Senador-roma_Capsigrany.jpg\" alt=\"\" width=\"936\" height=\"316\" srcset=\"https:\/\/agora.xtec.cat\/ceip-lola-anglada-esplugues\/wp-content\/uploads\/usu1507\/2026\/04\/Color-porpra-Senador-roma_Capsigrany.jpg 936w, https:\/\/agora.xtec.cat\/ceip-lola-anglada-esplugues\/wp-content\/uploads\/usu1507\/2026\/04\/Color-porpra-Senador-roma_Capsigrany-300x101.jpg 300w, https:\/\/agora.xtec.cat\/ceip-lola-anglada-esplugues\/wp-content\/uploads\/usu1507\/2026\/04\/Color-porpra-Senador-roma_Capsigrany-768x259.jpg 768w\" sizes=\"auto, (max-width: 936px) 100vw, 936px\" \/><\/a><\/span><\/p>\n<p><span style=\"font-weight: 400;\">Al lloc web trobareu els noms dels ocells \u201cja trobats\u201d d\u2019aquesta setmana, amb una breu explicaci\u00f3 (aquest curs intentarem donar unes breus descripcions i ja trobareu els dos ocells per la seg\u00fcent entrega: <\/span><a href=\"https:\/\/agora.xtec.cat\/ceip-lola-anglada-esplugues\/els-nostres-grans-projectes\/projecte-ocells\/joc-de-locell-amagat\/\"><span style=\"font-weight: 400;\">https:\/\/agora.xtec.cat\/ceip-lola-anglada-esplugues\/els-nostres-grans-projectes\/projecte-ocells\/joc-de-locell-amagat\/<\/span><\/a><\/p>\n<p><span style=\"font-weight: 400;\">\u00a0<\/span><span style=\"font-weight: 400;\">Tamb\u00e9 podeu consultar la vostra puntuaci\u00f3: <\/span><a href=\"https:\/\/agora.xtec.cat\/ceip-lola-anglada-esplugues\/els-nostres-grans-projectes\/projecte-ocells\/puntuacio-joc-ocell-amagat\/\"><span style=\"font-weight: 400;\">https:\/\/agora.xtec.cat\/ceip-lola-anglada-esplugues\/els-nostres-grans-projectes\/projecte-ocells\/puntuacio-joc-ocell-amagat\/<\/span><\/a><\/p>\n<p><span style=\"font-weight: 400;\">\u00a0<\/span><span style=\"font-weight: 400;\">Si detecteu alguna errada en la puntuaci\u00f3, m\u2019ho feu saber, ho tornarem a comprovar i rectificar si \u00e9s el cas.\u00a0<\/span><\/p>\n<p><span style=\"font-weight: 400;\">Salut i que els ocells ens acompanyin i volin\u2026 en llibertat! i que gaudiu molt de la festa de Sant Jordi!<\/span><\/p>\n","protected":false},"excerpt":{"rendered":"<p>De dimarts 21 d\u2019abril a dilluns 11 de maig de 2026 Benvolgudes i benvolguts participants de l\u2019ocell amagat: aquest tercer trimestre, el joc tindr\u00e0 uns per\u00edodes de resposta m\u00e9s llargs que els setmanal. En aquesta entrega s\u2019ajunten la setmana de Sant Jordi, on l\u2019escola celebra la seva Festa Major i teniu molta feina a preparar-la [&hellip;]<\/p>\n","protected":false},"author":17,"featured_media":9076,"comment_status":"open","ping_status":"open","sticky":false,"template":"","format":"standard","meta":{"_bbp_topic_count":0,"_bbp_reply_count":0,"_bbp_total_topic_count":0,"_bbp_total_reply_count":0,"_bbp_voice_count":0,"_bbp_anonymous_reply_count":0,"_bbp_topic_count_hidden":0,"_bbp_reply_count_hidden":0,"_bbp_forum_subforum_count":0,"site-sidebar-layout":"default","site-content-layout":"","ast-site-content-layout":"default","site-content-style":"default","site-sidebar-style":"default","ast-global-header-display":"","ast-banner-title-visibility":"","ast-main-header-display":"","ast-hfb-above-header-display":"","ast-hfb-below-header-display":"","ast-hfb-mobile-header-display":"","site-post-title":"","ast-breadcrumbs-content":"","ast-featured-img":"","footer-sml-layout":"","theme-transparent-header-meta":"default","adv-header-id-meta":"","stick-header-meta":"","header-above-stick-meta":"","header-main-stick-meta":"","header-below-stick-meta":"","astra-migrate-meta-layouts":"set","ast-page-background-enabled":"default","ast-page-background-meta":{"desktop":{"background-color":"var(--ast-global-color-4)","background-image":"","background-repeat":"repeat","background-position":"center center","background-size":"auto","background-attachment":"scroll","background-type":"","background-media":"","overlay-type":"","overlay-color":"","overlay-opacity":"","overlay-gradient":""},"tablet":{"background-color":"","background-image":"","background-repeat":"repeat","background-position":"center center","background-size":"auto","background-attachment":"scroll","background-type":"","background-media":"","overlay-type":"","overlay-color":"","overlay-opacity":"","overlay-gradient":""},"mobile":{"background-color":"","background-image":"","background-repeat":"repeat","background-position":"center center","background-size":"auto","background-attachment":"scroll","background-type":"","background-media":"","overlay-type":"","overlay-color":"","overlay-opacity":"","overlay-gradient":""}},"ast-content-background-meta":{"desktop":{"background-color":"var(--ast-global-color-5)","background-image":"","background-repeat":"repeat","background-position":"center center","background-size":"auto","background-attachment":"scroll","background-type":"","background-media":"","overlay-type":"","overlay-color":"","overlay-opacity":"","overlay-gradient":""},"tablet":{"background-color":"var(--ast-global-color-5)","background-image":"","background-repeat":"repeat","background-position":"center center","background-size":"auto","background-attachment":"scroll","background-type":"","background-media":"","overlay-type":"","overlay-color":"","overlay-opacity":"","overlay-gradient":""},"mobile":{"background-color":"var(--ast-global-color-5)","background-image":"","background-repeat":"repeat","background-position":"center center","background-size":"auto","background-attachment":"scroll","background-type":"","background-media":"","overlay-type":"","overlay-color":"","overlay-opacity":"","overlay-gradient":""}},"footnotes":""},"categories":[85,15,65,93],"tags":[120,128,121,122],"class_list":["post-9083","post","type-post","status-publish","format-standard","has-post-thumbnail","hentry","category-5e","category-6e","category-cicle-superior","category-projecte-ocells","tag-ocell-amagat","tag-ocells-del-pati","tag-ornitologia","tag-projecte-ocells"],"post_mailing_queue_ids":[],"_links":{"self":[{"href":"https:\/\/agora.xtec.cat\/ceip-lola-anglada-esplugues\/wp-json\/wp\/v2\/posts\/9083","targetHints":{"allow":["GET"]}}],"collection":[{"href":"https:\/\/agora.xtec.cat\/ceip-lola-anglada-esplugues\/wp-json\/wp\/v2\/posts"}],"about":[{"href":"https:\/\/agora.xtec.cat\/ceip-lola-anglada-esplugues\/wp-json\/wp\/v2\/types\/post"}],"author":[{"embeddable":true,"href":"https:\/\/agora.xtec.cat\/ceip-lola-anglada-esplugues\/wp-json\/wp\/v2\/users\/17"}],"replies":[{"embeddable":true,"href":"https:\/\/agora.xtec.cat\/ceip-lola-anglada-esplugues\/wp-json\/wp\/v2\/comments?post=9083"}],"version-history":[{"count":1,"href":"https:\/\/agora.xtec.cat\/ceip-lola-anglada-esplugues\/wp-json\/wp\/v2\/posts\/9083\/revisions"}],"predecessor-version":[{"id":9085,"href":"https:\/\/agora.xtec.cat\/ceip-lola-anglada-esplugues\/wp-json\/wp\/v2\/posts\/9083\/revisions\/9085"}],"wp:featuredmedia":[{"embeddable":true,"href":"https:\/\/agora.xtec.cat\/ceip-lola-anglada-esplugues\/wp-json\/wp\/v2\/media\/9076"}],"wp:attachment":[{"href":"https:\/\/agora.xtec.cat\/ceip-lola-anglada-esplugues\/wp-json\/wp\/v2\/media?parent=9083"}],"wp:term":[{"taxonomy":"category","embeddable":true,"href":"https:\/\/agora.xtec.cat\/ceip-lola-anglada-esplugues\/wp-json\/wp\/v2\/categories?post=9083"},{"taxonomy":"post_tag","embeddable":true,"href":"https:\/\/agora.xtec.cat\/ceip-lola-anglada-esplugues\/wp-json\/wp\/v2\/tags?post=9083"}],"curies":[{"name":"wp","href":"https:\/\/api.w.org\/{rel}","templated":true}]}}