{"id":9033,"date":"2026-03-23T23:44:46","date_gmt":"2026-03-23T22:44:46","guid":{"rendered":"https:\/\/agora.xtec.cat\/ceip-lola-anglada-esplugues\/?p=9033"},"modified":"2026-03-23T23:44:46","modified_gmt":"2026-03-23T22:44:46","slug":"17a-entrega-dos-ocells-amagats-i-trenta-tres-ocells-de-bonificacio-per-aquestes-vacances-de-primavera-ben-ornitologiques","status":"publish","type":"post","link":"https:\/\/agora.xtec.cat\/ceip-lola-anglada-esplugues\/primaria\/cicle-superior\/6e\/17a-entrega-dos-ocells-amagats-i-trenta-tres-ocells-de-bonificacio-per-aquestes-vacances-de-primavera-ben-ornitologiques\/","title":{"rendered":"17\u00aa ENTREGA: DOS OCELLS AMAGATS I TRENTA-TRES OCELLS DE BONIFICACI\u00d3\u2026 PER AQUESTES VACANCES DE PRIMAVERA BEN ORNITOL\u00d2GIQUES!"},"content":{"rendered":"<p><b><a href=\"https:\/\/agora.xtec.cat\/ceip-lola-anglada-esplugues\/wp-content\/uploads\/usu1507\/2026\/03\/OA-34-2526.jpg\"><img loading=\"lazy\" decoding=\"async\" class=\"aligncenter size-full wp-image-9025\" src=\"https:\/\/agora.xtec.cat\/ceip-lola-anglada-esplugues\/wp-content\/uploads\/usu1507\/2026\/03\/OA-34-2526.jpg\" alt=\"\" width=\"890\" height=\"548\" srcset=\"https:\/\/agora.xtec.cat\/ceip-lola-anglada-esplugues\/wp-content\/uploads\/usu1507\/2026\/03\/OA-34-2526.jpg 890w, https:\/\/agora.xtec.cat\/ceip-lola-anglada-esplugues\/wp-content\/uploads\/usu1507\/2026\/03\/OA-34-2526-300x185.jpg 300w, https:\/\/agora.xtec.cat\/ceip-lola-anglada-esplugues\/wp-content\/uploads\/usu1507\/2026\/03\/OA-34-2526-768x473.jpg 768w\" sizes=\"auto, (max-width: 890px) 100vw, 890px\" \/><\/a>De dimarts 24 de mar\u00e7 a dilluns 13 d\u2019abril de 2026<\/b><\/p>\n<p><span style=\"font-weight: 400;\">Benvolgudes i benvolguts participants de l\u2019ocell amagat:<\/span><\/p>\n<p><span style=\"font-weight: 400;\">aquesta entrega, que t\u00e9 una durada de tres setmanes amb motiu de les vacances de setmana santa est\u00e0 ben farcida d\u2019ocells: 2 ocells amagats, 8 orenetes i falciots i 25 ocells que podem trobar passejant pels boscos i camps de Catalunya que donen punts, i si els trobeu correctament tots podeu aconseguir un bon tou de punts: 35 punts en total!.<\/span><\/p>\n<p><span style=\"font-weight: 400;\">Malgrat que teniu molts dies, no us deixeu la feina pel final. Aneu fent i quan tingueu tots els noms dels ocells que sigueu capa\u00e7os d\u2019identificar envieu el correu! Com veieu, els ocells no estan numerats per tant nom\u00e9s cal que feu tres llistats indicant si es tracta dels OCELLS AMAGATS, de la imatge d\u2019ORENETES I FALCIOTS i la imatge dels OCELLS DEL PAISATGE.<\/span><\/p>\n<p><span style=\"font-weight: 400;\">OCELLS AMAGATS:<br \/>\n<a href=\"https:\/\/agora.xtec.cat\/ceip-lola-anglada-esplugues\/wp-content\/uploads\/usu1507\/2026\/03\/OA-33-i-34.jpg\"><img loading=\"lazy\" decoding=\"async\" class=\"aligncenter size-full wp-image-9034\" src=\"https:\/\/agora.xtec.cat\/ceip-lola-anglada-esplugues\/wp-content\/uploads\/usu1507\/2026\/03\/OA-33-i-34.jpg\" alt=\"\" width=\"936\" height=\"326\" srcset=\"https:\/\/agora.xtec.cat\/ceip-lola-anglada-esplugues\/wp-content\/uploads\/usu1507\/2026\/03\/OA-33-i-34.jpg 936w, https:\/\/agora.xtec.cat\/ceip-lola-anglada-esplugues\/wp-content\/uploads\/usu1507\/2026\/03\/OA-33-i-34-300x104.jpg 300w, https:\/\/agora.xtec.cat\/ceip-lola-anglada-esplugues\/wp-content\/uploads\/usu1507\/2026\/03\/OA-33-i-34-768x267.jpg 768w\" sizes=\"auto, (max-width: 936px) 100vw, 936px\" \/><\/a><br \/>\n<\/span><span style=\"font-size: 16px; font-weight: 400;\">ORENETES I FALCIOTS<br \/>\n<a href=\"https:\/\/agora.xtec.cat\/ceip-lola-anglada-esplugues\/wp-content\/uploads\/usu1507\/2026\/03\/Punts-bonificacio-Pasqua-2526_02-1.jpg\"><img loading=\"lazy\" decoding=\"async\" class=\"aligncenter  wp-image-9035\" src=\"https:\/\/agora.xtec.cat\/ceip-lola-anglada-esplugues\/wp-content\/uploads\/usu1507\/2026\/03\/Punts-bonificacio-Pasqua-2526_02-1.jpg\" alt=\"\" width=\"414\" height=\"660\" srcset=\"https:\/\/agora.xtec.cat\/ceip-lola-anglada-esplugues\/wp-content\/uploads\/usu1507\/2026\/03\/Punts-bonificacio-Pasqua-2526_02-1.jpg 536w, https:\/\/agora.xtec.cat\/ceip-lola-anglada-esplugues\/wp-content\/uploads\/usu1507\/2026\/03\/Punts-bonificacio-Pasqua-2526_02-1-188x300.jpg 188w\" sizes=\"auto, (max-width: 414px) 100vw, 414px\" \/><\/a><br \/>\n<\/span><\/p>\n<p><span style=\"font-weight: 400;\">OCELLS DEL PAISATGE<br \/>\n<a href=\"https:\/\/agora.xtec.cat\/ceip-lola-anglada-esplugues\/wp-content\/uploads\/usu1507\/2026\/03\/Punts-bonificacio-Pasqua-2526_03-1.jpg\"><img loading=\"lazy\" decoding=\"async\" class=\"aligncenter size-full wp-image-9036\" src=\"https:\/\/agora.xtec.cat\/ceip-lola-anglada-esplugues\/wp-content\/uploads\/usu1507\/2026\/03\/Punts-bonificacio-Pasqua-2526_03-1.jpg\" alt=\"\" width=\"1110\" height=\"838\" srcset=\"https:\/\/agora.xtec.cat\/ceip-lola-anglada-esplugues\/wp-content\/uploads\/usu1507\/2026\/03\/Punts-bonificacio-Pasqua-2526_03-1.jpg 1110w, https:\/\/agora.xtec.cat\/ceip-lola-anglada-esplugues\/wp-content\/uploads\/usu1507\/2026\/03\/Punts-bonificacio-Pasqua-2526_03-1-300x226.jpg 300w, https:\/\/agora.xtec.cat\/ceip-lola-anglada-esplugues\/wp-content\/uploads\/usu1507\/2026\/03\/Punts-bonificacio-Pasqua-2526_03-1-1024x773.jpg 1024w, https:\/\/agora.xtec.cat\/ceip-lola-anglada-esplugues\/wp-content\/uploads\/usu1507\/2026\/03\/Punts-bonificacio-Pasqua-2526_03-1-768x580.jpg 768w\" sizes=\"auto, (max-width: 1110px) 100vw, 1110px\" \/><\/a><br \/>\n<\/span><span style=\"font-weight: 400;\">Vinga, a veure quants ocells sou capa\u00e7os de descobrir. Ja teniu molta experi\u00e8ncia i el nivell va augmentant. \u00c0nims!<\/span><\/p>\n<p><span style=\"font-weight: 400;\">Dit aix\u00f2, els ocells amagats de la darrera entrega s\u00f3n la bonica <\/span><b>gavina corsa (ocell amagat n\u00ba 31)<\/b><span style=\"font-weight: 400;\"> i el <\/span><b>cabusset com\u00fa (ocell amagat n\u00ba 32)<\/b><span style=\"font-weight: 400;\">.<\/span><\/p>\n<p><span style=\"font-weight: 400;\">Vinga doncs, a gaudir de les vacances i sobretot desitjo que descanseu molt al llarg de les vacances de Setmana Santa i que agafeu forces per encarar el tercer trimestre.<\/span><\/p>\n<p><span style=\"font-weight: 400;\">Recordeu que el p\u00f2ster amb tots els ocells de Catalunya us poden ajudar a identificar-los correctament! <\/span><a href=\"https:\/\/agora.xtec.cat\/ceip-lola-anglada-esplugues\/els-nostres-grans-projectes\/projecte-ocells\/\"><span style=\"font-weight: 400;\">https:\/\/agora.xtec.cat\/ceip-lola-anglada-esplugues\/els-nostres-grans-projectes\/projecte-ocells\/<\/span><\/a><span style=\"font-weight: 400;\">, i tamb\u00e9 la consulta a les guies.<\/span><\/p>\n<p><span style=\"font-weight: 400;\">Al lloc web trobareu els noms dels ocells \u201cja trobats\u201d d\u2019aquesta setmana, amb una breu explicaci\u00f3 i ja trobareu els dos ocells per la seg\u00fcent entrega: <\/span><a href=\"https:\/\/agora.xtec.cat\/ceip-lola-anglada-esplugues\/els-nostres-grans-projectes\/projecte-ocells\/joc-de-locell-amagat\/\"><span style=\"font-weight: 400;\">https:\/\/agora.xtec.cat\/ceip-lola-anglada-esplugues\/els-nostres-grans-projectes\/projecte-ocells\/joc-de-locell-amagat\/<\/span><\/a><\/p>\n<p><span style=\"font-weight: 400;\">\u00a0<\/span><span style=\"font-weight: 400;\">Tamb\u00e9 podeu consultar la vostra puntuaci\u00f3:<br \/>\n<\/span><a href=\"https:\/\/agora.xtec.cat\/ceip-lola-anglada-esplugues\/els-nostres-grans-projectes\/projecte-ocells\/puntuacio-joc-ocell-amagat\/\"><span style=\"font-weight: 400;\">https:\/\/agora.xtec.cat\/ceip-lola-anglada-esplugues\/els-nostres-grans-projectes\/projecte-ocells\/puntuacio-joc-ocell-amagat\/<\/span><\/a><\/p>\n<p><span style=\"font-weight: 400;\">\u00a0<\/span><span style=\"font-weight: 400;\">Si detecteu alguna errada en la puntuaci\u00f3, m\u2019ho feu saber, ho tornarem a comprovar i rectificar si \u00e9s el cas.\u00a0<\/span><\/p>\n<p><span style=\"font-weight: 400;\">Salut i que els ocells ens acompanyin i volin\u2026 en llibertat i sobretot MOLT BONES VACANCES\u2026 que podeu aprofitar per \u201cpardalejar\u201d (anar a veure ocells a la natura) una mica!<\/span><\/p>\n","protected":false},"excerpt":{"rendered":"<p>De dimarts 24 de mar\u00e7 a dilluns 13 d\u2019abril de 2026 Benvolgudes i benvolguts participants de l\u2019ocell amagat: aquesta entrega, que t\u00e9 una durada de tres setmanes amb motiu de les vacances de setmana santa est\u00e0 ben farcida d\u2019ocells: 2 ocells amagats, 8 orenetes i falciots i 25 ocells que podem trobar passejant pels boscos [&hellip;]<\/p>\n","protected":false},"author":17,"featured_media":9024,"comment_status":"open","ping_status":"open","sticky":false,"template":"","format":"standard","meta":{"_bbp_topic_count":0,"_bbp_reply_count":0,"_bbp_total_topic_count":0,"_bbp_total_reply_count":0,"_bbp_voice_count":0,"_bbp_anonymous_reply_count":0,"_bbp_topic_count_hidden":0,"_bbp_reply_count_hidden":0,"_bbp_forum_subforum_count":0,"site-sidebar-layout":"default","site-content-layout":"","ast-site-content-layout":"default","site-content-style":"default","site-sidebar-style":"default","ast-global-header-display":"","ast-banner-title-visibility":"","ast-main-header-display":"","ast-hfb-above-header-display":"","ast-hfb-below-header-display":"","ast-hfb-mobile-header-display":"","site-post-title":"","ast-breadcrumbs-content":"","ast-featured-img":"","footer-sml-layout":"","theme-transparent-header-meta":"default","adv-header-id-meta":"","stick-header-meta":"","header-above-stick-meta":"","header-main-stick-meta":"","header-below-stick-meta":"","astra-migrate-meta-layouts":"set","ast-page-background-enabled":"default","ast-page-background-meta":{"desktop":{"background-color":"var(--ast-global-color-4)","background-image":"","background-repeat":"repeat","background-position":"center center","background-size":"auto","background-attachment":"scroll","background-type":"","background-media":"","overlay-type":"","overlay-color":"","overlay-opacity":"","overlay-gradient":""},"tablet":{"background-color":"","background-image":"","background-repeat":"repeat","background-position":"center center","background-size":"auto","background-attachment":"scroll","background-type":"","background-media":"","overlay-type":"","overlay-color":"","overlay-opacity":"","overlay-gradient":""},"mobile":{"background-color":"","background-image":"","background-repeat":"repeat","background-position":"center center","background-size":"auto","background-attachment":"scroll","background-type":"","background-media":"","overlay-type":"","overlay-color":"","overlay-opacity":"","overlay-gradient":""}},"ast-content-background-meta":{"desktop":{"background-color":"var(--ast-global-color-5)","background-image":"","background-repeat":"repeat","background-position":"center center","background-size":"auto","background-attachment":"scroll","background-type":"","background-media":"","overlay-type":"","overlay-color":"","overlay-opacity":"","overlay-gradient":""},"tablet":{"background-color":"var(--ast-global-color-5)","background-image":"","background-repeat":"repeat","background-position":"center center","background-size":"auto","background-attachment":"scroll","background-type":"","background-media":"","overlay-type":"","overlay-color":"","overlay-opacity":"","overlay-gradient":""},"mobile":{"background-color":"var(--ast-global-color-5)","background-image":"","background-repeat":"repeat","background-position":"center center","background-size":"auto","background-attachment":"scroll","background-type":"","background-media":"","overlay-type":"","overlay-color":"","overlay-opacity":"","overlay-gradient":""}},"footnotes":""},"categories":[85,15,65,93],"tags":[120,128,121,122],"class_list":["post-9033","post","type-post","status-publish","format-standard","has-post-thumbnail","hentry","category-5e","category-6e","category-cicle-superior","category-projecte-ocells","tag-ocell-amagat","tag-ocells-del-pati","tag-ornitologia","tag-projecte-ocells"],"post_mailing_queue_ids":[],"_links":{"self":[{"href":"https:\/\/agora.xtec.cat\/ceip-lola-anglada-esplugues\/wp-json\/wp\/v2\/posts\/9033","targetHints":{"allow":["GET"]}}],"collection":[{"href":"https:\/\/agora.xtec.cat\/ceip-lola-anglada-esplugues\/wp-json\/wp\/v2\/posts"}],"about":[{"href":"https:\/\/agora.xtec.cat\/ceip-lola-anglada-esplugues\/wp-json\/wp\/v2\/types\/post"}],"author":[{"embeddable":true,"href":"https:\/\/agora.xtec.cat\/ceip-lola-anglada-esplugues\/wp-json\/wp\/v2\/users\/17"}],"replies":[{"embeddable":true,"href":"https:\/\/agora.xtec.cat\/ceip-lola-anglada-esplugues\/wp-json\/wp\/v2\/comments?post=9033"}],"version-history":[{"count":1,"href":"https:\/\/agora.xtec.cat\/ceip-lola-anglada-esplugues\/wp-json\/wp\/v2\/posts\/9033\/revisions"}],"predecessor-version":[{"id":9037,"href":"https:\/\/agora.xtec.cat\/ceip-lola-anglada-esplugues\/wp-json\/wp\/v2\/posts\/9033\/revisions\/9037"}],"wp:featuredmedia":[{"embeddable":true,"href":"https:\/\/agora.xtec.cat\/ceip-lola-anglada-esplugues\/wp-json\/wp\/v2\/media\/9024"}],"wp:attachment":[{"href":"https:\/\/agora.xtec.cat\/ceip-lola-anglada-esplugues\/wp-json\/wp\/v2\/media?parent=9033"}],"wp:term":[{"taxonomy":"category","embeddable":true,"href":"https:\/\/agora.xtec.cat\/ceip-lola-anglada-esplugues\/wp-json\/wp\/v2\/categories?post=9033"},{"taxonomy":"post_tag","embeddable":true,"href":"https:\/\/agora.xtec.cat\/ceip-lola-anglada-esplugues\/wp-json\/wp\/v2\/tags?post=9033"}],"curies":[{"name":"wp","href":"https:\/\/api.w.org\/{rel}","templated":true}]}}