{"id":6467,"date":"2023-01-12T12:52:36","date_gmt":"2023-01-12T11:52:36","guid":{"rendered":"https:\/\/agora.xtec.cat\/ceip-lola-anglada-esplugues\/?p=6467"},"modified":"2023-01-18T23:07:11","modified_gmt":"2023-01-18T22:07:11","slug":"christmas-cards-projecte-etwinning-a-cm","status":"publish","type":"post","link":"https:\/\/agora.xtec.cat\/ceip-lola-anglada-esplugues\/portada\/christmas-cards-projecte-etwinning-a-cm\/","title":{"rendered":"&#8220;CHRISTMAS CARDS&#8221;, PROJECTE eTWINNING A CICLE MITJ\u00c0"},"content":{"rendered":"<p style=\"text-align: justify;\">El projecte d&#8217;eTwinning d&#8217;enguany del cicle mitj\u00e0 s&#8217;anomena &#8220;Christmas cards&#8221; i consisteix en un intercanvi nadalenc amb pa\u00efsos tan diversos com <span style=\"font-weight: 400;\">Portugal, Gr\u00e8cia i Pol\u00f2nia. Durant el mes de novembre vam estar preparant les nostres postals nadalenques i les vam enviar perqu\u00e8 arribessin a temps als pa\u00efsos destinataris. Al desembre vam comen\u00e7ar a rebre les postals provinents de Gr\u00e8cia i Pol\u00f2nia, ja que les de Portugal van arribar el darrer dia d&#8217;escola, a \u00faltima hora. Ens vam afanyar a repartir-les abans d&#8217;acabar les classes i iniciar les vacances, de manera que no vam tenir gaire temps de gaudir-les plegats. Ha estat u<\/span><span style=\"font-weight: 400;\">n projecte molt competencial, significatiu i que fomenta l&#8217;esperit europeu de col\u00b7laboraci\u00f3 per con\u00e8ixer i aprendre a respectar altres cultures, lleng\u00fces i tradicions. I tot aix\u00f2 en angl\u00e8s!\u00a0<strong>Per veure m\u00e9s contingut podeu clicar les imatges.<\/strong><\/span><\/p>\n<p>\u00a0 \u00a0 \u00a0 \u00a0 \u00a0 \u00a0 \u00a0 \u00a0 <a href=\"https:\/\/agora.xtec.cat\/ceip-lola-anglada-esplugues\/primaria\/cicle-mitja\/3r\/etwinning-cm\/\" target=\"_blank\" rel=\"noopener\"><img loading=\"lazy\" decoding=\"async\" class=\"alignnone wp-image-6458\" src=\"https:\/\/agora.xtec.cat\/ceip-lola-anglada-esplugues\/wp-content\/uploads\/usu1507\/2023\/01\/Our-envelopes-1024x768.jpg\" alt=\"\" width=\"316\" height=\"237\" srcset=\"https:\/\/agora.xtec.cat\/ceip-lola-anglada-esplugues\/wp-content\/uploads\/usu1507\/2023\/01\/Our-envelopes-1024x768.jpg 1024w, https:\/\/agora.xtec.cat\/ceip-lola-anglada-esplugues\/wp-content\/uploads\/usu1507\/2023\/01\/Our-envelopes-300x225.jpg 300w, https:\/\/agora.xtec.cat\/ceip-lola-anglada-esplugues\/wp-content\/uploads\/usu1507\/2023\/01\/Our-envelopes-768x576.jpg 768w, https:\/\/agora.xtec.cat\/ceip-lola-anglada-esplugues\/wp-content\/uploads\/usu1507\/2023\/01\/Our-envelopes-200x150.jpg 200w, https:\/\/agora.xtec.cat\/ceip-lola-anglada-esplugues\/wp-content\/uploads\/usu1507\/2023\/01\/Our-envelopes.jpg 1210w\" sizes=\"auto, (max-width: 316px) 100vw, 316px\" \/><\/a> <a href=\"https:\/\/agora.xtec.cat\/ceip-lola-anglada-esplugues\/primaria\/cicle-mitja\/3r\/etwinning-cm\/\" target=\"_blank\" rel=\"noopener\"><img loading=\"lazy\" decoding=\"async\" class=\"alignnone wp-image-6459\" src=\"https:\/\/agora.xtec.cat\/ceip-lola-anglada-esplugues\/wp-content\/uploads\/usu1507\/2023\/01\/IMG_1889-1024x768.jpg\" alt=\"\" width=\"311\" height=\"233\" srcset=\"https:\/\/agora.xtec.cat\/ceip-lola-anglada-esplugues\/wp-content\/uploads\/usu1507\/2023\/01\/IMG_1889-1024x768.jpg 1024w, https:\/\/agora.xtec.cat\/ceip-lola-anglada-esplugues\/wp-content\/uploads\/usu1507\/2023\/01\/IMG_1889-300x225.jpg 300w, https:\/\/agora.xtec.cat\/ceip-lola-anglada-esplugues\/wp-content\/uploads\/usu1507\/2023\/01\/IMG_1889-768x576.jpg 768w, https:\/\/agora.xtec.cat\/ceip-lola-anglada-esplugues\/wp-content\/uploads\/usu1507\/2023\/01\/IMG_1889-200x150.jpg 200w, https:\/\/agora.xtec.cat\/ceip-lola-anglada-esplugues\/wp-content\/uploads\/usu1507\/2023\/01\/IMG_1889.jpg 1210w\" sizes=\"auto, (max-width: 311px) 100vw, 311px\" \/><\/a><\/p>\n<p>&nbsp;<\/p>\n","protected":false},"excerpt":{"rendered":"<p>El projecte d&#8217;eTwinning d&#8217;enguany del cicle mitj\u00e0 s&#8217;anomena &#8220;Christmas cards&#8221; i consisteix en un intercanvi nadalenc amb pa\u00efsos tan diversos com Portugal, Gr\u00e8cia i Pol\u00f2nia. Durant el mes de novembre vam estar preparant les nostres postals nadalenques i les vam enviar perqu\u00e8 arribessin a temps als pa\u00efsos destinataris. Al desembre vam comen\u00e7ar a rebre les [&hellip;]<\/p>\n","protected":false},"author":1,"featured_media":6459,"comment_status":"open","ping_status":"closed","sticky":false,"template":"","format":"standard","meta":{"_bbp_topic_count":0,"_bbp_reply_count":0,"_bbp_total_topic_count":0,"_bbp_total_reply_count":0,"_bbp_voice_count":0,"_bbp_anonymous_reply_count":0,"_bbp_topic_count_hidden":0,"_bbp_reply_count_hidden":0,"_bbp_forum_subforum_count":0,"site-sidebar-layout":"default","site-content-layout":"","ast-site-content-layout":"","site-content-style":"default","site-sidebar-style":"default","ast-global-header-display":"","ast-banner-title-visibility":"","ast-main-header-display":"","ast-hfb-above-header-display":"","ast-hfb-below-header-display":"","ast-hfb-mobile-header-display":"","site-post-title":"","ast-breadcrumbs-content":"","ast-featured-img":"","footer-sml-layout":"","theme-transparent-header-meta":"","adv-header-id-meta":"","stick-header-meta":"","header-above-stick-meta":"","header-main-stick-meta":"","header-below-stick-meta":"","astra-migrate-meta-layouts":"default","ast-page-background-enabled":"default","ast-page-background-meta":{"desktop":{"background-color":"var(--ast-global-color-4)","background-image":"","background-repeat":"repeat","background-position":"center center","background-size":"auto","background-attachment":"scroll","background-type":"","background-media":"","overlay-type":"","overlay-color":"","overlay-opacity":"","overlay-gradient":""},"tablet":{"background-color":"","background-image":"","background-repeat":"repeat","background-position":"center center","background-size":"auto","background-attachment":"scroll","background-type":"","background-media":"","overlay-type":"","overlay-color":"","overlay-opacity":"","overlay-gradient":""},"mobile":{"background-color":"","background-image":"","background-repeat":"repeat","background-position":"center center","background-size":"auto","background-attachment":"scroll","background-type":"","background-media":"","overlay-type":"","overlay-color":"","overlay-opacity":"","overlay-gradient":""}},"ast-content-background-meta":{"desktop":{"background-color":"var(--ast-global-color-5)","background-image":"","background-repeat":"repeat","background-position":"center center","background-size":"auto","background-attachment":"scroll","background-type":"","background-media":"","overlay-type":"","overlay-color":"","overlay-opacity":"","overlay-gradient":""},"tablet":{"background-color":"var(--ast-global-color-5)","background-image":"","background-repeat":"repeat","background-position":"center center","background-size":"auto","background-attachment":"scroll","background-type":"","background-media":"","overlay-type":"","overlay-color":"","overlay-opacity":"","overlay-gradient":""},"mobile":{"background-color":"var(--ast-global-color-5)","background-image":"","background-repeat":"repeat","background-position":"center center","background-size":"auto","background-attachment":"scroll","background-type":"","background-media":"","overlay-type":"","overlay-color":"","overlay-opacity":"","overlay-gradient":""}},"footnotes":""},"categories":[12,13,64,131,4],"tags":[247],"class_list":["post-6467","post","type-post","status-publish","format-standard","has-post-thumbnail","hentry","category-3r","category-4t","category-cicle-mitja","category-english","category-portada","tag-cicle-mitja"],"post_mailing_queue_ids":[],"_links":{"self":[{"href":"https:\/\/agora.xtec.cat\/ceip-lola-anglada-esplugues\/wp-json\/wp\/v2\/posts\/6467","targetHints":{"allow":["GET"]}}],"collection":[{"href":"https:\/\/agora.xtec.cat\/ceip-lola-anglada-esplugues\/wp-json\/wp\/v2\/posts"}],"about":[{"href":"https:\/\/agora.xtec.cat\/ceip-lola-anglada-esplugues\/wp-json\/wp\/v2\/types\/post"}],"author":[{"embeddable":true,"href":"https:\/\/agora.xtec.cat\/ceip-lola-anglada-esplugues\/wp-json\/wp\/v2\/users\/1"}],"replies":[{"embeddable":true,"href":"https:\/\/agora.xtec.cat\/ceip-lola-anglada-esplugues\/wp-json\/wp\/v2\/comments?post=6467"}],"version-history":[{"count":3,"href":"https:\/\/agora.xtec.cat\/ceip-lola-anglada-esplugues\/wp-json\/wp\/v2\/posts\/6467\/revisions"}],"predecessor-version":[{"id":6471,"href":"https:\/\/agora.xtec.cat\/ceip-lola-anglada-esplugues\/wp-json\/wp\/v2\/posts\/6467\/revisions\/6471"}],"wp:featuredmedia":[{"embeddable":true,"href":"https:\/\/agora.xtec.cat\/ceip-lola-anglada-esplugues\/wp-json\/wp\/v2\/media\/6459"}],"wp:attachment":[{"href":"https:\/\/agora.xtec.cat\/ceip-lola-anglada-esplugues\/wp-json\/wp\/v2\/media?parent=6467"}],"wp:term":[{"taxonomy":"category","embeddable":true,"href":"https:\/\/agora.xtec.cat\/ceip-lola-anglada-esplugues\/wp-json\/wp\/v2\/categories?post=6467"},{"taxonomy":"post_tag","embeddable":true,"href":"https:\/\/agora.xtec.cat\/ceip-lola-anglada-esplugues\/wp-json\/wp\/v2\/tags?post=6467"}],"curies":[{"name":"wp","href":"https:\/\/api.w.org\/{rel}","templated":true}]}}