{"id":5651,"date":"2022-02-14T00:01:12","date_gmt":"2022-02-13T23:01:12","guid":{"rendered":"https:\/\/agora.xtec.cat\/ceip-lola-anglada-esplugues\/?p=5651"},"modified":"2022-02-14T00:01:12","modified_gmt":"2022-02-13T23:01:12","slug":"13a-entrega-arriba-la-migracio-de-primavera","status":"publish","type":"post","link":"https:\/\/agora.xtec.cat\/ceip-lola-anglada-esplugues\/primaria\/cicle-superior\/13a-entrega-arriba-la-migracio-de-primavera\/","title":{"rendered":"13\u00aa ENTREGA; ARRIBA LA MIGRACI\u00d3 DE PRIMAVERA!\u00a0"},"content":{"rendered":"<p><a href=\"https:\/\/agora.xtec.cat\/ceip-lola-anglada-esplugues\/wp-content\/uploads\/usu1507\/2022\/02\/OA-25-2122.jpg\"><img loading=\"lazy\" decoding=\"async\" class=\"aligncenter size-full wp-image-5649\" src=\"https:\/\/agora.xtec.cat\/ceip-lola-anglada-esplugues\/wp-content\/uploads\/usu1507\/2022\/02\/OA-25-2122.jpg\" alt=\"\" width=\"901\" height=\"584\" srcset=\"https:\/\/agora.xtec.cat\/ceip-lola-anglada-esplugues\/wp-content\/uploads\/usu1507\/2022\/02\/OA-25-2122.jpg 901w, https:\/\/agora.xtec.cat\/ceip-lola-anglada-esplugues\/wp-content\/uploads\/usu1507\/2022\/02\/OA-25-2122-300x194.jpg 300w, https:\/\/agora.xtec.cat\/ceip-lola-anglada-esplugues\/wp-content\/uploads\/usu1507\/2022\/02\/OA-25-2122-768x498.jpg 768w\" sizes=\"auto, (max-width: 901px) 100vw, 901px\" \/><\/a><\/p>\n<p><b>Del 14 al 20 de febrer de 2022<\/b><\/p>\n<p><span style=\"font-weight: 400;\">Estimats jugadors del joc de l\u2019Ocell Amagat,\u00a0<\/span><\/p>\n<p><span style=\"font-weight: 400;\">Arribem a mitjans de febrer i s\u2019acosta un dels per\u00edodes de l\u2019any que els aficionats a l\u2019ornitologia esperem amb il\u00b7lusi\u00f3, perqu\u00e8 la primavera comen\u00e7a treure el cap i els ocells migrants fan despla\u00e7aments que ens permets veure als nostres llocs habituals ocells no freq\u00fcents i que fan estada uns dies descansat dels llargs viatges. Tamb\u00e9 arriben les esp\u00e8cies que venen a criar a les nostres contrades.<\/span><\/p>\n<p><span style=\"font-weight: 400;\">Els dos ocells amagats d\u2019aquesta setmana seran uns d\u2019aquests que arribaran d\u2019\u00c0frica creuant el S\u00e0hara i el mar i s&#8217;estaran tot l\u2019estiu amb nosaltres fins l\u2019arribada de la tardor.<\/span><\/p>\n<p><span style=\"font-weight: 400;\">Per\u00f2 anem als dos ocells d\u2019aquesta setmana. L\u2019<\/span><b>ocell amagat n\u00ba 23<\/b><span style=\"font-weight: 400;\"> \u00e9s el <\/span><b>flamenc rosat<\/b><span style=\"font-weight: 400;\">. Un ocell inconfusible i un s\u00edmbol del Delta de l\u2019Ebre. No heu tingut cap dificultat alhora d\u2019identificar-lo. L\u2019<\/span><b>ocell amagat n\u00ba 24<\/b><span style=\"font-weight: 400;\"> \u00e9s el <\/span><b>raspinell com\u00fa<\/b><span style=\"font-weight: 400;\">, un petit ocellet que sempre est\u00e0 grimpant per les escorces dels arbres i que enguany hem tingut la sort de veure\u2019l al Parc de la Fontsanta un parell de vegades. Alguns de vosaltres heu tingut el dubte de si era el raspinell com\u00fa o b\u00e9 el raspinell pirinenc. \u00c9s ben cert que \u00e9s complicat d\u2019identificar-los al camp per\u00f2 ens ajuda la seva localitzaci\u00f3 geogr\u00e0fica. \u00c9s per aix\u00f2 que a les guies sempre hi ha dibuixats uns mapes de distribuci\u00f3.\u00a0<\/span><\/p>\n<p><span style=\"font-weight: 400;\">Us recordem la import\u00e0ncia d\u2019escriure b\u00e9 els noms perqu\u00e8 alguns de vosaltres feu una bona identificaci\u00f3 per\u00f2 no aconseguiu el punt perqu\u00e8 el nom no est\u00e0 correctament escrit!<\/span><\/p>\n<p><a href=\"https:\/\/agora.xtec.cat\/ceip-lola-anglada-esplugues\/els-nostres-grans-projectes\/projecte-ocells\/joc-de-locell-amagat\/\"><span style=\"font-weight: 400;\">A la p\u00e0gina web, trobareu els ocells amagats d\u2019aquesta setmana i una breu descripci\u00f3. \u00c9s important que les llegiu perqu\u00e8 aix\u00ed anireu fixant caracter\u00edstiques i trets diagn\u00f2stics.<\/span><\/a><\/p>\n<p><span style=\"font-weight: 400;\">I dels ocells amagats d\u2019aquesta setmana ja n\u2019hem parlat a l\u2019inici d\u2019aquest escrit. S\u00f3n dos ocells de la mateixa fam\u00edlia i hem d\u2019estar ben atents perqu\u00e8 aviat els comen\u00e7arem a veure passar i alguns ja es quedaran entre nosaltres. Ja s\u2019han fet observacions aquests dies d\u2019aquestes dues esp\u00e8cies. \u00c9s ben bonic anotar la primera data que les veiem. Aix\u00f2 indicar\u00e0 de manera definitiva l\u2019arribada de la primavera!<\/span><\/p>\n<p><b>El termini d\u2019aquesta 13\u00aa entrega \u00e9s del dilluns dia 14 al diumenge 20 de febrer de 2022<\/b><span style=\"font-weight: 400;\">! Envieu els vostres correus amb els noms dels ocells amagats a: <\/span><a href=\"mailto:ocell.amagat@escolalolaanglada.cat\"><span style=\"font-weight: 400;\">ocell.amagat@escolalolaanglada.cat<\/span><\/a><\/p>\n<p><span style=\"font-weight: 400;\">Si us plau, comproveu la vostra puntuaci\u00f3 i participaci\u00f3 al joc clicant aquest enlla\u00e7. El primer nombre s\u00f3n els punts aconseguits i el nombre a l\u2019interior del par\u00e8ntesi, s\u00f3n les vostres participacions. Si detecteu alguna errada, no dubteu a enviar-me un correu fent-m\u2019ho veure! <\/span><a href=\"https:\/\/agora.xtec.cat\/ceip-lola-anglada-esplugues\/els-nostres-grans-projectes\/projecte-ocells\/puntuacio-joc-ocell-amagat\/\"><span style=\"font-weight: 400;\">https:\/\/agora.xtec.cat\/ceip-lola-anglada-esplugues\/els-nostres-grans-projectes\/projecte-ocells\/puntuacio-joc-ocell-amagat\/<\/span><\/a><\/p>\n<p><span style=\"font-weight: 400;\">Una abra\u00e7ada, i que els ocells en acompanyin i volin en llibertat!\u00a0<\/span><\/p>\n<p><span style=\"font-weight: 400;\">Salut i cuideu-vos molt!<\/span><\/p>\n","protected":false},"excerpt":{"rendered":"<p>Del 14 al 20 de febrer de 2022 Estimats jugadors del joc de l\u2019Ocell Amagat,\u00a0 Arribem a mitjans de febrer i s\u2019acosta un dels per\u00edodes de l\u2019any que els aficionats a l\u2019ornitologia esperem amb il\u00b7lusi\u00f3, perqu\u00e8 la primavera comen\u00e7a treure el cap i els ocells migrants fan despla\u00e7aments que ens permets veure als nostres llocs [&hellip;]<\/p>\n","protected":false},"author":17,"featured_media":5650,"comment_status":"open","ping_status":"closed","sticky":false,"template":"","format":"standard","meta":{"_bbp_topic_count":0,"_bbp_reply_count":0,"_bbp_total_topic_count":0,"_bbp_total_reply_count":0,"_bbp_voice_count":0,"_bbp_anonymous_reply_count":0,"_bbp_topic_count_hidden":0,"_bbp_reply_count_hidden":0,"_bbp_forum_subforum_count":0,"site-sidebar-layout":"default","site-content-layout":"","ast-site-content-layout":"","site-content-style":"default","site-sidebar-style":"default","ast-global-header-display":"","ast-banner-title-visibility":"","ast-main-header-display":"","ast-hfb-above-header-display":"","ast-hfb-below-header-display":"","ast-hfb-mobile-header-display":"","site-post-title":"","ast-breadcrumbs-content":"","ast-featured-img":"","footer-sml-layout":"","theme-transparent-header-meta":"","adv-header-id-meta":"","stick-header-meta":"","header-above-stick-meta":"","header-main-stick-meta":"","header-below-stick-meta":"","astra-migrate-meta-layouts":"default","ast-page-background-enabled":"default","ast-page-background-meta":{"desktop":{"background-color":"var(--ast-global-color-4)","background-image":"","background-repeat":"repeat","background-position":"center center","background-size":"auto","background-attachment":"scroll","background-type":"","background-media":"","overlay-type":"","overlay-color":"","overlay-opacity":"","overlay-gradient":""},"tablet":{"background-color":"","background-image":"","background-repeat":"repeat","background-position":"center center","background-size":"auto","background-attachment":"scroll","background-type":"","background-media":"","overlay-type":"","overlay-color":"","overlay-opacity":"","overlay-gradient":""},"mobile":{"background-color":"","background-image":"","background-repeat":"repeat","background-position":"center center","background-size":"auto","background-attachment":"scroll","background-type":"","background-media":"","overlay-type":"","overlay-color":"","overlay-opacity":"","overlay-gradient":""}},"ast-content-background-meta":{"desktop":{"background-color":"var(--ast-global-color-5)","background-image":"","background-repeat":"repeat","background-position":"center center","background-size":"auto","background-attachment":"scroll","background-type":"","background-media":"","overlay-type":"","overlay-color":"","overlay-opacity":"","overlay-gradient":""},"tablet":{"background-color":"var(--ast-global-color-5)","background-image":"","background-repeat":"repeat","background-position":"center center","background-size":"auto","background-attachment":"scroll","background-type":"","background-media":"","overlay-type":"","overlay-color":"","overlay-opacity":"","overlay-gradient":""},"mobile":{"background-color":"var(--ast-global-color-5)","background-image":"","background-repeat":"repeat","background-position":"center center","background-size":"auto","background-attachment":"scroll","background-type":"","background-media":"","overlay-type":"","overlay-color":"","overlay-opacity":"","overlay-gradient":""}},"footnotes":""},"categories":[85,65,93],"tags":[120,128,121,122],"class_list":["post-5651","post","type-post","status-publish","format-standard","has-post-thumbnail","hentry","category-5e","category-cicle-superior","category-projecte-ocells","tag-ocell-amagat","tag-ocells-del-pati","tag-ornitologia","tag-projecte-ocells"],"post_mailing_queue_ids":[],"_links":{"self":[{"href":"https:\/\/agora.xtec.cat\/ceip-lola-anglada-esplugues\/wp-json\/wp\/v2\/posts\/5651","targetHints":{"allow":["GET"]}}],"collection":[{"href":"https:\/\/agora.xtec.cat\/ceip-lola-anglada-esplugues\/wp-json\/wp\/v2\/posts"}],"about":[{"href":"https:\/\/agora.xtec.cat\/ceip-lola-anglada-esplugues\/wp-json\/wp\/v2\/types\/post"}],"author":[{"embeddable":true,"href":"https:\/\/agora.xtec.cat\/ceip-lola-anglada-esplugues\/wp-json\/wp\/v2\/users\/17"}],"replies":[{"embeddable":true,"href":"https:\/\/agora.xtec.cat\/ceip-lola-anglada-esplugues\/wp-json\/wp\/v2\/comments?post=5651"}],"version-history":[{"count":1,"href":"https:\/\/agora.xtec.cat\/ceip-lola-anglada-esplugues\/wp-json\/wp\/v2\/posts\/5651\/revisions"}],"predecessor-version":[{"id":5653,"href":"https:\/\/agora.xtec.cat\/ceip-lola-anglada-esplugues\/wp-json\/wp\/v2\/posts\/5651\/revisions\/5653"}],"wp:featuredmedia":[{"embeddable":true,"href":"https:\/\/agora.xtec.cat\/ceip-lola-anglada-esplugues\/wp-json\/wp\/v2\/media\/5650"}],"wp:attachment":[{"href":"https:\/\/agora.xtec.cat\/ceip-lola-anglada-esplugues\/wp-json\/wp\/v2\/media?parent=5651"}],"wp:term":[{"taxonomy":"category","embeddable":true,"href":"https:\/\/agora.xtec.cat\/ceip-lola-anglada-esplugues\/wp-json\/wp\/v2\/categories?post=5651"},{"taxonomy":"post_tag","embeddable":true,"href":"https:\/\/agora.xtec.cat\/ceip-lola-anglada-esplugues\/wp-json\/wp\/v2\/tags?post=5651"}],"curies":[{"name":"wp","href":"https:\/\/api.w.org\/{rel}","templated":true}]}}