{"id":939,"date":"2021-02-18T16:01:01","date_gmt":"2021-02-18T15:01:01","guid":{"rendered":"https:\/\/agora.xtec.cat\/ceip-llebeig\/?p=939"},"modified":"2021-09-24T18:25:22","modified_gmt":"2021-09-24T16:25:22","slug":"presentacio-portes-obertes","status":"publish","type":"post","link":"https:\/\/agora.xtec.cat\/ceip-llebeig\/general\/presentacio-portes-obertes\/","title":{"rendered":"PRESENTACI\u00d3 PORTES OBERTES"},"content":{"rendered":"<p><iframe loading=\"lazy\" src=\"https:\/\/player.vimeo.com\/video\/511692567\" width=\"640\" height=\"360\" frameborder=\"0\"><span data-mce-type=\"bookmark\" style=\"display: inline-block; width: 0px; overflow: hidden; line-height: 0;\" class=\"mce_SELRES_start\">\ufeff<\/span><span data-mce-type=\"bookmark\" style=\"display: inline-block; width: 0px; overflow: hidden; line-height: 0;\" class=\"mce_SELRES_start\">\ufeff<\/span><span data-mce-type=\"bookmark\" style=\"display: inline-block; width: 0px; overflow: hidden; line-height: 0;\" class=\"mce_SELRES_start\">\ufeff<\/span><\/iframe><\/p>\n<p class=\"gmail_default\" style=\"text-align: center;\"><span style=\"color: #808080;\">Un any m\u00e9s tornem a obrir l&#8217;escola perqu\u00e8 les fam\u00edlies que vulguin matricular els\/les seus\/ves fills\/es al centre el puguin con\u00e8ixer una mica m\u00e9s. Enguany no es podr\u00e0 fer una rebuda com sempre ens ha agradat fer, donades les circumst\u00e0ncies epidemiol\u00f2giques per\u00f2, si m\u00e9s no, volem mostrar un tastet de la nostra escola amb aquestes imatges.<\/span><\/p>\n<p class=\"gmail_default\" style=\"text-align: center;\"><span style=\"color: #808080;\">Dir-vos tamb\u00e9 que al Llebeig ens agrada molt que els nens i nenes de diferents nivells es barregin i aprenguin junts: els ambients, el Televeig i les experi\u00e8ncies de comunitat s\u00f3n prova d&#8217;aix\u00f2. Ens encantaria poder-vos mostrar l&#8217;escola tal i com la sentim, per\u00f2 ara no ens \u00e9s possible per respectar les mesures de prevenci\u00f3 Covid.<\/span><\/p>\n<p class=\"gmail_default\" style=\"text-align: center;\"><span style=\"color: #808080;\">Si teniu dubtes, el 4 de mar\u00e7 us esperem al gimn\u00e0s de l&#8217;escola on intentarem resoldre&#8217;ls. Cal que us apunteu a aquesta trobada enviant un correu a\u00a0<b><a style=\"color: #808080;\" href=\"mailto:a8031319@xtec.cat\" target=\"_blank\" rel=\"noopener noreferrer\">a8031319@xtec.cat<\/a><\/b> .<\/span><\/p>\n<p class=\"gmail_default\" style=\"text-align: center;\"><span style=\"color: #808080;\">Com que el m\u00e0xim s\u00f3n 10 persones, nom\u00e9s podreu venir un dels progenitors. Recordeu que no es far\u00e0 una visita al recinte i que \u00e9s obligatori l&#8217;\u00fas de mascareta.<\/span><\/p>\n<p>&nbsp;<\/p>\n<p><iframe loading=\"lazy\" src=\"https:\/\/docs.google.com\/presentation\/d\/e\/2PACX-1vTL_CFftHCGqrCLxd1JhAyGbgC6TuWH6AQgmbZbbpixjbBElMK_EHTCC3-IfGxTYg\/embed?start=false&amp;loop=false&amp;delayms=5000\" width=\"960\" height=\"749\" frameborder=\"0\"><\/iframe><\/p>\n","protected":false},"excerpt":{"rendered":"<p>\ufeff\ufeff\ufeff Un any m\u00e9s tornem a obrir l&#8217;escola perqu\u00e8 les fam\u00edlies que vulguin matricular els\/les seus\/ves fills\/es al centre el [&hellip;]<\/p>\n","protected":false},"author":1,"featured_media":1038,"comment_status":"open","ping_status":"closed","sticky":false,"template":"","format":"standard","meta":{"_bbp_topic_count":0,"_bbp_reply_count":0,"_bbp_total_topic_count":0,"_bbp_total_reply_count":0,"_bbp_voice_count":0,"_bbp_anonymous_reply_count":0,"_bbp_topic_count_hidden":0,"_bbp_reply_count_hidden":0,"_bbp_forum_subforum_count":0,"site-sidebar-layout":"default","site-content-layout":"","ast-site-content-layout":"","site-content-style":"default","site-sidebar-style":"default","ast-global-header-display":"","ast-banner-title-visibility":"","ast-main-header-display":"","ast-hfb-above-header-display":"","ast-hfb-below-header-display":"","ast-hfb-mobile-header-display":"","site-post-title":"","ast-breadcrumbs-content":"","ast-featured-img":"","footer-sml-layout":"","theme-transparent-header-meta":"","adv-header-id-meta":"","stick-header-meta":"","header-above-stick-meta":"","header-main-stick-meta":"","header-below-stick-meta":"","astra-migrate-meta-layouts":"default","ast-page-background-enabled":"default","ast-page-background-meta":{"desktop":{"background-color":"var(--ast-global-color-4)","background-image":"","background-repeat":"repeat","background-position":"center center","background-size":"auto","background-attachment":"scroll","background-type":"","background-media":"","overlay-type":"","overlay-color":"","overlay-opacity":"","overlay-gradient":""},"tablet":{"background-color":"","background-image":"","background-repeat":"repeat","background-position":"center center","background-size":"auto","background-attachment":"scroll","background-type":"","background-media":"","overlay-type":"","overlay-color":"","overlay-opacity":"","overlay-gradient":""},"mobile":{"background-color":"","background-image":"","background-repeat":"repeat","background-position":"center center","background-size":"auto","background-attachment":"scroll","background-type":"","background-media":"","overlay-type":"","overlay-color":"","overlay-opacity":"","overlay-gradient":""}},"ast-content-background-meta":{"desktop":{"background-color":"var(--ast-global-color-5)","background-image":"","background-repeat":"repeat","background-position":"center center","background-size":"auto","background-attachment":"scroll","background-type":"","background-media":"","overlay-type":"","overlay-color":"","overlay-opacity":"","overlay-gradient":""},"tablet":{"background-color":"var(--ast-global-color-5)","background-image":"","background-repeat":"repeat","background-position":"center center","background-size":"auto","background-attachment":"scroll","background-type":"","background-media":"","overlay-type":"","overlay-color":"","overlay-opacity":"","overlay-gradient":""},"mobile":{"background-color":"var(--ast-global-color-5)","background-image":"","background-repeat":"repeat","background-position":"center center","background-size":"auto","background-attachment":"scroll","background-type":"","background-media":"","overlay-type":"","overlay-color":"","overlay-opacity":"","overlay-gradient":""}},"footnotes":""},"categories":[1],"tags":[98],"class_list":["post-939","post","type-post","status-publish","format-standard","has-post-thumbnail","hentry","category-general","tag-escola"],"post_mailing_queue_ids":[],"_links":{"self":[{"href":"https:\/\/agora.xtec.cat\/ceip-llebeig\/wp-json\/wp\/v2\/posts\/939","targetHints":{"allow":["GET"]}}],"collection":[{"href":"https:\/\/agora.xtec.cat\/ceip-llebeig\/wp-json\/wp\/v2\/posts"}],"about":[{"href":"https:\/\/agora.xtec.cat\/ceip-llebeig\/wp-json\/wp\/v2\/types\/post"}],"author":[{"embeddable":true,"href":"https:\/\/agora.xtec.cat\/ceip-llebeig\/wp-json\/wp\/v2\/users\/1"}],"replies":[{"embeddable":true,"href":"https:\/\/agora.xtec.cat\/ceip-llebeig\/wp-json\/wp\/v2\/comments?post=939"}],"version-history":[{"count":3,"href":"https:\/\/agora.xtec.cat\/ceip-llebeig\/wp-json\/wp\/v2\/posts\/939\/revisions"}],"predecessor-version":[{"id":1039,"href":"https:\/\/agora.xtec.cat\/ceip-llebeig\/wp-json\/wp\/v2\/posts\/939\/revisions\/1039"}],"wp:featuredmedia":[{"embeddable":true,"href":"https:\/\/agora.xtec.cat\/ceip-llebeig\/wp-json\/wp\/v2\/media\/1038"}],"wp:attachment":[{"href":"https:\/\/agora.xtec.cat\/ceip-llebeig\/wp-json\/wp\/v2\/media?parent=939"}],"wp:term":[{"taxonomy":"category","embeddable":true,"href":"https:\/\/agora.xtec.cat\/ceip-llebeig\/wp-json\/wp\/v2\/categories?post=939"},{"taxonomy":"post_tag","embeddable":true,"href":"https:\/\/agora.xtec.cat\/ceip-llebeig\/wp-json\/wp\/v2\/tags?post=939"}],"curies":[{"name":"wp","href":"https:\/\/api.w.org\/{rel}","templated":true}]}}