{"id":753,"date":"2020-12-10T10:52:31","date_gmt":"2020-12-10T09:52:31","guid":{"rendered":"https:\/\/agora.xtec.cat\/ceip-llebeig\/?p=753"},"modified":"2021-09-24T18:28:30","modified_gmt":"2021-09-24T16:28:30","slug":"un-nadal-emmascarat","status":"publish","type":"post","link":"https:\/\/agora.xtec.cat\/ceip-llebeig\/general\/un-nadal-emmascarat\/","title":{"rendered":"UN NADAL EMMASCARAT"},"content":{"rendered":"<p><a href=\"https:\/\/agora.xtec.cat\/ceip-llebeig\/wp-content\/uploads\/usu2136\/2020\/12\/IMG_20201210_113612-Copy.bmp\"><img loading=\"lazy\" decoding=\"async\" class=\"aligncenter wp-image-761\" src=\"https:\/\/agora.xtec.cat\/ceip-llebeig\/wp-content\/uploads\/usu2136\/2020\/12\/IMG_20201210_113612-Copy.bmp\" alt=\"\" width=\"359\" height=\"269\" \/><\/a><\/p>\n<p>El dia 30 de novembre les dues classes de 5\u00e8 ens vam fer un regal: un <strong>calendari d&#8217;advent<\/strong> s\u00faper guai per l&#8217;altra classe.<\/p>\n<p>El vam preparar durant el mes de novembre: la part de fora durant les hores d&#8217;art i els missatges de cada dia a les hores de teixit d&#8217;aula.<\/p>\n<p>La classe de les Flames va regalar a la classe del F\u00e8nix un arbre de Nadal ple de sobres que contenien descripcions, frases boniques i records.<\/p>\n<figure id=\"attachment_756\" aria-describedby=\"caption-attachment-756\" style=\"width: 230px\" class=\"wp-caption aligncenter\"><a href=\"https:\/\/agora.xtec.cat\/ceip-llebeig\/wp-content\/uploads\/usu2136\/2020\/12\/flames-Copy.bmp\"><img loading=\"lazy\" decoding=\"async\" class=\"wp-image-756\" src=\"https:\/\/agora.xtec.cat\/ceip-llebeig\/wp-content\/uploads\/usu2136\/2020\/12\/flames-Copy.bmp\" alt=\"\" width=\"230\" height=\"172\" \/><\/a><figcaption id=\"caption-attachment-756\" class=\"wp-caption-text\">Flames<\/figcaption><\/figure>\n<p>&nbsp;<\/p>\n<p>La classe del F\u00e8nix va regalar a la classe de les Flames una bosc de nans i els missatges eren descripcions i records.<\/p>\n<figure id=\"attachment_754\" aria-describedby=\"caption-attachment-754\" style=\"width: 239px\" class=\"wp-caption aligncenter\"><a href=\"https:\/\/agora.xtec.cat\/ceip-llebeig\/wp-content\/uploads\/usu2136\/2020\/12\/IMG_20201130_100928-Copy.bmp\"><img loading=\"lazy\" decoding=\"async\" class=\"wp-image-754\" src=\"https:\/\/agora.xtec.cat\/ceip-llebeig\/wp-content\/uploads\/usu2136\/2020\/12\/IMG_20201130_100928-Copy.bmp\" alt=\"\" width=\"239\" height=\"179\" \/><\/a><figcaption id=\"caption-attachment-754\" class=\"wp-caption-text\">F\u00e8nix<\/figcaption><\/figure>\n<p>&nbsp;<\/p>\n<p><em>Ara cada dia dediquem una estona a veure qu\u00e8 ens ha preparat l&#8217;altra classe. \u00c9s s\u00faper xulo !!!\u00a0<\/em><\/p>\n<p>&nbsp;<\/p>\n<p style=\"text-align: right;\">Editat per: Classe del F\u00e8nix<\/p>\n","protected":false},"excerpt":{"rendered":"<p>El dia 30 de novembre les dues classes de 5\u00e8 ens vam fer un regal: un calendari d&#8217;advent s\u00faper guai [&hellip;]<\/p>\n","protected":false},"author":3,"featured_media":761,"comment_status":"open","ping_status":"closed","sticky":false,"template":"","format":"standard","meta":{"_bbp_topic_count":0,"_bbp_reply_count":0,"_bbp_total_topic_count":0,"_bbp_total_reply_count":0,"_bbp_voice_count":0,"_bbp_anonymous_reply_count":0,"_bbp_topic_count_hidden":0,"_bbp_reply_count_hidden":0,"_bbp_forum_subforum_count":0,"site-sidebar-layout":"default","site-content-layout":"","ast-site-content-layout":"","site-content-style":"default","site-sidebar-style":"default","ast-global-header-display":"","ast-banner-title-visibility":"","ast-main-header-display":"","ast-hfb-above-header-display":"","ast-hfb-below-header-display":"","ast-hfb-mobile-header-display":"","site-post-title":"","ast-breadcrumbs-content":"","ast-featured-img":"","footer-sml-layout":"","theme-transparent-header-meta":"","adv-header-id-meta":"","stick-header-meta":"","header-above-stick-meta":"","header-main-stick-meta":"","header-below-stick-meta":"","astra-migrate-meta-layouts":"default","ast-page-background-enabled":"default","ast-page-background-meta":{"desktop":{"background-color":"var(--ast-global-color-4)","background-image":"","background-repeat":"repeat","background-position":"center center","background-size":"auto","background-attachment":"scroll","background-type":"","background-media":"","overlay-type":"","overlay-color":"","overlay-opacity":"","overlay-gradient":""},"tablet":{"background-color":"","background-image":"","background-repeat":"repeat","background-position":"center center","background-size":"auto","background-attachment":"scroll","background-type":"","background-media":"","overlay-type":"","overlay-color":"","overlay-opacity":"","overlay-gradient":""},"mobile":{"background-color":"","background-image":"","background-repeat":"repeat","background-position":"center center","background-size":"auto","background-attachment":"scroll","background-type":"","background-media":"","overlay-type":"","overlay-color":"","overlay-opacity":"","overlay-gradient":""}},"ast-content-background-meta":{"desktop":{"background-color":"var(--ast-global-color-5)","background-image":"","background-repeat":"repeat","background-position":"center center","background-size":"auto","background-attachment":"scroll","background-type":"","background-media":"","overlay-type":"","overlay-color":"","overlay-opacity":"","overlay-gradient":""},"tablet":{"background-color":"var(--ast-global-color-5)","background-image":"","background-repeat":"repeat","background-position":"center center","background-size":"auto","background-attachment":"scroll","background-type":"","background-media":"","overlay-type":"","overlay-color":"","overlay-opacity":"","overlay-gradient":""},"mobile":{"background-color":"var(--ast-global-color-5)","background-image":"","background-repeat":"repeat","background-position":"center center","background-size":"auto","background-attachment":"scroll","background-type":"","background-media":"","overlay-type":"","overlay-color":"","overlay-opacity":"","overlay-gradient":""}},"footnotes":""},"categories":[1,125],"tags":[71],"class_list":["post-753","post","type-post","status-publish","format-standard","has-post-thumbnail","hentry","category-general","category-grans-curs-21-22","tag-nadal"],"post_mailing_queue_ids":[],"_links":{"self":[{"href":"https:\/\/agora.xtec.cat\/ceip-llebeig\/wp-json\/wp\/v2\/posts\/753","targetHints":{"allow":["GET"]}}],"collection":[{"href":"https:\/\/agora.xtec.cat\/ceip-llebeig\/wp-json\/wp\/v2\/posts"}],"about":[{"href":"https:\/\/agora.xtec.cat\/ceip-llebeig\/wp-json\/wp\/v2\/types\/post"}],"author":[{"embeddable":true,"href":"https:\/\/agora.xtec.cat\/ceip-llebeig\/wp-json\/wp\/v2\/users\/3"}],"replies":[{"embeddable":true,"href":"https:\/\/agora.xtec.cat\/ceip-llebeig\/wp-json\/wp\/v2\/comments?post=753"}],"version-history":[{"count":4,"href":"https:\/\/agora.xtec.cat\/ceip-llebeig\/wp-json\/wp\/v2\/posts\/753\/revisions"}],"predecessor-version":[{"id":889,"href":"https:\/\/agora.xtec.cat\/ceip-llebeig\/wp-json\/wp\/v2\/posts\/753\/revisions\/889"}],"wp:featuredmedia":[{"embeddable":true,"href":"https:\/\/agora.xtec.cat\/ceip-llebeig\/wp-json\/wp\/v2\/media\/761"}],"wp:attachment":[{"href":"https:\/\/agora.xtec.cat\/ceip-llebeig\/wp-json\/wp\/v2\/media?parent=753"}],"wp:term":[{"taxonomy":"category","embeddable":true,"href":"https:\/\/agora.xtec.cat\/ceip-llebeig\/wp-json\/wp\/v2\/categories?post=753"},{"taxonomy":"post_tag","embeddable":true,"href":"https:\/\/agora.xtec.cat\/ceip-llebeig\/wp-json\/wp\/v2\/tags?post=753"}],"curies":[{"name":"wp","href":"https:\/\/api.w.org\/{rel}","templated":true}]}}