{"id":4815,"date":"2025-12-16T09:49:39","date_gmt":"2025-12-16T08:49:39","guid":{"rendered":"https:\/\/agora.xtec.cat\/ceip-llebeig\/?p=4815"},"modified":"2025-12-18T13:52:43","modified_gmt":"2025-12-18T12:52:43","slug":"el-treball-de-lhort","status":"publish","type":"post","link":"https:\/\/agora.xtec.cat\/ceip-llebeig\/general\/el-treball-de-lhort\/","title":{"rendered":"El treball de l\u2019hort"},"content":{"rendered":"\n<p>Al Llebeig, els alumnes de la classe de la Terra (4t) s\u00f3n els encarregats de cuidar l\u2019hort&nbsp; de l\u2019escola.<\/p>\n\n\n\n<p>Aquest any als de 4t, com que s\u00f3n un grup molt nombr\u00f3s, en algunes estones, es separen en dos grups: Geosfera i Hidrosfera.<\/p>\n\n\n\n<p>Els dimecres, despr\u00e9s del pati, ens dividim en aquests dos grups. Durant aquesta estona un dels grups se\u2019n va amb la Rut per cuidar l\u2019hort per arrencar males herbes, regar, plantar llavors, etc.&nbsp; I un altre grup es queda a l\u2019aula amb la Mireia fent lectura: compartint la lectura tots junts, en grups de taula, en parelles, i, finalment, de manera individual.<\/p>\n\n\n\n<p>Us recomanem tenir un hort a casa perqu\u00e8 menjareu m\u00e9s saludable i aix\u00ed no mirareu tantes pantalles.<\/p>\n\n\n\n<p>Gal\u00b7la, Teo i Blanca<\/p>\n\n\n\n<div class=\"wp-block-getwid-images-slider has-arrows-inside has-dots-inside has-images-center has-fitted-images has-fixed-height\"><div class=\"wp-block-getwid-images-slider__wrapper\" data-effect=\"slide\" data-slides-show=\"1\" data-slides-show-laptop=\"1\" data-slides-show-tablet=\"1\" data-slides-show-mobile=\"1\" data-slides-scroll=\"1\" data-autoplay=\"false\" data-pause-hover=\"false\" data-autoplay-speed=\"6000\" data-infinite=\"true\" data-animation-speed=\"800\" data-center-mode=\"false\" data-variable-width=\"false\" data-arrows=\"inside\" data-dots=\"inside\" data-spacing=\"none\"><div class=\"wp-block-getwid-images-slider__item\" style=\"height:300px\"><figure><img loading=\"lazy\" decoding=\"async\" width=\"1024\" height=\"462\" src=\"https:\/\/agora.xtec.cat\/ceip-llebeig\/wp-content\/uploads\/usu2136\/2025\/12\/PHOTO-2025-12-16-10-08-003.jpg\" data-id=\"4852\" data-link=\"https:\/\/agora.xtec.cat\/ceip-llebeig\/general\/el-treball-de-lhort\/attachment\/photo-2025-12-16-10-08-003\/\" data-original-link=\"https:\/\/agora.xtec.cat\/ceip-llebeig\/wp-content\/uploads\/usu2136\/2025\/12\/PHOTO-2025-12-16-10-08-003.jpg\" class=\"wp-block-getwid-images-slider__image wp-image-4852\" srcset=\"https:\/\/agora.xtec.cat\/ceip-llebeig\/wp-content\/uploads\/usu2136\/2025\/12\/PHOTO-2025-12-16-10-08-003.jpg 1024w, https:\/\/agora.xtec.cat\/ceip-llebeig\/wp-content\/uploads\/usu2136\/2025\/12\/PHOTO-2025-12-16-10-08-003-300x135.jpg 300w, https:\/\/agora.xtec.cat\/ceip-llebeig\/wp-content\/uploads\/usu2136\/2025\/12\/PHOTO-2025-12-16-10-08-003-768x347.jpg 768w\" sizes=\"auto, (max-width: 1024px) 100vw, 1024px\" \/><\/figure><\/div><div class=\"wp-block-getwid-images-slider__item\" style=\"height:300px\"><figure><img loading=\"lazy\" decoding=\"async\" width=\"1024\" height=\"462\" src=\"https:\/\/agora.xtec.cat\/ceip-llebeig\/wp-content\/uploads\/usu2136\/2025\/12\/PHOTO-2025-12-16-10-08-02.jpg\" data-id=\"4853\" data-link=\"https:\/\/agora.xtec.cat\/ceip-llebeig\/general\/el-treball-de-lhort\/attachment\/photo-2025-12-16-10-08-02\/\" data-original-link=\"https:\/\/agora.xtec.cat\/ceip-llebeig\/wp-content\/uploads\/usu2136\/2025\/12\/PHOTO-2025-12-16-10-08-02.jpg\" class=\"wp-block-getwid-images-slider__image wp-image-4853\" srcset=\"https:\/\/agora.xtec.cat\/ceip-llebeig\/wp-content\/uploads\/usu2136\/2025\/12\/PHOTO-2025-12-16-10-08-02.jpg 1024w, https:\/\/agora.xtec.cat\/ceip-llebeig\/wp-content\/uploads\/usu2136\/2025\/12\/PHOTO-2025-12-16-10-08-02-300x135.jpg 300w, https:\/\/agora.xtec.cat\/ceip-llebeig\/wp-content\/uploads\/usu2136\/2025\/12\/PHOTO-2025-12-16-10-08-02-768x347.jpg 768w\" sizes=\"auto, (max-width: 1024px) 100vw, 1024px\" \/><\/figure><\/div><div class=\"wp-block-getwid-images-slider__item\" style=\"height:300px\"><figure><img loading=\"lazy\" decoding=\"async\" width=\"1024\" height=\"462\" src=\"https:\/\/agora.xtec.cat\/ceip-llebeig\/wp-content\/uploads\/usu2136\/2025\/12\/PHOTO-2025-12-16-10-08-00.jpg\" data-id=\"4855\" data-link=\"https:\/\/agora.xtec.cat\/ceip-llebeig\/general\/el-treball-de-lhort\/attachment\/photo-2025-12-16-10-08-00\/\" data-original-link=\"https:\/\/agora.xtec.cat\/ceip-llebeig\/wp-content\/uploads\/usu2136\/2025\/12\/PHOTO-2025-12-16-10-08-00.jpg\" class=\"wp-block-getwid-images-slider__image wp-image-4855\" srcset=\"https:\/\/agora.xtec.cat\/ceip-llebeig\/wp-content\/uploads\/usu2136\/2025\/12\/PHOTO-2025-12-16-10-08-00.jpg 1024w, https:\/\/agora.xtec.cat\/ceip-llebeig\/wp-content\/uploads\/usu2136\/2025\/12\/PHOTO-2025-12-16-10-08-00-300x135.jpg 300w, https:\/\/agora.xtec.cat\/ceip-llebeig\/wp-content\/uploads\/usu2136\/2025\/12\/PHOTO-2025-12-16-10-08-00-768x347.jpg 768w\" sizes=\"auto, (max-width: 1024px) 100vw, 1024px\" \/><\/figure><\/div><div class=\"wp-block-getwid-images-slider__item\" style=\"height:300px\"><figure><img loading=\"lazy\" decoding=\"async\" width=\"1024\" height=\"462\" src=\"https:\/\/agora.xtec.cat\/ceip-llebeig\/wp-content\/uploads\/usu2136\/2025\/12\/PHOTO-2025-12-16-10-08-01.jpg\" data-id=\"4857\" data-link=\"https:\/\/agora.xtec.cat\/ceip-llebeig\/general\/el-treball-de-lhort\/attachment\/photo-2025-12-16-10-08-01\/\" data-original-link=\"https:\/\/agora.xtec.cat\/ceip-llebeig\/wp-content\/uploads\/usu2136\/2025\/12\/PHOTO-2025-12-16-10-08-01.jpg\" class=\"wp-block-getwid-images-slider__image wp-image-4857\" srcset=\"https:\/\/agora.xtec.cat\/ceip-llebeig\/wp-content\/uploads\/usu2136\/2025\/12\/PHOTO-2025-12-16-10-08-01.jpg 1024w, https:\/\/agora.xtec.cat\/ceip-llebeig\/wp-content\/uploads\/usu2136\/2025\/12\/PHOTO-2025-12-16-10-08-01-300x135.jpg 300w, https:\/\/agora.xtec.cat\/ceip-llebeig\/wp-content\/uploads\/usu2136\/2025\/12\/PHOTO-2025-12-16-10-08-01-768x347.jpg 768w\" sizes=\"auto, (max-width: 1024px) 100vw, 1024px\" \/><\/figure><\/div><div class=\"wp-block-getwid-images-slider__item\" style=\"height:300px\"><figure><img loading=\"lazy\" decoding=\"async\" width=\"1000\" height=\"450\" src=\"https:\/\/agora.xtec.cat\/ceip-llebeig\/wp-content\/uploads\/usu2136\/2025\/12\/20251001_121927.jpg\" data-id=\"4816\" data-link=\"https:\/\/agora.xtec.cat\/ceip-llebeig\/general\/el-treball-de-lhort\/attachment\/20251001_121927\/\" data-original-link=\"https:\/\/agora.xtec.cat\/ceip-llebeig\/wp-content\/uploads\/usu2136\/2025\/12\/20251001_121927.jpg\" class=\"wp-block-getwid-images-slider__image wp-image-4816\" srcset=\"https:\/\/agora.xtec.cat\/ceip-llebeig\/wp-content\/uploads\/usu2136\/2025\/12\/20251001_121927.jpg 1000w, https:\/\/agora.xtec.cat\/ceip-llebeig\/wp-content\/uploads\/usu2136\/2025\/12\/20251001_121927-300x135.jpg 300w, https:\/\/agora.xtec.cat\/ceip-llebeig\/wp-content\/uploads\/usu2136\/2025\/12\/20251001_121927-768x346.jpg 768w\" sizes=\"auto, (max-width: 1000px) 100vw, 1000px\" \/><\/figure><\/div><div class=\"wp-block-getwid-images-slider__item\" style=\"height:300px\"><figure><img loading=\"lazy\" decoding=\"async\" width=\"1000\" height=\"450\" src=\"https:\/\/agora.xtec.cat\/ceip-llebeig\/wp-content\/uploads\/usu2136\/2025\/12\/20251001_122530.jpg\" data-id=\"4817\" data-link=\"https:\/\/agora.xtec.cat\/ceip-llebeig\/general\/el-treball-de-lhort\/attachment\/20251001_122530\/\" data-original-link=\"https:\/\/agora.xtec.cat\/ceip-llebeig\/wp-content\/uploads\/usu2136\/2025\/12\/20251001_122530.jpg\" class=\"wp-block-getwid-images-slider__image wp-image-4817\" srcset=\"https:\/\/agora.xtec.cat\/ceip-llebeig\/wp-content\/uploads\/usu2136\/2025\/12\/20251001_122530.jpg 1000w, https:\/\/agora.xtec.cat\/ceip-llebeig\/wp-content\/uploads\/usu2136\/2025\/12\/20251001_122530-300x135.jpg 300w, https:\/\/agora.xtec.cat\/ceip-llebeig\/wp-content\/uploads\/usu2136\/2025\/12\/20251001_122530-768x346.jpg 768w\" sizes=\"auto, (max-width: 1000px) 100vw, 1000px\" \/><\/figure><\/div><\/div><\/div>\n","protected":false},"excerpt":{"rendered":"<p>Al Llebeig, els alumnes de la classe de la Terra (4t) s\u00f3n els encarregats de cuidar l\u2019hort&nbsp; de l\u2019escola. Aquest [&hellip;]<\/p>\n","protected":false},"author":1,"featured_media":4817,"comment_status":"open","ping_status":"open","sticky":false,"template":"","format":"standard","meta":{"_bbp_topic_count":0,"_bbp_reply_count":0,"_bbp_total_topic_count":0,"_bbp_total_reply_count":0,"_bbp_voice_count":0,"_bbp_anonymous_reply_count":0,"_bbp_topic_count_hidden":0,"_bbp_reply_count_hidden":0,"_bbp_forum_subforum_count":0,"site-sidebar-layout":"default","site-content-layout":"","ast-site-content-layout":"default","site-content-style":"default","site-sidebar-style":"default","ast-global-header-display":"","ast-banner-title-visibility":"","ast-main-header-display":"","ast-hfb-above-header-display":"","ast-hfb-below-header-display":"","ast-hfb-mobile-header-display":"","site-post-title":"","ast-breadcrumbs-content":"","ast-featured-img":"","footer-sml-layout":"","theme-transparent-header-meta":"","adv-header-id-meta":"","stick-header-meta":"","header-above-stick-meta":"","header-main-stick-meta":"","header-below-stick-meta":"","astra-migrate-meta-layouts":"set","ast-page-background-enabled":"default","ast-page-background-meta":{"desktop":{"background-color":"var(--ast-global-color-4)","background-image":"","background-repeat":"repeat","background-position":"center center","background-size":"auto","background-attachment":"scroll","background-type":"","background-media":"","overlay-type":"","overlay-color":"","overlay-opacity":"","overlay-gradient":""},"tablet":{"background-color":"","background-image":"","background-repeat":"repeat","background-position":"center center","background-size":"auto","background-attachment":"scroll","background-type":"","background-media":"","overlay-type":"","overlay-color":"","overlay-opacity":"","overlay-gradient":""},"mobile":{"background-color":"","background-image":"","background-repeat":"repeat","background-position":"center center","background-size":"auto","background-attachment":"scroll","background-type":"","background-media":"","overlay-type":"","overlay-color":"","overlay-opacity":"","overlay-gradient":""}},"ast-content-background-meta":{"desktop":{"background-color":"var(--ast-global-color-5)","background-image":"","background-repeat":"repeat","background-position":"center center","background-size":"auto","background-attachment":"scroll","background-type":"","background-media":"","overlay-type":"","overlay-color":"","overlay-opacity":"","overlay-gradient":""},"tablet":{"background-color":"var(--ast-global-color-5)","background-image":"","background-repeat":"repeat","background-position":"center center","background-size":"auto","background-attachment":"scroll","background-type":"","background-media":"","overlay-type":"","overlay-color":"","overlay-opacity":"","overlay-gradient":""},"mobile":{"background-color":"var(--ast-global-color-5)","background-image":"","background-repeat":"repeat","background-position":"center center","background-size":"auto","background-attachment":"scroll","background-type":"","background-media":"","overlay-type":"","overlay-color":"","overlay-opacity":"","overlay-gradient":""}},"footnotes":""},"categories":[1,62,4],"tags":[],"class_list":["post-4815","post","type-post","status-publish","format-standard","has-post-thumbnail","hentry","category-general","category-grans","category-portada"],"post_mailing_queue_ids":[],"_links":{"self":[{"href":"https:\/\/agora.xtec.cat\/ceip-llebeig\/wp-json\/wp\/v2\/posts\/4815","targetHints":{"allow":["GET"]}}],"collection":[{"href":"https:\/\/agora.xtec.cat\/ceip-llebeig\/wp-json\/wp\/v2\/posts"}],"about":[{"href":"https:\/\/agora.xtec.cat\/ceip-llebeig\/wp-json\/wp\/v2\/types\/post"}],"author":[{"embeddable":true,"href":"https:\/\/agora.xtec.cat\/ceip-llebeig\/wp-json\/wp\/v2\/users\/1"}],"replies":[{"embeddable":true,"href":"https:\/\/agora.xtec.cat\/ceip-llebeig\/wp-json\/wp\/v2\/comments?post=4815"}],"version-history":[{"count":6,"href":"https:\/\/agora.xtec.cat\/ceip-llebeig\/wp-json\/wp\/v2\/posts\/4815\/revisions"}],"predecessor-version":[{"id":4876,"href":"https:\/\/agora.xtec.cat\/ceip-llebeig\/wp-json\/wp\/v2\/posts\/4815\/revisions\/4876"}],"wp:featuredmedia":[{"embeddable":true,"href":"https:\/\/agora.xtec.cat\/ceip-llebeig\/wp-json\/wp\/v2\/media\/4817"}],"wp:attachment":[{"href":"https:\/\/agora.xtec.cat\/ceip-llebeig\/wp-json\/wp\/v2\/media?parent=4815"}],"wp:term":[{"taxonomy":"category","embeddable":true,"href":"https:\/\/agora.xtec.cat\/ceip-llebeig\/wp-json\/wp\/v2\/categories?post=4815"},{"taxonomy":"post_tag","embeddable":true,"href":"https:\/\/agora.xtec.cat\/ceip-llebeig\/wp-json\/wp\/v2\/tags?post=4815"}],"curies":[{"name":"wp","href":"https:\/\/api.w.org\/{rel}","templated":true}]}}