{"id":4703,"date":"2025-11-11T09:52:56","date_gmt":"2025-11-11T08:52:56","guid":{"rendered":"https:\/\/agora.xtec.cat\/ceip-llebeig\/?p=4703"},"modified":"2025-11-18T09:53:53","modified_gmt":"2025-11-18T08:53:53","slug":"extraescolars-tallers","status":"publish","type":"post","link":"https:\/\/agora.xtec.cat\/ceip-llebeig\/general\/extraescolars-tallers\/","title":{"rendered":"Per triar i remenar"},"content":{"rendered":"\n<p><strong>LES EXTRAESCOLARS TORNEN A L\u2019ESCOLA LLEBEIG!<\/strong><\/p>\n\n\n\n<p>Amb l\u2019arrencada d\u2019aquest curs, a l&#8217;octubre comencen les extraescolars aquest any, n\u2019hi ha de noves!<\/p>\n\n\n\n<p>Els infants d\u2019I3 a 6\u00e8 poden gaudir del que els hi agrada,<\/p>\n\n\n\n<p>perqu\u00e8 hi ha una gran varietat d\u2019activitats: m\u00fasica, art, esport, jocs de lleure, llengues i rob\u00f2tica.<\/p>\n\n\n\n<p>Les extraescolars es poden realitzar des de l\u2019hora del menjador, a les 12:30-15:00 o a la tarda&nbsp; de&nbsp;16:30-18:00 &nbsp;o de 18:00 -19:30.<\/p>\n\n\n\n<div class=\"wp-block-getwid-images-slider has-arrows-inside has-dots-inside has-images-center has-fitted-images\"><div class=\"wp-block-getwid-images-slider__wrapper\" data-effect=\"slide\" data-slides-show=\"1\" data-slides-show-laptop=\"1\" data-slides-show-tablet=\"1\" data-slides-show-mobile=\"1\" data-slides-scroll=\"1\" data-autoplay=\"false\" data-pause-hover=\"false\" data-autoplay-speed=\"6000\" data-infinite=\"true\" data-animation-speed=\"800\" data-center-mode=\"false\" data-variable-width=\"false\" data-arrows=\"inside\" data-dots=\"inside\" data-spacing=\"none\"><div class=\"wp-block-getwid-images-slider__item\"><figure><img loading=\"lazy\" decoding=\"async\" width=\"1428\" height=\"1071\" src=\"https:\/\/agora.xtec.cat\/ceip-llebeig\/wp-content\/uploads\/usu2136\/2025\/11\/IMG_4719-1.jpg\" data-id=\"4704\" data-link=\"https:\/\/agora.xtec.cat\/ceip-llebeig\/?attachment_id=4704\" data-original-link=\"https:\/\/agora.xtec.cat\/ceip-llebeig\/wp-content\/uploads\/usu2136\/2025\/11\/IMG_4719-1.jpg\" class=\"wp-block-getwid-images-slider__image wp-image-4704\" srcset=\"https:\/\/agora.xtec.cat\/ceip-llebeig\/wp-content\/uploads\/usu2136\/2025\/11\/IMG_4719-1.jpg 1428w, https:\/\/agora.xtec.cat\/ceip-llebeig\/wp-content\/uploads\/usu2136\/2025\/11\/IMG_4719-1-300x225.jpg 300w, https:\/\/agora.xtec.cat\/ceip-llebeig\/wp-content\/uploads\/usu2136\/2025\/11\/IMG_4719-1-1024x768.jpg 1024w, https:\/\/agora.xtec.cat\/ceip-llebeig\/wp-content\/uploads\/usu2136\/2025\/11\/IMG_4719-1-768x576.jpg 768w\" sizes=\"auto, (max-width: 1428px) 100vw, 1428px\" \/><\/figure><\/div><div class=\"wp-block-getwid-images-slider__item\"><figure><img loading=\"lazy\" decoding=\"async\" width=\"1428\" height=\"1071\" src=\"https:\/\/agora.xtec.cat\/ceip-llebeig\/wp-content\/uploads\/usu2136\/2025\/11\/IMG_4723-1.jpg\" data-id=\"4705\" data-link=\"https:\/\/agora.xtec.cat\/ceip-llebeig\/?attachment_id=4705\" data-original-link=\"https:\/\/agora.xtec.cat\/ceip-llebeig\/wp-content\/uploads\/usu2136\/2025\/11\/IMG_4723-1.jpg\" class=\"wp-block-getwid-images-slider__image wp-image-4705\" srcset=\"https:\/\/agora.xtec.cat\/ceip-llebeig\/wp-content\/uploads\/usu2136\/2025\/11\/IMG_4723-1.jpg 1428w, https:\/\/agora.xtec.cat\/ceip-llebeig\/wp-content\/uploads\/usu2136\/2025\/11\/IMG_4723-1-300x225.jpg 300w, https:\/\/agora.xtec.cat\/ceip-llebeig\/wp-content\/uploads\/usu2136\/2025\/11\/IMG_4723-1-1024x768.jpg 1024w, https:\/\/agora.xtec.cat\/ceip-llebeig\/wp-content\/uploads\/usu2136\/2025\/11\/IMG_4723-1-768x576.jpg 768w\" sizes=\"auto, (max-width: 1428px) 100vw, 1428px\" \/><\/figure><\/div><\/div><\/div>\n\n\n\n<p>Fotografies Jocs de lleure<\/p>\n\n\n\n<p><strong>Escacs: <\/strong>Si l\u2019infant \u00e9s una persona t\u00e0ctica i pensativa, gaudir\u00e0 molt de l\u2019activitat.<\/p>\n\n\n\n<p><strong>Rob\u00f2tica:<\/strong> Els infants que gaudeixen muntant i construint \u00e9s els seu entorn.<\/p>\n\n\n\n<div class=\"wp-block-getwid-images-slider has-arrows-inside has-dots-inside has-images-center has-fitted-images\"><div class=\"wp-block-getwid-images-slider__wrapper\" data-effect=\"slide\" data-slides-show=\"1\" data-slides-show-laptop=\"1\" data-slides-show-tablet=\"1\" data-slides-show-mobile=\"1\" data-slides-scroll=\"1\" data-autoplay=\"false\" data-pause-hover=\"false\" data-autoplay-speed=\"6000\" data-infinite=\"true\" data-animation-speed=\"800\" data-center-mode=\"false\" data-variable-width=\"false\" data-arrows=\"inside\" data-dots=\"inside\" data-spacing=\"none\"><div class=\"wp-block-getwid-images-slider__item\"><figure><img loading=\"lazy\" decoding=\"async\" width=\"1428\" height=\"1071\" src=\"https:\/\/agora.xtec.cat\/ceip-llebeig\/wp-content\/uploads\/usu2136\/2025\/11\/IMG_4714-1.jpg\" data-id=\"4708\" data-link=\"https:\/\/agora.xtec.cat\/ceip-llebeig\/?attachment_id=4708\" data-original-link=\"https:\/\/agora.xtec.cat\/ceip-llebeig\/wp-content\/uploads\/usu2136\/2025\/11\/IMG_4714-1.jpg\" class=\"wp-block-getwid-images-slider__image wp-image-4708\" srcset=\"https:\/\/agora.xtec.cat\/ceip-llebeig\/wp-content\/uploads\/usu2136\/2025\/11\/IMG_4714-1.jpg 1428w, https:\/\/agora.xtec.cat\/ceip-llebeig\/wp-content\/uploads\/usu2136\/2025\/11\/IMG_4714-1-300x225.jpg 300w, https:\/\/agora.xtec.cat\/ceip-llebeig\/wp-content\/uploads\/usu2136\/2025\/11\/IMG_4714-1-1024x768.jpg 1024w, https:\/\/agora.xtec.cat\/ceip-llebeig\/wp-content\/uploads\/usu2136\/2025\/11\/IMG_4714-1-768x576.jpg 768w\" sizes=\"auto, (max-width: 1428px) 100vw, 1428px\" \/><\/figure><\/div><div class=\"wp-block-getwid-images-slider__item\"><figure><img loading=\"lazy\" decoding=\"async\" width=\"1428\" height=\"1071\" src=\"https:\/\/agora.xtec.cat\/ceip-llebeig\/wp-content\/uploads\/usu2136\/2025\/11\/IMG_4717-1.jpg\" data-id=\"4706\" data-link=\"https:\/\/agora.xtec.cat\/ceip-llebeig\/?attachment_id=4706\" data-original-link=\"https:\/\/agora.xtec.cat\/ceip-llebeig\/wp-content\/uploads\/usu2136\/2025\/11\/IMG_4717-1.jpg\" class=\"wp-block-getwid-images-slider__image wp-image-4706\" srcset=\"https:\/\/agora.xtec.cat\/ceip-llebeig\/wp-content\/uploads\/usu2136\/2025\/11\/IMG_4717-1.jpg 1428w, https:\/\/agora.xtec.cat\/ceip-llebeig\/wp-content\/uploads\/usu2136\/2025\/11\/IMG_4717-1-300x225.jpg 300w, https:\/\/agora.xtec.cat\/ceip-llebeig\/wp-content\/uploads\/usu2136\/2025\/11\/IMG_4717-1-1024x768.jpg 1024w, https:\/\/agora.xtec.cat\/ceip-llebeig\/wp-content\/uploads\/usu2136\/2025\/11\/IMG_4717-1-768x576.jpg 768w\" sizes=\"auto, (max-width: 1428px) 100vw, 1428px\" \/><\/figure><\/div><div class=\"wp-block-getwid-images-slider__item\"><figure><img loading=\"lazy\" decoding=\"async\" width=\"1428\" height=\"1071\" src=\"https:\/\/agora.xtec.cat\/ceip-llebeig\/wp-content\/uploads\/usu2136\/2025\/11\/IMG_4718-1.jpg\" data-id=\"4707\" data-link=\"https:\/\/agora.xtec.cat\/ceip-llebeig\/?attachment_id=4707\" data-original-link=\"https:\/\/agora.xtec.cat\/ceip-llebeig\/wp-content\/uploads\/usu2136\/2025\/11\/IMG_4718-1.jpg\" class=\"wp-block-getwid-images-slider__image wp-image-4707\" srcset=\"https:\/\/agora.xtec.cat\/ceip-llebeig\/wp-content\/uploads\/usu2136\/2025\/11\/IMG_4718-1.jpg 1428w, https:\/\/agora.xtec.cat\/ceip-llebeig\/wp-content\/uploads\/usu2136\/2025\/11\/IMG_4718-1-300x225.jpg 300w, https:\/\/agora.xtec.cat\/ceip-llebeig\/wp-content\/uploads\/usu2136\/2025\/11\/IMG_4718-1-1024x768.jpg 1024w, https:\/\/agora.xtec.cat\/ceip-llebeig\/wp-content\/uploads\/usu2136\/2025\/11\/IMG_4718-1-768x576.jpg 768w\" sizes=\"auto, (max-width: 1428px) 100vw, 1428px\" \/><\/figure><\/div><div class=\"wp-block-getwid-images-slider__item\"><figure><img loading=\"lazy\" decoding=\"async\" width=\"1428\" height=\"1071\" src=\"https:\/\/agora.xtec.cat\/ceip-llebeig\/wp-content\/uploads\/usu2136\/2025\/11\/IMG_5028.jpg\" data-id=\"4714\" data-link=\"https:\/\/agora.xtec.cat\/ceip-llebeig\/?attachment_id=4714\" data-original-link=\"https:\/\/agora.xtec.cat\/ceip-llebeig\/wp-content\/uploads\/usu2136\/2025\/11\/IMG_5028.jpg\" class=\"wp-block-getwid-images-slider__image wp-image-4714\" srcset=\"https:\/\/agora.xtec.cat\/ceip-llebeig\/wp-content\/uploads\/usu2136\/2025\/11\/IMG_5028.jpg 1428w, https:\/\/agora.xtec.cat\/ceip-llebeig\/wp-content\/uploads\/usu2136\/2025\/11\/IMG_5028-300x225.jpg 300w, https:\/\/agora.xtec.cat\/ceip-llebeig\/wp-content\/uploads\/usu2136\/2025\/11\/IMG_5028-1024x768.jpg 1024w, https:\/\/agora.xtec.cat\/ceip-llebeig\/wp-content\/uploads\/usu2136\/2025\/11\/IMG_5028-768x576.jpg 768w\" sizes=\"auto, (max-width: 1428px) 100vw, 1428px\" \/><\/figure><\/div><div class=\"wp-block-getwid-images-slider__item\"><figure><img loading=\"lazy\" decoding=\"async\" width=\"1428\" height=\"1071\" src=\"https:\/\/agora.xtec.cat\/ceip-llebeig\/wp-content\/uploads\/usu2136\/2025\/11\/IMG_5029.jpg\" data-id=\"4715\" data-link=\"https:\/\/agora.xtec.cat\/ceip-llebeig\/?attachment_id=4715\" data-original-link=\"https:\/\/agora.xtec.cat\/ceip-llebeig\/wp-content\/uploads\/usu2136\/2025\/11\/IMG_5029.jpg\" class=\"wp-block-getwid-images-slider__image wp-image-4715\" srcset=\"https:\/\/agora.xtec.cat\/ceip-llebeig\/wp-content\/uploads\/usu2136\/2025\/11\/IMG_5029.jpg 1428w, https:\/\/agora.xtec.cat\/ceip-llebeig\/wp-content\/uploads\/usu2136\/2025\/11\/IMG_5029-300x225.jpg 300w, https:\/\/agora.xtec.cat\/ceip-llebeig\/wp-content\/uploads\/usu2136\/2025\/11\/IMG_5029-1024x768.jpg 1024w, https:\/\/agora.xtec.cat\/ceip-llebeig\/wp-content\/uploads\/usu2136\/2025\/11\/IMG_5029-768x576.jpg 768w\" sizes=\"auto, (max-width: 1428px) 100vw, 1428px\" \/><\/figure><\/div><\/div><\/div>\n\n\n\n<p>Fotografies art.<\/p>\n\n\n\n<p><strong>M\u00fasica<\/strong>: des de llenguatge fins a tocar un instrument, est\u00e0 adaptada a totes les edats.<\/p>\n\n\n\n<p><strong>Teatre<\/strong>: Aqu\u00ed els nens i nenes gaudiran expressant-se i al final de curs interpretar\u00e0n&nbsp; una obra.<\/p>\n\n\n\n<p><strong>Dibuix i pintura: <\/strong>Els nens i nenes podran aprendre diferents t\u00e8cniques per ampliar la seva base.<\/p>\n\n\n\n<p><strong>Cer\u00e0mica: <\/strong>Una eina d\u2019art,&nbsp; relaxaci\u00f3 i calma.<\/p>\n\n\n\n<p><strong>Manga: <\/strong>Un estil de dibuix japon\u00e8s que apareix molt en s\u00e8ries i c\u00f2mics.&nbsp;<\/p>\n\n\n\n<div class=\"wp-block-getwid-images-slider has-arrows-inside has-dots-inside has-images-center has-fitted-images\"><div class=\"wp-block-getwid-images-slider__wrapper\" data-effect=\"slide\" data-slides-show=\"1\" data-slides-show-laptop=\"1\" data-slides-show-tablet=\"1\" data-slides-show-mobile=\"1\" data-slides-scroll=\"1\" data-autoplay=\"false\" data-pause-hover=\"false\" data-autoplay-speed=\"6000\" data-infinite=\"true\" data-animation-speed=\"800\" data-center-mode=\"false\" data-variable-width=\"false\" data-arrows=\"inside\" data-dots=\"inside\" data-spacing=\"none\"><div class=\"wp-block-getwid-images-slider__item\"><figure><img loading=\"lazy\" decoding=\"async\" width=\"1428\" height=\"1071\" src=\"https:\/\/agora.xtec.cat\/ceip-llebeig\/wp-content\/uploads\/usu2136\/2025\/11\/IMG_4720-1.jpg\" data-id=\"4709\" data-link=\"https:\/\/agora.xtec.cat\/ceip-llebeig\/?attachment_id=4709\" data-original-link=\"https:\/\/agora.xtec.cat\/ceip-llebeig\/wp-content\/uploads\/usu2136\/2025\/11\/IMG_4720-1.jpg\" class=\"wp-block-getwid-images-slider__image wp-image-4709\" srcset=\"https:\/\/agora.xtec.cat\/ceip-llebeig\/wp-content\/uploads\/usu2136\/2025\/11\/IMG_4720-1.jpg 1428w, https:\/\/agora.xtec.cat\/ceip-llebeig\/wp-content\/uploads\/usu2136\/2025\/11\/IMG_4720-1-300x225.jpg 300w, https:\/\/agora.xtec.cat\/ceip-llebeig\/wp-content\/uploads\/usu2136\/2025\/11\/IMG_4720-1-1024x768.jpg 1024w, https:\/\/agora.xtec.cat\/ceip-llebeig\/wp-content\/uploads\/usu2136\/2025\/11\/IMG_4720-1-768x576.jpg 768w\" sizes=\"auto, (max-width: 1428px) 100vw, 1428px\" \/><\/figure><\/div><div class=\"wp-block-getwid-images-slider__item\"><figure><img loading=\"lazy\" decoding=\"async\" width=\"1008\" height=\"756\" src=\"https:\/\/agora.xtec.cat\/ceip-llebeig\/wp-content\/uploads\/usu2136\/2025\/11\/IMG_4721-1.jpg\" data-id=\"4710\" data-link=\"https:\/\/agora.xtec.cat\/ceip-llebeig\/?attachment_id=4710\" data-original-link=\"https:\/\/agora.xtec.cat\/ceip-llebeig\/wp-content\/uploads\/usu2136\/2025\/11\/IMG_4721-1.jpg\" class=\"wp-block-getwid-images-slider__image wp-image-4710\" srcset=\"https:\/\/agora.xtec.cat\/ceip-llebeig\/wp-content\/uploads\/usu2136\/2025\/11\/IMG_4721-1.jpg 1008w, https:\/\/agora.xtec.cat\/ceip-llebeig\/wp-content\/uploads\/usu2136\/2025\/11\/IMG_4721-1-300x225.jpg 300w, https:\/\/agora.xtec.cat\/ceip-llebeig\/wp-content\/uploads\/usu2136\/2025\/11\/IMG_4721-1-768x576.jpg 768w\" sizes=\"auto, (max-width: 1008px) 100vw, 1008px\" \/><\/figure><\/div><\/div><\/div>\n\n\n\n<p>Fotografies Esports<\/p>\n\n\n\n<p><strong>Teles i trapezi: <\/strong>Aquesta activitat&nbsp; segueix perdurant , per a&nbsp; qui li agrada penjar-se \u00e9s ideal.<\/p>\n\n\n\n<p><strong>Taekwondo:<\/strong> Si l\u2019infant&nbsp; \u00e9s una persona forta, amb reflexos i molt moguda \u00e9s perfecte per canalitzar l\u2019energia.<\/p>\n\n\n\n<p><strong>Dansa: <\/strong>Aquesta activitat \u00e9s ideal pels infants que els agrada el moviment i el ball.<\/p>\n\n\n\n<p><strong>Angl\u00e8s: <\/strong>Els infants que els hi agrada aprendre tot jugant s\u2019hi\u00a0 sentiran molt a gust.<\/p>\n\n\n\n<p><em><strong> Katy<\/strong>,<\/em> <strong><em>Jana<\/em><\/strong>&nbsp; i <strong><em>Candela<\/em><\/strong><\/p>\n\n\n\n<p><\/p>\n\n\n\n<p><\/p>\n","protected":false},"excerpt":{"rendered":"<p>LES EXTRAESCOLARS TORNEN A L\u2019ESCOLA LLEBEIG! Amb l\u2019arrencada d\u2019aquest curs, a l&#8217;octubre comencen les extraescolars aquest any, n\u2019hi ha de [&hellip;]<\/p>\n","protected":false},"author":1,"featured_media":4684,"comment_status":"open","ping_status":"open","sticky":false,"template":"","format":"standard","meta":{"_bbp_topic_count":0,"_bbp_reply_count":0,"_bbp_total_topic_count":0,"_bbp_total_reply_count":0,"_bbp_voice_count":0,"_bbp_anonymous_reply_count":0,"_bbp_topic_count_hidden":0,"_bbp_reply_count_hidden":0,"_bbp_forum_subforum_count":0,"site-sidebar-layout":"default","site-content-layout":"","ast-site-content-layout":"default","site-content-style":"default","site-sidebar-style":"default","ast-global-header-display":"","ast-banner-title-visibility":"","ast-main-header-display":"","ast-hfb-above-header-display":"","ast-hfb-below-header-display":"","ast-hfb-mobile-header-display":"","site-post-title":"","ast-breadcrumbs-content":"","ast-featured-img":"","footer-sml-layout":"","theme-transparent-header-meta":"","adv-header-id-meta":"","stick-header-meta":"","header-above-stick-meta":"","header-main-stick-meta":"","header-below-stick-meta":"","astra-migrate-meta-layouts":"set","ast-page-background-enabled":"default","ast-page-background-meta":{"desktop":{"background-color":"var(--ast-global-color-4)","background-image":"","background-repeat":"repeat","background-position":"center center","background-size":"auto","background-attachment":"scroll","background-type":"","background-media":"","overlay-type":"","overlay-color":"","overlay-opacity":"","overlay-gradient":""},"tablet":{"background-color":"","background-image":"","background-repeat":"repeat","background-position":"center center","background-size":"auto","background-attachment":"scroll","background-type":"","background-media":"","overlay-type":"","overlay-color":"","overlay-opacity":"","overlay-gradient":""},"mobile":{"background-color":"","background-image":"","background-repeat":"repeat","background-position":"center center","background-size":"auto","background-attachment":"scroll","background-type":"","background-media":"","overlay-type":"","overlay-color":"","overlay-opacity":"","overlay-gradient":""}},"ast-content-background-meta":{"desktop":{"background-color":"var(--ast-global-color-5)","background-image":"","background-repeat":"repeat","background-position":"center center","background-size":"auto","background-attachment":"scroll","background-type":"","background-media":"","overlay-type":"","overlay-color":"","overlay-opacity":"","overlay-gradient":""},"tablet":{"background-color":"var(--ast-global-color-5)","background-image":"","background-repeat":"repeat","background-position":"center center","background-size":"auto","background-attachment":"scroll","background-type":"","background-media":"","overlay-type":"","overlay-color":"","overlay-opacity":"","overlay-gradient":""},"mobile":{"background-color":"var(--ast-global-color-5)","background-image":"","background-repeat":"repeat","background-position":"center center","background-size":"auto","background-attachment":"scroll","background-type":"","background-media":"","overlay-type":"","overlay-color":"","overlay-opacity":"","overlay-gradient":""}},"footnotes":""},"categories":[1,62,5,86,4],"tags":[],"class_list":["post-4703","post","type-post","status-publish","format-standard","has-post-thumbnail","hentry","category-general","category-grans","category-mitjans","category-petits","category-portada"],"post_mailing_queue_ids":[],"_links":{"self":[{"href":"https:\/\/agora.xtec.cat\/ceip-llebeig\/wp-json\/wp\/v2\/posts\/4703","targetHints":{"allow":["GET"]}}],"collection":[{"href":"https:\/\/agora.xtec.cat\/ceip-llebeig\/wp-json\/wp\/v2\/posts"}],"about":[{"href":"https:\/\/agora.xtec.cat\/ceip-llebeig\/wp-json\/wp\/v2\/types\/post"}],"author":[{"embeddable":true,"href":"https:\/\/agora.xtec.cat\/ceip-llebeig\/wp-json\/wp\/v2\/users\/1"}],"replies":[{"embeddable":true,"href":"https:\/\/agora.xtec.cat\/ceip-llebeig\/wp-json\/wp\/v2\/comments?post=4703"}],"version-history":[{"count":6,"href":"https:\/\/agora.xtec.cat\/ceip-llebeig\/wp-json\/wp\/v2\/posts\/4703\/revisions"}],"predecessor-version":[{"id":4735,"href":"https:\/\/agora.xtec.cat\/ceip-llebeig\/wp-json\/wp\/v2\/posts\/4703\/revisions\/4735"}],"wp:featuredmedia":[{"embeddable":true,"href":"https:\/\/agora.xtec.cat\/ceip-llebeig\/wp-json\/wp\/v2\/media\/4684"}],"wp:attachment":[{"href":"https:\/\/agora.xtec.cat\/ceip-llebeig\/wp-json\/wp\/v2\/media?parent=4703"}],"wp:term":[{"taxonomy":"category","embeddable":true,"href":"https:\/\/agora.xtec.cat\/ceip-llebeig\/wp-json\/wp\/v2\/categories?post=4703"},{"taxonomy":"post_tag","embeddable":true,"href":"https:\/\/agora.xtec.cat\/ceip-llebeig\/wp-json\/wp\/v2\/tags?post=4703"}],"curies":[{"name":"wp","href":"https:\/\/api.w.org\/{rel}","templated":true}]}}