{"id":4490,"date":"2025-06-10T09:45:51","date_gmt":"2025-06-10T07:45:51","guid":{"rendered":"https:\/\/agora.xtec.cat\/ceip-llebeig\/?p=4490"},"modified":"2025-06-11T18:39:02","modified_gmt":"2025-06-11T16:39:02","slug":"agenda-creativa","status":"publish","type":"post","link":"https:\/\/agora.xtec.cat\/ceip-llebeig\/general\/agenda-creativa\/","title":{"rendered":"Agenda creativa"},"content":{"rendered":"\n<p>Com cada any, a l\u2019Escola Llebeig els nens i nenes han preparat la portada per a l\u2019agenda del curs vinent. Hi han participat els alumnes d\u2019I5, 1r, 2n, 3r, 4t i 5\u00e8.\u00a0<br><\/p>\n\n\n\n<p>Els infants d\u2019i5 i 1r elaboren una coberta en format Din-A4. Amb totes les portades es fa un concurs. La portada m\u00e9s votada \u00e9s la que ser\u00e0 la coberta de l\u2019agenda de 1r i 2n pel curs vinent.<br><\/p>\n\n\n\n<p>Igualment, els alumnes de 2n, 3r, 4t i 5\u00e8 tamb\u00e9 elaboren cobertes per a les seves agendes i fan un concurs semblant per\u00f2 amb dues votacions. A la primera votaci\u00f3 cada alumne ha de votar tres cobertes. Amb aquesta primera votaci\u00f3 surten les 10 cobertes finalistes. Llavors s\u2019inicia una segona votaci\u00f3 on els infants poden votar nom\u00e9s una coberta. La m\u00e9s votada \u00e9s la que ser\u00e0 la coberta de l\u2019agenda de 3r fins a 6\u00e8 del curs seg\u00fcent.<\/p>\n\n\n\n<p>A dia d\u2019avui, dimarts 10 de juny, encara no sabem la coberta guanyadora. Per\u00f2 se sabr\u00e0 aviat.<\/p>\n\n\n\n<p>&nbsp;Joana, Bruna i Tom\u00e0s<\/p>\n\n\n\n<div class=\"wp-block-getwid-images-slider has-arrows-inside has-dots-inside has-images-center\"><div class=\"wp-block-getwid-images-slider__wrapper\" data-effect=\"slide\" data-slides-show=\"1\" data-slides-show-laptop=\"1\" data-slides-show-tablet=\"1\" data-slides-show-mobile=\"1\" data-slides-scroll=\"1\" data-autoplay=\"true\" data-pause-hover=\"false\" data-autoplay-speed=\"6000\" data-infinite=\"true\" data-animation-speed=\"800\" data-center-mode=\"false\" data-variable-width=\"false\" data-arrows=\"inside\" data-dots=\"inside\" data-spacing=\"none\"><div class=\"wp-block-getwid-images-slider__item\"><figure><img loading=\"lazy\" decoding=\"async\" width=\"1024\" height=\"768\" src=\"https:\/\/agora.xtec.cat\/ceip-llebeig\/wp-content\/uploads\/usu2136\/2025\/06\/WhatsApp-Image-2025-06-03-at-16.23.54-1024x768.jpeg\" alt=\"\" data-id=\"4489\" data-link=\"https:\/\/agora.xtec.cat\/ceip-llebeig\/whatsapp-image-2025-06-03-at-16-23-54\/\" data-original-link=\"https:\/\/agora.xtec.cat\/ceip-llebeig\/wp-content\/uploads\/usu2136\/2025\/06\/WhatsApp-Image-2025-06-03-at-16.23.54.jpeg\" class=\"wp-block-getwid-images-slider__image wp-image-4489\" srcset=\"https:\/\/agora.xtec.cat\/ceip-llebeig\/wp-content\/uploads\/usu2136\/2025\/06\/WhatsApp-Image-2025-06-03-at-16.23.54-1024x768.jpeg 1024w, https:\/\/agora.xtec.cat\/ceip-llebeig\/wp-content\/uploads\/usu2136\/2025\/06\/WhatsApp-Image-2025-06-03-at-16.23.54-300x225.jpeg 300w, https:\/\/agora.xtec.cat\/ceip-llebeig\/wp-content\/uploads\/usu2136\/2025\/06\/WhatsApp-Image-2025-06-03-at-16.23.54-768x576.jpeg 768w, https:\/\/agora.xtec.cat\/ceip-llebeig\/wp-content\/uploads\/usu2136\/2025\/06\/WhatsApp-Image-2025-06-03-at-16.23.54-1536x1152.jpeg 1536w, https:\/\/agora.xtec.cat\/ceip-llebeig\/wp-content\/uploads\/usu2136\/2025\/06\/WhatsApp-Image-2025-06-03-at-16.23.54.jpeg 2048w\" sizes=\"auto, (max-width: 1024px) 100vw, 1024px\" \/><\/figure><\/div><div class=\"wp-block-getwid-images-slider__item\"><figure><img loading=\"lazy\" decoding=\"async\" width=\"1024\" height=\"768\" src=\"https:\/\/agora.xtec.cat\/ceip-llebeig\/wp-content\/uploads\/usu2136\/2025\/06\/WhatsApp-Image-2025-06-03-at-16.23.54-1-1024x768.jpeg\" alt=\"\" data-id=\"4488\" data-link=\"https:\/\/agora.xtec.cat\/ceip-llebeig\/whatsapp-image-2025-06-03-at-16-23-54-1\/\" data-original-link=\"https:\/\/agora.xtec.cat\/ceip-llebeig\/wp-content\/uploads\/usu2136\/2025\/06\/WhatsApp-Image-2025-06-03-at-16.23.54-1.jpeg\" class=\"wp-block-getwid-images-slider__image wp-image-4488\" srcset=\"https:\/\/agora.xtec.cat\/ceip-llebeig\/wp-content\/uploads\/usu2136\/2025\/06\/WhatsApp-Image-2025-06-03-at-16.23.54-1-1024x768.jpeg 1024w, https:\/\/agora.xtec.cat\/ceip-llebeig\/wp-content\/uploads\/usu2136\/2025\/06\/WhatsApp-Image-2025-06-03-at-16.23.54-1-300x225.jpeg 300w, https:\/\/agora.xtec.cat\/ceip-llebeig\/wp-content\/uploads\/usu2136\/2025\/06\/WhatsApp-Image-2025-06-03-at-16.23.54-1-768x576.jpeg 768w, https:\/\/agora.xtec.cat\/ceip-llebeig\/wp-content\/uploads\/usu2136\/2025\/06\/WhatsApp-Image-2025-06-03-at-16.23.54-1-1536x1152.jpeg 1536w, https:\/\/agora.xtec.cat\/ceip-llebeig\/wp-content\/uploads\/usu2136\/2025\/06\/WhatsApp-Image-2025-06-03-at-16.23.54-1.jpeg 2048w\" sizes=\"auto, (max-width: 1024px) 100vw, 1024px\" \/><\/figure><\/div><\/div><\/div>\n","protected":false},"excerpt":{"rendered":"<p>Com cada any, a l\u2019Escola Llebeig els nens i nenes han preparat la portada per a l\u2019agenda del curs vinent. Hi han participat els alumnes d\u2019I5, 1r, 2n, 3r, 4t i 5\u00e8.\u00a0<\/p>\n","protected":false},"author":3,"featured_media":4488,"comment_status":"open","ping_status":"open","sticky":false,"template":"","format":"standard","meta":{"_bbp_topic_count":0,"_bbp_reply_count":0,"_bbp_total_topic_count":0,"_bbp_total_reply_count":0,"_bbp_voice_count":0,"_bbp_anonymous_reply_count":0,"_bbp_topic_count_hidden":0,"_bbp_reply_count_hidden":0,"_bbp_forum_subforum_count":0,"site-sidebar-layout":"default","site-content-layout":"","ast-site-content-layout":"default","site-content-style":"default","site-sidebar-style":"default","ast-global-header-display":"","ast-banner-title-visibility":"","ast-main-header-display":"","ast-hfb-above-header-display":"","ast-hfb-below-header-display":"","ast-hfb-mobile-header-display":"","site-post-title":"","ast-breadcrumbs-content":"","ast-featured-img":"","footer-sml-layout":"","theme-transparent-header-meta":"","adv-header-id-meta":"","stick-header-meta":"","header-above-stick-meta":"","header-main-stick-meta":"","header-below-stick-meta":"","astra-migrate-meta-layouts":"set","ast-page-background-enabled":"default","ast-page-background-meta":{"desktop":{"background-color":"var(--ast-global-color-4)","background-image":"","background-repeat":"repeat","background-position":"center center","background-size":"auto","background-attachment":"scroll","background-type":"","background-media":"","overlay-type":"","overlay-color":"","overlay-opacity":"","overlay-gradient":""},"tablet":{"background-color":"","background-image":"","background-repeat":"repeat","background-position":"center center","background-size":"auto","background-attachment":"scroll","background-type":"","background-media":"","overlay-type":"","overlay-color":"","overlay-opacity":"","overlay-gradient":""},"mobile":{"background-color":"","background-image":"","background-repeat":"repeat","background-position":"center center","background-size":"auto","background-attachment":"scroll","background-type":"","background-media":"","overlay-type":"","overlay-color":"","overlay-opacity":"","overlay-gradient":""}},"ast-content-background-meta":{"desktop":{"background-color":"var(--ast-global-color-5)","background-image":"","background-repeat":"repeat","background-position":"center center","background-size":"auto","background-attachment":"scroll","background-type":"","background-media":"","overlay-type":"","overlay-color":"","overlay-opacity":"","overlay-gradient":""},"tablet":{"background-color":"var(--ast-global-color-5)","background-image":"","background-repeat":"repeat","background-position":"center center","background-size":"auto","background-attachment":"scroll","background-type":"","background-media":"","overlay-type":"","overlay-color":"","overlay-opacity":"","overlay-gradient":""},"mobile":{"background-color":"var(--ast-global-color-5)","background-image":"","background-repeat":"repeat","background-position":"center center","background-size":"auto","background-attachment":"scroll","background-type":"","background-media":"","overlay-type":"","overlay-color":"","overlay-opacity":"","overlay-gradient":""}},"footnotes":""},"categories":[10,11,12,13,14,15,1,62,9,5,86,4],"tags":[],"class_list":["post-4490","post","type-post","status-publish","format-standard","has-post-thumbnail","hentry","category-1r","category-2n","category-som-belugues","category-4t","category-5e-foc","category-6e","category-general","category-grans","category-i5-coets","category-mitjans","category-petits","category-portada"],"post_mailing_queue_ids":[],"_links":{"self":[{"href":"https:\/\/agora.xtec.cat\/ceip-llebeig\/wp-json\/wp\/v2\/posts\/4490","targetHints":{"allow":["GET"]}}],"collection":[{"href":"https:\/\/agora.xtec.cat\/ceip-llebeig\/wp-json\/wp\/v2\/posts"}],"about":[{"href":"https:\/\/agora.xtec.cat\/ceip-llebeig\/wp-json\/wp\/v2\/types\/post"}],"author":[{"embeddable":true,"href":"https:\/\/agora.xtec.cat\/ceip-llebeig\/wp-json\/wp\/v2\/users\/3"}],"replies":[{"embeddable":true,"href":"https:\/\/agora.xtec.cat\/ceip-llebeig\/wp-json\/wp\/v2\/comments?post=4490"}],"version-history":[{"count":5,"href":"https:\/\/agora.xtec.cat\/ceip-llebeig\/wp-json\/wp\/v2\/posts\/4490\/revisions"}],"predecessor-version":[{"id":4517,"href":"https:\/\/agora.xtec.cat\/ceip-llebeig\/wp-json\/wp\/v2\/posts\/4490\/revisions\/4517"}],"wp:featuredmedia":[{"embeddable":true,"href":"https:\/\/agora.xtec.cat\/ceip-llebeig\/wp-json\/wp\/v2\/media\/4488"}],"wp:attachment":[{"href":"https:\/\/agora.xtec.cat\/ceip-llebeig\/wp-json\/wp\/v2\/media?parent=4490"}],"wp:term":[{"taxonomy":"category","embeddable":true,"href":"https:\/\/agora.xtec.cat\/ceip-llebeig\/wp-json\/wp\/v2\/categories?post=4490"},{"taxonomy":"post_tag","embeddable":true,"href":"https:\/\/agora.xtec.cat\/ceip-llebeig\/wp-json\/wp\/v2\/tags?post=4490"}],"curies":[{"name":"wp","href":"https:\/\/api.w.org\/{rel}","templated":true}]}}