{"id":4297,"date":"2025-04-02T16:07:00","date_gmt":"2025-04-02T14:07:00","guid":{"rendered":"https:\/\/agora.xtec.cat\/ceip-llebeig\/?p=4297"},"modified":"2025-04-02T16:08:03","modified_gmt":"2025-04-02T14:08:03","slug":"un-dia-danunci","status":"publish","type":"post","link":"https:\/\/agora.xtec.cat\/ceip-llebeig\/general\/un-dia-danunci\/","title":{"rendered":"Un dia d&#8217;anunci"},"content":{"rendered":"\n<p>L&#8217;\u00faltima setmana de febrer a l&#8217;escola vam viure un dia molt especial: la productora Nebraska Produccions va venir a gravar un anunci per la fundaci\u00f3 BonPreu.<\/p>\n\n\n\n<div class=\"wp-block-columns is-layout-flex wp-container-core-columns-is-layout-1 wp-block-columns-is-layout-flex\" style=\"padding-top:var(--wp--preset--spacing--20);padding-right:var(--wp--preset--spacing--20);padding-bottom:var(--wp--preset--spacing--20);padding-left:var(--wp--preset--spacing--20)\">\n<div class=\"wp-block-column is-layout-flow wp-block-column-is-layout-flow\" style=\"padding-right:var(--wp--preset--spacing--20);padding-left:var(--wp--preset--spacing--20);flex-basis:33.33%\">\n<p style=\"padding-right:var(--wp--preset--spacing--20);padding-left:var(--wp--preset--spacing--20)\">A primera hora del mat\u00ed, van entrar a gravar algunes escenes a la classe de les belugues. <\/p>\n\n\n\n<p style=\"padding-right:var(--wp--preset--spacing--20);padding-left:var(--wp--preset--spacing--20)\">Vam poder viure de primera m\u00e0 com \u00e9s tot el proc\u00e9s: col\u00b7locar els focus, els reflectors de la llum, decidir on es posen les c\u00e0meres&#8230; <\/p>\n\n\n\n<p style=\"padding-right:var(--wp--preset--spacing--20);padding-left:var(--wp--preset--spacing--20)\">Darrere de cada escena hi ha molta feina i molta gent treballant!<\/p>\n<\/div>\n\n\n\n<div class=\"wp-block-column is-layout-flow wp-block-column-is-layout-flow\" style=\"padding-top:var(--wp--preset--spacing--20);padding-right:0;padding-bottom:var(--wp--preset--spacing--20);padding-left:0;flex-basis:66.66%\">\n<div class=\"wp-block-getwid-images-slider has-arrows-inside has-dots-inside has-images-center has-cropped-images has-fixed-height\"><div class=\"wp-block-getwid-images-slider__wrapper\" data-effect=\"slide\" data-slides-show=\"1\" data-slides-show-laptop=\"1\" data-slides-show-tablet=\"1\" data-slides-show-mobile=\"1\" data-slides-scroll=\"1\" data-autoplay=\"true\" data-pause-hover=\"false\" data-autoplay-speed=\"6000\" data-infinite=\"true\" data-animation-speed=\"800\" data-center-mode=\"false\" data-variable-width=\"false\" data-arrows=\"inside\" data-dots=\"inside\" data-spacing=\"none\"><div class=\"wp-block-getwid-images-slider__item\" style=\"height:430px\"><figure><img loading=\"lazy\" decoding=\"async\" width=\"600\" height=\"800\" src=\"https:\/\/agora.xtec.cat\/ceip-llebeig\/wp-content\/uploads\/usu2136\/2025\/04\/IMG-20250226-WA0003-1.jpg\" alt=\"\" data-id=\"4336\" data-link=\"https:\/\/agora.xtec.cat\/ceip-llebeig\/?attachment_id=4336\" data-original-link=\"https:\/\/agora.xtec.cat\/ceip-llebeig\/wp-content\/uploads\/usu2136\/2025\/04\/IMG-20250226-WA0003-1.jpg\" class=\"wp-block-getwid-images-slider__image wp-image-4336\" srcset=\"https:\/\/agora.xtec.cat\/ceip-llebeig\/wp-content\/uploads\/usu2136\/2025\/04\/IMG-20250226-WA0003-1.jpg 600w, https:\/\/agora.xtec.cat\/ceip-llebeig\/wp-content\/uploads\/usu2136\/2025\/04\/IMG-20250226-WA0003-1-225x300.jpg 225w\" sizes=\"auto, (max-width: 600px) 100vw, 600px\" \/><\/figure><\/div><div class=\"wp-block-getwid-images-slider__item\" style=\"height:430px\"><figure><img loading=\"lazy\" decoding=\"async\" width=\"1536\" height=\"1149\" src=\"https:\/\/agora.xtec.cat\/ceip-llebeig\/wp-content\/uploads\/usu2136\/2025\/04\/IMG_20250226_114848-1536x1149.jpg\" alt=\"\" data-id=\"4335\" data-link=\"https:\/\/agora.xtec.cat\/ceip-llebeig\/?attachment_id=4335\" data-original-link=\"https:\/\/agora.xtec.cat\/ceip-llebeig\/wp-content\/uploads\/usu2136\/2025\/04\/IMG_20250226_114848.jpg\" class=\"wp-block-getwid-images-slider__image wp-image-4335\" srcset=\"https:\/\/agora.xtec.cat\/ceip-llebeig\/wp-content\/uploads\/usu2136\/2025\/04\/IMG_20250226_114848-1536x1149.jpg 1536w, https:\/\/agora.xtec.cat\/ceip-llebeig\/wp-content\/uploads\/usu2136\/2025\/04\/IMG_20250226_114848-300x224.jpg 300w, https:\/\/agora.xtec.cat\/ceip-llebeig\/wp-content\/uploads\/usu2136\/2025\/04\/IMG_20250226_114848-1024x766.jpg 1024w, https:\/\/agora.xtec.cat\/ceip-llebeig\/wp-content\/uploads\/usu2136\/2025\/04\/IMG_20250226_114848-768x574.jpg 768w, https:\/\/agora.xtec.cat\/ceip-llebeig\/wp-content\/uploads\/usu2136\/2025\/04\/IMG_20250226_114848.jpg 2000w\" sizes=\"auto, (max-width: 1536px) 100vw, 1536px\" \/><\/figure><\/div><div class=\"wp-block-getwid-images-slider__item\" style=\"height:430px\"><figure><img loading=\"lazy\" decoding=\"async\" width=\"1536\" height=\"1152\" src=\"https:\/\/agora.xtec.cat\/ceip-llebeig\/wp-content\/uploads\/usu2136\/2025\/04\/DSCN8519-1536x1152.jpg\" alt=\"\" data-id=\"4334\" data-link=\"https:\/\/agora.xtec.cat\/ceip-llebeig\/?attachment_id=4334\" data-original-link=\"https:\/\/agora.xtec.cat\/ceip-llebeig\/wp-content\/uploads\/usu2136\/2025\/04\/DSCN8519.jpg\" class=\"wp-block-getwid-images-slider__image wp-image-4334\" srcset=\"https:\/\/agora.xtec.cat\/ceip-llebeig\/wp-content\/uploads\/usu2136\/2025\/04\/DSCN8519-1536x1152.jpg 1536w, https:\/\/agora.xtec.cat\/ceip-llebeig\/wp-content\/uploads\/usu2136\/2025\/04\/DSCN8519-300x225.jpg 300w, https:\/\/agora.xtec.cat\/ceip-llebeig\/wp-content\/uploads\/usu2136\/2025\/04\/DSCN8519-1024x768.jpg 1024w, https:\/\/agora.xtec.cat\/ceip-llebeig\/wp-content\/uploads\/usu2136\/2025\/04\/DSCN8519-768x576.jpg 768w, https:\/\/agora.xtec.cat\/ceip-llebeig\/wp-content\/uploads\/usu2136\/2025\/04\/DSCN8519-2048x1536.jpg 2048w\" sizes=\"auto, (max-width: 1536px) 100vw, 1536px\" \/><\/figure><\/div><div class=\"wp-block-getwid-images-slider__item\" style=\"height:430px\"><figure><img loading=\"lazy\" decoding=\"async\" width=\"1536\" height=\"1152\" src=\"https:\/\/agora.xtec.cat\/ceip-llebeig\/wp-content\/uploads\/usu2136\/2025\/04\/DSCN8426-1536x1152.jpg\" alt=\"\" data-id=\"4333\" data-link=\"https:\/\/agora.xtec.cat\/ceip-llebeig\/?attachment_id=4333\" data-original-link=\"https:\/\/agora.xtec.cat\/ceip-llebeig\/wp-content\/uploads\/usu2136\/2025\/04\/DSCN8426.jpg\" class=\"wp-block-getwid-images-slider__image wp-image-4333\" srcset=\"https:\/\/agora.xtec.cat\/ceip-llebeig\/wp-content\/uploads\/usu2136\/2025\/04\/DSCN8426-1536x1152.jpg 1536w, https:\/\/agora.xtec.cat\/ceip-llebeig\/wp-content\/uploads\/usu2136\/2025\/04\/DSCN8426-300x225.jpg 300w, https:\/\/agora.xtec.cat\/ceip-llebeig\/wp-content\/uploads\/usu2136\/2025\/04\/DSCN8426-1024x768.jpg 1024w, https:\/\/agora.xtec.cat\/ceip-llebeig\/wp-content\/uploads\/usu2136\/2025\/04\/DSCN8426-768x576.jpg 768w, https:\/\/agora.xtec.cat\/ceip-llebeig\/wp-content\/uploads\/usu2136\/2025\/04\/DSCN8426-2048x1536.jpg 2048w\" sizes=\"auto, (max-width: 1536px) 100vw, 1536px\" \/><\/figure><\/div><div class=\"wp-block-getwid-images-slider__item\" style=\"height:430px\"><figure><img loading=\"lazy\" decoding=\"async\" width=\"1536\" height=\"1152\" src=\"https:\/\/agora.xtec.cat\/ceip-llebeig\/wp-content\/uploads\/usu2136\/2025\/04\/DSCN8397-1536x1152.jpg\" alt=\"\" data-id=\"4332\" data-link=\"https:\/\/agora.xtec.cat\/ceip-llebeig\/?attachment_id=4332\" data-original-link=\"https:\/\/agora.xtec.cat\/ceip-llebeig\/wp-content\/uploads\/usu2136\/2025\/04\/DSCN8397.jpg\" class=\"wp-block-getwid-images-slider__image wp-image-4332\" srcset=\"https:\/\/agora.xtec.cat\/ceip-llebeig\/wp-content\/uploads\/usu2136\/2025\/04\/DSCN8397-1536x1152.jpg 1536w, https:\/\/agora.xtec.cat\/ceip-llebeig\/wp-content\/uploads\/usu2136\/2025\/04\/DSCN8397-300x225.jpg 300w, https:\/\/agora.xtec.cat\/ceip-llebeig\/wp-content\/uploads\/usu2136\/2025\/04\/DSCN8397-1024x768.jpg 1024w, https:\/\/agora.xtec.cat\/ceip-llebeig\/wp-content\/uploads\/usu2136\/2025\/04\/DSCN8397-768x576.jpg 768w, https:\/\/agora.xtec.cat\/ceip-llebeig\/wp-content\/uploads\/usu2136\/2025\/04\/DSCN8397-2048x1536.jpg 2048w\" sizes=\"auto, (max-width: 1536px) 100vw, 1536px\" \/><\/figure><\/div><\/div><\/div>\n<\/div>\n<\/div>\n\n\n\n<p style=\"padding-top:var(--wp--preset--spacing--20);padding-bottom:var(--wp--preset--spacing--20)\">Despr\u00e9s del pati, la classe de la Terra va baixar al pati per gravar algunes escenes jugant a futbol, b\u00e0squet i petanca. Vam quedar meravellats amb la quantitat de detalls que s&#8217;han de tenir en compte.<\/p>\n\n\n\n<p>I a l&#8217;estona del menjador, va arribar el gran moment! La gravaci\u00f3 durant el dinar de 3r, 4t, 5\u00e8 i 6\u00e8 de l&#8217;escena final amb una actriu. Va ser un migdia molt diferent, per\u00f2 no l&#8217;oblidarem mai.<\/p>\n\n\n\n<p>Fa unes setmanes que ja es pot veure l&#8217;anunci final a internet i a les xarxes socials. I a m\u00e9s, per donar-nos les gr\u00e0cies, la productora ens ha fet arribar un muntatge amb un recull d&#8217;imatges.<\/p>\n\n\n\n<p><\/p>\n\n\n<div style=\"padding:56.25% 0 0 0;position:relative;\"><iframe src=\"https:\/\/player.vimeo.com\/video\/1063642000?badge=0&amp;autopause=0&amp;player_id=0&amp;app_id=58479\" frameborder=\"0\" allow=\"autoplay; fullscreen; picture-in-picture; clipboard-write; encrypted-media\" style=\"position:absolute;top:0;left:0;width:100%;height:100%;\" title=\"Impulsem beques menjador per a infants\"><\/iframe><\/div>\n<p><script src=\"https:\/\/player.vimeo.com\/api\/player.js\"><\/script><\/p>\n\n\n\n<figure class=\"wp-block-embed is-type-video is-provider-youtube wp-block-embed-youtube wp-embed-aspect-16-9 wp-has-aspect-ratio\"><div class=\"wp-block-embed__wrapper\">\n<div class=\"ast-oembed-container \" style=\"height: 100%;\"><iframe loading=\"lazy\" title=\"Imatges del proc\u00e9s de gravaci\u00f3 de l&#039;anunci a l&#039;escola\" width=\"500\" height=\"281\" src=\"https:\/\/www.youtube.com\/embed\/p0-q8LJWH4A?feature=oembed\" frameborder=\"0\" allow=\"accelerometer; autoplay; clipboard-write; encrypted-media; gyroscope; picture-in-picture; web-share\" referrerpolicy=\"strict-origin-when-cross-origin\" allowfullscreen><\/iframe><\/div>\n<\/div><\/figure>\n","protected":false},"excerpt":{"rendered":"<p>L&#8217;\u00faltima setmana de febrer a l&#8217;escola vam viure un dia molt especial: la productora Nebraska Produccions va venir a gravar un anunci per la fundaci\u00f3 BonPreu.<\/p>\n","protected":false},"author":1,"featured_media":4331,"comment_status":"open","ping_status":"open","sticky":false,"template":"","format":"standard","meta":{"_bbp_topic_count":0,"_bbp_reply_count":0,"_bbp_total_topic_count":0,"_bbp_total_reply_count":0,"_bbp_voice_count":0,"_bbp_anonymous_reply_count":0,"_bbp_topic_count_hidden":0,"_bbp_reply_count_hidden":0,"_bbp_forum_subforum_count":0,"site-sidebar-layout":"default","site-content-layout":"","ast-site-content-layout":"default","site-content-style":"default","site-sidebar-style":"default","ast-global-header-display":"","ast-banner-title-visibility":"","ast-main-header-display":"","ast-hfb-above-header-display":"","ast-hfb-below-header-display":"","ast-hfb-mobile-header-display":"","site-post-title":"","ast-breadcrumbs-content":"","ast-featured-img":"","footer-sml-layout":"","theme-transparent-header-meta":"","adv-header-id-meta":"","stick-header-meta":"","header-above-stick-meta":"","header-main-stick-meta":"","header-below-stick-meta":"","astra-migrate-meta-layouts":"set","ast-page-background-enabled":"default","ast-page-background-meta":{"desktop":{"background-color":"var(--ast-global-color-4)","background-image":"","background-repeat":"repeat","background-position":"center center","background-size":"auto","background-attachment":"scroll","background-type":"","background-media":"","overlay-type":"","overlay-color":"","overlay-opacity":"","overlay-gradient":""},"tablet":{"background-color":"","background-image":"","background-repeat":"repeat","background-position":"center center","background-size":"auto","background-attachment":"scroll","background-type":"","background-media":"","overlay-type":"","overlay-color":"","overlay-opacity":"","overlay-gradient":""},"mobile":{"background-color":"","background-image":"","background-repeat":"repeat","background-position":"center center","background-size":"auto","background-attachment":"scroll","background-type":"","background-media":"","overlay-type":"","overlay-color":"","overlay-opacity":"","overlay-gradient":""}},"ast-content-background-meta":{"desktop":{"background-color":"var(--ast-global-color-5)","background-image":"","background-repeat":"repeat","background-position":"center center","background-size":"auto","background-attachment":"scroll","background-type":"","background-media":"","overlay-type":"","overlay-color":"","overlay-opacity":"","overlay-gradient":""},"tablet":{"background-color":"var(--ast-global-color-5)","background-image":"","background-repeat":"repeat","background-position":"center center","background-size":"auto","background-attachment":"scroll","background-type":"","background-media":"","overlay-type":"","overlay-color":"","overlay-opacity":"","overlay-gradient":""},"mobile":{"background-color":"var(--ast-global-color-5)","background-image":"","background-repeat":"repeat","background-position":"center center","background-size":"auto","background-attachment":"scroll","background-type":"","background-media":"","overlay-type":"","overlay-color":"","overlay-opacity":"","overlay-gradient":""}},"footnotes":""},"categories":[1,62,5,86,186,4],"tags":[],"class_list":["post-4297","post","type-post","status-publish","format-standard","has-post-thumbnail","hentry","category-general","category-grans","category-mitjans","category-petits","category-petits-24-25","category-portada"],"post_mailing_queue_ids":[],"_links":{"self":[{"href":"https:\/\/agora.xtec.cat\/ceip-llebeig\/wp-json\/wp\/v2\/posts\/4297","targetHints":{"allow":["GET"]}}],"collection":[{"href":"https:\/\/agora.xtec.cat\/ceip-llebeig\/wp-json\/wp\/v2\/posts"}],"about":[{"href":"https:\/\/agora.xtec.cat\/ceip-llebeig\/wp-json\/wp\/v2\/types\/post"}],"author":[{"embeddable":true,"href":"https:\/\/agora.xtec.cat\/ceip-llebeig\/wp-json\/wp\/v2\/users\/1"}],"replies":[{"embeddable":true,"href":"https:\/\/agora.xtec.cat\/ceip-llebeig\/wp-json\/wp\/v2\/comments?post=4297"}],"version-history":[{"count":6,"href":"https:\/\/agora.xtec.cat\/ceip-llebeig\/wp-json\/wp\/v2\/posts\/4297\/revisions"}],"predecessor-version":[{"id":4363,"href":"https:\/\/agora.xtec.cat\/ceip-llebeig\/wp-json\/wp\/v2\/posts\/4297\/revisions\/4363"}],"wp:featuredmedia":[{"embeddable":true,"href":"https:\/\/agora.xtec.cat\/ceip-llebeig\/wp-json\/wp\/v2\/media\/4331"}],"wp:attachment":[{"href":"https:\/\/agora.xtec.cat\/ceip-llebeig\/wp-json\/wp\/v2\/media?parent=4297"}],"wp:term":[{"taxonomy":"category","embeddable":true,"href":"https:\/\/agora.xtec.cat\/ceip-llebeig\/wp-json\/wp\/v2\/categories?post=4297"},{"taxonomy":"post_tag","embeddable":true,"href":"https:\/\/agora.xtec.cat\/ceip-llebeig\/wp-json\/wp\/v2\/tags?post=4297"}],"curies":[{"name":"wp","href":"https:\/\/api.w.org\/{rel}","templated":true}]}}