{"id":4046,"date":"2025-02-07T14:45:18","date_gmt":"2025-02-07T13:45:18","guid":{"rendered":"https:\/\/agora.xtec.cat\/ceip-llebeig\/?p=4046"},"modified":"2025-02-07T14:45:18","modified_gmt":"2025-02-07T13:45:18","slug":"llengua-de-forma-divertida","status":"publish","type":"post","link":"https:\/\/agora.xtec.cat\/ceip-llebeig\/general\/llengua-de-forma-divertida\/","title":{"rendered":"Llengua de forma divertida"},"content":{"rendered":"\n<p>El Telebeig \u00e9s una activitat que la fem amb petits grups de la Comunitat de Grans. \u00c9s com un canal de televisi\u00f3 on hi ha molts programes.&nbsp;<\/p>\n\n\n\n<p>Aquest any hi ha Masterbeig, Magicbeig, School news, Llebeig Motion, La Veu del llebeig \u201cRevista\u201d i Radio Llebeig.<\/p>\n\n\n\n<div class=\"wp-block-getwid-images-slider has-arrows-inside has-dots-inside is-carousel has-slides-gap-none has-images-center alignfull\"><div class=\"wp-block-getwid-images-slider__wrapper\" data-effect=\"slide\" data-slides-show=\"2\" data-slides-show-laptop=\"1\" data-slides-show-tablet=\"1\" data-slides-show-mobile=\"1\" data-slides-scroll=\"1\" data-autoplay=\"true\" data-pause-hover=\"false\" data-autoplay-speed=\"6000\" data-infinite=\"true\" data-animation-speed=\"800\" data-center-mode=\"false\" data-variable-width=\"false\" data-arrows=\"inside\" data-dots=\"inside\" data-spacing=\"none\"><div class=\"wp-block-getwid-images-slider__item\"><figure><img loading=\"lazy\" decoding=\"async\" width=\"300\" height=\"225\" src=\"https:\/\/agora.xtec.cat\/ceip-llebeig\/wp-content\/uploads\/usu2136\/2025\/02\/telebeig-3-1-300x225.jpg\" alt=\"\" data-id=\"4056\" data-link=\"https:\/\/agora.xtec.cat\/ceip-llebeig\/telebeig-3-1\/\" data-original-link=\"https:\/\/agora.xtec.cat\/ceip-llebeig\/wp-content\/uploads\/usu2136\/2025\/02\/telebeig-3-1.jpg\" class=\"wp-block-getwid-images-slider__image wp-image-4056\" srcset=\"https:\/\/agora.xtec.cat\/ceip-llebeig\/wp-content\/uploads\/usu2136\/2025\/02\/telebeig-3-1-300x225.jpg 300w, https:\/\/agora.xtec.cat\/ceip-llebeig\/wp-content\/uploads\/usu2136\/2025\/02\/telebeig-3-1-768x576.jpg 768w, https:\/\/agora.xtec.cat\/ceip-llebeig\/wp-content\/uploads\/usu2136\/2025\/02\/telebeig-3-1.jpg 1024w\" sizes=\"auto, (max-width: 300px) 100vw, 300px\" \/><\/figure><\/div><div class=\"wp-block-getwid-images-slider__item\"><figure><img loading=\"lazy\" decoding=\"async\" width=\"225\" height=\"300\" src=\"https:\/\/agora.xtec.cat\/ceip-llebeig\/wp-content\/uploads\/usu2136\/2025\/02\/telebeig-2-1-1-225x300.jpg\" alt=\"\" data-id=\"4055\" data-link=\"https:\/\/agora.xtec.cat\/ceip-llebeig\/telebeig-2-1-2\/\" data-original-link=\"https:\/\/agora.xtec.cat\/ceip-llebeig\/wp-content\/uploads\/usu2136\/2025\/02\/telebeig-2-1-1.jpg\" class=\"wp-block-getwid-images-slider__image wp-image-4055\" srcset=\"https:\/\/agora.xtec.cat\/ceip-llebeig\/wp-content\/uploads\/usu2136\/2025\/02\/telebeig-2-1-1-225x300.jpg 225w, https:\/\/agora.xtec.cat\/ceip-llebeig\/wp-content\/uploads\/usu2136\/2025\/02\/telebeig-2-1-1-768x1024.jpg 768w, https:\/\/agora.xtec.cat\/ceip-llebeig\/wp-content\/uploads\/usu2136\/2025\/02\/telebeig-2-1-1.jpg 1024w\" sizes=\"auto, (max-width: 225px) 100vw, 225px\" \/><\/figure><\/div><div class=\"wp-block-getwid-images-slider__item\"><figure><img loading=\"lazy\" decoding=\"async\" width=\"224\" height=\"300\" src=\"https:\/\/agora.xtec.cat\/ceip-llebeig\/wp-content\/uploads\/usu2136\/2025\/02\/telebeig-1-3-224x300.jpg\" alt=\"\" data-id=\"4053\" data-link=\"https:\/\/agora.xtec.cat\/ceip-llebeig\/telebeig-1-3\/\" data-original-link=\"https:\/\/agora.xtec.cat\/ceip-llebeig\/wp-content\/uploads\/usu2136\/2025\/02\/telebeig-1-3.jpg\" class=\"wp-block-getwid-images-slider__image wp-image-4053\" srcset=\"https:\/\/agora.xtec.cat\/ceip-llebeig\/wp-content\/uploads\/usu2136\/2025\/02\/telebeig-1-3-224x300.jpg 224w, https:\/\/agora.xtec.cat\/ceip-llebeig\/wp-content\/uploads\/usu2136\/2025\/02\/telebeig-1-3-766x1024.jpg 766w, https:\/\/agora.xtec.cat\/ceip-llebeig\/wp-content\/uploads\/usu2136\/2025\/02\/telebeig-1-3-768x1027.jpg 768w, https:\/\/agora.xtec.cat\/ceip-llebeig\/wp-content\/uploads\/usu2136\/2025\/02\/telebeig-1-3.jpg 1024w\" sizes=\"auto, (max-width: 224px) 100vw, 224px\" \/><\/figure><\/div><div class=\"wp-block-getwid-images-slider__item\"><figure><img loading=\"lazy\" decoding=\"async\" width=\"300\" height=\"225\" src=\"https:\/\/agora.xtec.cat\/ceip-llebeig\/wp-content\/uploads\/usu2136\/2025\/02\/telebeig-4-1-300x225.jpg\" alt=\"\" data-id=\"4048\" data-link=\"https:\/\/agora.xtec.cat\/ceip-llebeig\/?attachment_id=4048\" data-original-link=\"https:\/\/agora.xtec.cat\/ceip-llebeig\/wp-content\/uploads\/usu2136\/2025\/02\/telebeig-4-1.jpg\" class=\"wp-block-getwid-images-slider__image wp-image-4048\" srcset=\"https:\/\/agora.xtec.cat\/ceip-llebeig\/wp-content\/uploads\/usu2136\/2025\/02\/telebeig-4-1-300x225.jpg 300w, https:\/\/agora.xtec.cat\/ceip-llebeig\/wp-content\/uploads\/usu2136\/2025\/02\/telebeig-4-1-1024x768.jpg 1024w, https:\/\/agora.xtec.cat\/ceip-llebeig\/wp-content\/uploads\/usu2136\/2025\/02\/telebeig-4-1-768x576.jpg 768w, https:\/\/agora.xtec.cat\/ceip-llebeig\/wp-content\/uploads\/usu2136\/2025\/02\/telebeig-4-1-1536x1152.jpg 1536w, https:\/\/agora.xtec.cat\/ceip-llebeig\/wp-content\/uploads\/usu2136\/2025\/02\/telebeig-4-1.jpg 2040w\" sizes=\"auto, (max-width: 300px) 100vw, 300px\" \/><\/figure><\/div><\/div><\/div>\n\n\n\n<p style=\"margin-top:var(--wp--preset--spacing--30);margin-bottom:var(--wp--preset--spacing--30)\">Els Dilluns despr\u00e9s del pati , tota la Comunitat de Grans, en distribu\u00efm en diferents classes de l&#8217;escola i creem, editem, imaginem, escrivim, cuinem, parlem, gravem, actuem,&nbsp; <em>guionitzem<\/em>\u2026 per fer realitat tots aquests projectes, amb resultats que agraden a tothom.<\/p>\n\n\n\n<p>Gr\u00e0cies al Telebeig ens coneixem els uns i els altres i treballem la llengua de forma divertida.<\/p>\n\n\n\n<p>Yaiza, \u00c8ric i Martina<\/p>\n","protected":false},"excerpt":{"rendered":"<p>El Telebeig \u00e9s una activitat que la fem amb petits grups de la Comunitat de Grans. \u00c9s com un canal de televisi\u00f3 on hi ha molts programes.<\/p>\n","protected":false},"author":3,"featured_media":4055,"comment_status":"open","ping_status":"open","sticky":false,"template":"","format":"standard","meta":{"_bbp_topic_count":0,"_bbp_reply_count":0,"_bbp_total_topic_count":0,"_bbp_total_reply_count":0,"_bbp_voice_count":0,"_bbp_anonymous_reply_count":0,"_bbp_topic_count_hidden":0,"_bbp_reply_count_hidden":0,"_bbp_forum_subforum_count":0,"site-sidebar-layout":"default","site-content-layout":"","ast-site-content-layout":"default","site-content-style":"default","site-sidebar-style":"default","ast-global-header-display":"","ast-banner-title-visibility":"","ast-main-header-display":"","ast-hfb-above-header-display":"","ast-hfb-below-header-display":"","ast-hfb-mobile-header-display":"","site-post-title":"","ast-breadcrumbs-content":"","ast-featured-img":"","footer-sml-layout":"","theme-transparent-header-meta":"","adv-header-id-meta":"","stick-header-meta":"","header-above-stick-meta":"","header-main-stick-meta":"","header-below-stick-meta":"","astra-migrate-meta-layouts":"set","ast-page-background-enabled":"default","ast-page-background-meta":{"desktop":{"background-color":"var(--ast-global-color-4)","background-image":"","background-repeat":"repeat","background-position":"center center","background-size":"auto","background-attachment":"scroll","background-type":"","background-media":"","overlay-type":"","overlay-color":"","overlay-opacity":"","overlay-gradient":""},"tablet":{"background-color":"","background-image":"","background-repeat":"repeat","background-position":"center center","background-size":"auto","background-attachment":"scroll","background-type":"","background-media":"","overlay-type":"","overlay-color":"","overlay-opacity":"","overlay-gradient":""},"mobile":{"background-color":"","background-image":"","background-repeat":"repeat","background-position":"center center","background-size":"auto","background-attachment":"scroll","background-type":"","background-media":"","overlay-type":"","overlay-color":"","overlay-opacity":"","overlay-gradient":""}},"ast-content-background-meta":{"desktop":{"background-color":"var(--ast-global-color-5)","background-image":"","background-repeat":"repeat","background-position":"center center","background-size":"auto","background-attachment":"scroll","background-type":"","background-media":"","overlay-type":"","overlay-color":"","overlay-opacity":"","overlay-gradient":""},"tablet":{"background-color":"var(--ast-global-color-5)","background-image":"","background-repeat":"repeat","background-position":"center center","background-size":"auto","background-attachment":"scroll","background-type":"","background-media":"","overlay-type":"","overlay-color":"","overlay-opacity":"","overlay-gradient":""},"mobile":{"background-color":"var(--ast-global-color-5)","background-image":"","background-repeat":"repeat","background-position":"center center","background-size":"auto","background-attachment":"scroll","background-type":"","background-media":"","overlay-type":"","overlay-color":"","overlay-opacity":"","overlay-gradient":""}},"footnotes":""},"categories":[1,62,4,165],"tags":[93,158],"class_list":["post-4046","post","type-post","status-publish","format-standard","has-post-thumbnail","hentry","category-general","category-grans","category-portada","category-televeig","tag-grans","tag-televeig"],"post_mailing_queue_ids":[],"_links":{"self":[{"href":"https:\/\/agora.xtec.cat\/ceip-llebeig\/wp-json\/wp\/v2\/posts\/4046","targetHints":{"allow":["GET"]}}],"collection":[{"href":"https:\/\/agora.xtec.cat\/ceip-llebeig\/wp-json\/wp\/v2\/posts"}],"about":[{"href":"https:\/\/agora.xtec.cat\/ceip-llebeig\/wp-json\/wp\/v2\/types\/post"}],"author":[{"embeddable":true,"href":"https:\/\/agora.xtec.cat\/ceip-llebeig\/wp-json\/wp\/v2\/users\/3"}],"replies":[{"embeddable":true,"href":"https:\/\/agora.xtec.cat\/ceip-llebeig\/wp-json\/wp\/v2\/comments?post=4046"}],"version-history":[{"count":6,"href":"https:\/\/agora.xtec.cat\/ceip-llebeig\/wp-json\/wp\/v2\/posts\/4046\/revisions"}],"predecessor-version":[{"id":4084,"href":"https:\/\/agora.xtec.cat\/ceip-llebeig\/wp-json\/wp\/v2\/posts\/4046\/revisions\/4084"}],"wp:featuredmedia":[{"embeddable":true,"href":"https:\/\/agora.xtec.cat\/ceip-llebeig\/wp-json\/wp\/v2\/media\/4055"}],"wp:attachment":[{"href":"https:\/\/agora.xtec.cat\/ceip-llebeig\/wp-json\/wp\/v2\/media?parent=4046"}],"wp:term":[{"taxonomy":"category","embeddable":true,"href":"https:\/\/agora.xtec.cat\/ceip-llebeig\/wp-json\/wp\/v2\/categories?post=4046"},{"taxonomy":"post_tag","embeddable":true,"href":"https:\/\/agora.xtec.cat\/ceip-llebeig\/wp-json\/wp\/v2\/tags?post=4046"}],"curies":[{"name":"wp","href":"https:\/\/api.w.org\/{rel}","templated":true}]}}