{"id":3778,"date":"2024-12-19T13:17:49","date_gmt":"2024-12-19T12:17:49","guid":{"rendered":"https:\/\/agora.xtec.cat\/ceip-llebeig\/?p=3778"},"modified":"2025-02-21T18:42:02","modified_gmt":"2025-02-21T17:42:02","slug":"nadal-al-carrer-2","status":"publish","type":"post","link":"https:\/\/agora.xtec.cat\/ceip-llebeig\/general\/nadal-al-carrer-2\/","title":{"rendered":"Nadal al carrer"},"content":{"rendered":"\n<p><span style=\"font-weight: 400;\">Aquest any, per comen\u00e7ar a ambientar les festes de Nadal, els nens i nenes de l\u2019Escola Llebeig, vam sortir a cantar can\u00e7ons i a recitar poemes de Nadal i d&#8217;hivern pels carrers.<\/span><\/p>\n\n\n\n<p><span style=\"font-weight: 400;\">Ho vam fer el dijous 12 de desembre al mat\u00ed.<\/span><\/p>\n\n\n\n<p><span style=\"font-weight: 400;\">La <\/span><b>Comunitat de Petits<\/b><span style=\"font-weight: 400;\"> va cantar les can\u00e7ons: La llum del fanalet de Jaume Moreno i el Trineu de James Pierpoint. Tamb\u00e9 va recitar dos poemes: La nit de Nadal de la Joana Raspall i Un regal molt especial de la Francesca Aubanell.<\/span><\/p>\n\n\n\n<p><span style=\"font-weight: 400;\">La <\/span><b>Comunitat de Mitjans<\/b><span style=\"font-weight: 400;\"> va cantar la can\u00e7\u00f3 d&#8217;Un camell d&#8217;Orient del grup de m\u00fasica Manel i la can\u00e7\u00f3 en angl\u00e8s Snowflakes. Tamb\u00e9 van recitar el vers popular &#8220;De totes les festes m&#8217;agrada el Nadal&#8221;.&nbsp;<\/span><\/p>\n\n\n\n<p><b>La Comunitat de Grans<\/b><span style=\"font-weight: 400;\"> va cantar la can\u00e7\u00f3 d\u2019Ara \u00e9s Nadal del grup de m\u00fasica Lexu\u2019s i en angl\u00e8s Merry Christmas Everyone de Shakin Stevens. Tamb\u00e9 vam recitar el poema L\u2019home dels Nassos de Francesc Gisbert.<\/span><\/p>\n\n\n\n<p>Per veure&#8217;n els v\u00eddeos i les imatges cliqueu <a href=\"https:\/\/agora.xtec.cat\/ceip-llebeig\/general\/nadal-al-carrer\/\">aqu\u00ed<\/a>.<\/p>\n\n\n\n<p><span style=\"font-weight: 400;\">Bones festes a tothom!!<\/span><\/p>\n\n\n\n<p><span style=\"font-weight: 400;\">Menc\u00eda i Pol D.<\/span><\/p>\n","protected":false},"excerpt":{"rendered":"<p>Aquest any, per comen\u00e7ar a ambientar les festes de Nadal, els nens i nenes de l\u2019Escola Llebeig, vam sortir a [&hellip;]<\/p>\n","protected":false},"author":3,"featured_media":3777,"comment_status":"open","ping_status":"closed","sticky":false,"template":"","format":"standard","meta":{"_bbp_topic_count":0,"_bbp_reply_count":0,"_bbp_total_topic_count":0,"_bbp_total_reply_count":0,"_bbp_voice_count":0,"_bbp_anonymous_reply_count":0,"_bbp_topic_count_hidden":0,"_bbp_reply_count_hidden":0,"_bbp_forum_subforum_count":0,"site-sidebar-layout":"default","site-content-layout":"","ast-site-content-layout":"default","site-content-style":"default","site-sidebar-style":"default","ast-global-header-display":"","ast-banner-title-visibility":"","ast-main-header-display":"","ast-hfb-above-header-display":"","ast-hfb-below-header-display":"","ast-hfb-mobile-header-display":"","site-post-title":"","ast-breadcrumbs-content":"","ast-featured-img":"","footer-sml-layout":"","theme-transparent-header-meta":"","adv-header-id-meta":"","stick-header-meta":"","header-above-stick-meta":"","header-main-stick-meta":"","header-below-stick-meta":"","astra-migrate-meta-layouts":"set","ast-page-background-enabled":"default","ast-page-background-meta":{"desktop":{"background-color":"var(--ast-global-color-4)","background-image":"","background-repeat":"repeat","background-position":"center center","background-size":"auto","background-attachment":"scroll","background-type":"","background-media":"","overlay-type":"","overlay-color":"","overlay-opacity":"","overlay-gradient":""},"tablet":{"background-color":"","background-image":"","background-repeat":"repeat","background-position":"center center","background-size":"auto","background-attachment":"scroll","background-type":"","background-media":"","overlay-type":"","overlay-color":"","overlay-opacity":"","overlay-gradient":""},"mobile":{"background-color":"","background-image":"","background-repeat":"repeat","background-position":"center center","background-size":"auto","background-attachment":"scroll","background-type":"","background-media":"","overlay-type":"","overlay-color":"","overlay-opacity":"","overlay-gradient":""}},"ast-content-background-meta":{"desktop":{"background-color":"var(--ast-global-color-5)","background-image":"","background-repeat":"repeat","background-position":"center center","background-size":"auto","background-attachment":"scroll","background-type":"","background-media":"","overlay-type":"","overlay-color":"","overlay-opacity":"","overlay-gradient":""},"tablet":{"background-color":"var(--ast-global-color-5)","background-image":"","background-repeat":"repeat","background-position":"center center","background-size":"auto","background-attachment":"scroll","background-type":"","background-media":"","overlay-type":"","overlay-color":"","overlay-opacity":"","overlay-gradient":""},"mobile":{"background-color":"var(--ast-global-color-5)","background-image":"","background-repeat":"repeat","background-position":"center center","background-size":"auto","background-attachment":"scroll","background-type":"","background-media":"","overlay-type":"","overlay-color":"","overlay-opacity":"","overlay-gradient":""}},"footnotes":""},"categories":[10,11,12,13,14,15,1,62,3,8,9,5,102,86,186,4],"tags":[],"class_list":["post-3778","post","type-post","status-publish","format-standard","has-post-thumbnail","hentry","category-1r","category-2n","category-som-belugues","category-4t","category-5e-foc","category-6e","category-general","category-grans","category-i3","category-i4","category-i5-coets","category-mitjans","category-musica","category-petits","category-petits-24-25","category-portada"],"post_mailing_queue_ids":[],"_links":{"self":[{"href":"https:\/\/agora.xtec.cat\/ceip-llebeig\/wp-json\/wp\/v2\/posts\/3778","targetHints":{"allow":["GET"]}}],"collection":[{"href":"https:\/\/agora.xtec.cat\/ceip-llebeig\/wp-json\/wp\/v2\/posts"}],"about":[{"href":"https:\/\/agora.xtec.cat\/ceip-llebeig\/wp-json\/wp\/v2\/types\/post"}],"author":[{"embeddable":true,"href":"https:\/\/agora.xtec.cat\/ceip-llebeig\/wp-json\/wp\/v2\/users\/3"}],"replies":[{"embeddable":true,"href":"https:\/\/agora.xtec.cat\/ceip-llebeig\/wp-json\/wp\/v2\/comments?post=3778"}],"version-history":[{"count":3,"href":"https:\/\/agora.xtec.cat\/ceip-llebeig\/wp-json\/wp\/v2\/posts\/3778\/revisions"}],"predecessor-version":[{"id":4250,"href":"https:\/\/agora.xtec.cat\/ceip-llebeig\/wp-json\/wp\/v2\/posts\/3778\/revisions\/4250"}],"wp:featuredmedia":[{"embeddable":true,"href":"https:\/\/agora.xtec.cat\/ceip-llebeig\/wp-json\/wp\/v2\/media\/3777"}],"wp:attachment":[{"href":"https:\/\/agora.xtec.cat\/ceip-llebeig\/wp-json\/wp\/v2\/media?parent=3778"}],"wp:term":[{"taxonomy":"category","embeddable":true,"href":"https:\/\/agora.xtec.cat\/ceip-llebeig\/wp-json\/wp\/v2\/categories?post=3778"},{"taxonomy":"post_tag","embeddable":true,"href":"https:\/\/agora.xtec.cat\/ceip-llebeig\/wp-json\/wp\/v2\/tags?post=3778"}],"curies":[{"name":"wp","href":"https:\/\/api.w.org\/{rel}","templated":true}]}}