{"id":3729,"date":"2024-12-17T09:36:43","date_gmt":"2024-12-17T08:36:43","guid":{"rendered":"https:\/\/agora.xtec.cat\/ceip-llebeig\/?p=3729"},"modified":"2024-12-17T09:36:43","modified_gmt":"2024-12-17T08:36:43","slug":"els-patis-al-llebeig","status":"publish","type":"post","link":"https:\/\/agora.xtec.cat\/ceip-llebeig\/portada\/els-patis-al-llebeig\/","title":{"rendered":"Els patis al Llebeig"},"content":{"rendered":"<p><span style=\"font-weight: 400;\">En aquest article explicarem els patis de l\u2019escola Llebeig.<\/span><\/p>\n<p><span style=\"font-weight: 400;\">Hi ha tres patis diferents: hi ha el pati dels petits on hi ha coses infantils per la seva edat casetes, tobogans, sorral, etc. Tamb\u00e9 hi ha el pati del mig, que hi ha un sorral, cubells\u2026 per \u00faltim hi ha el pati de baix que hi ha una pista gran per jugar a futbol, b\u00e0squet, tenis, ping-pong, voley, hoquei&#8230; Despr\u00e9s hi ha dos quartets per guardar material.<\/span><\/p>\n<p><span style=\"font-weight: 400;\">Els horaris del pati s\u00f3n el dilluns, dimarts, dijous i divendres estem al pati de l&#8217;escola i el dimecres anem al Parc Central amb les classes de 4t, 5\u00e8 i 6\u00e8.<\/span><\/p>\n<p><span style=\"font-weight: 400;\">La Comunitat dels Mitjans fan dilluns, dimecres, dijous i divendres al pati de l\u2019escola i els dimarts al Parc Central, totes les setmanes es repeteix igual.<\/span><\/p>\n<p><span style=\"font-weight: 400;\">A nosaltres ens agraden tots els patis de l\u2019escola, per\u00f2 el que m\u00e9s \u00e9s el de baix perqu\u00e8 \u00e9s el que quasi sempre estem i ens sentim m\u00e9s a gust. <a href=\"https:\/\/agora.xtec.cat\/ceip-llebeig\/wp-content\/uploads\/usu2136\/2024\/12\/IMG_1582.jpg\"><img loading=\"lazy\" decoding=\"async\" class=\"wp-image-3726 aligncenter\" src=\"https:\/\/agora.xtec.cat\/ceip-llebeig\/wp-content\/uploads\/usu2136\/2024\/12\/IMG_1582-975x1024.jpg\" alt=\"\" width=\"313\" height=\"329\" srcset=\"https:\/\/agora.xtec.cat\/ceip-llebeig\/wp-content\/uploads\/usu2136\/2024\/12\/IMG_1582-975x1024.jpg 975w, https:\/\/agora.xtec.cat\/ceip-llebeig\/wp-content\/uploads\/usu2136\/2024\/12\/IMG_1582-286x300.jpg 286w, https:\/\/agora.xtec.cat\/ceip-llebeig\/wp-content\/uploads\/usu2136\/2024\/12\/IMG_1582-768x806.jpg 768w, https:\/\/agora.xtec.cat\/ceip-llebeig\/wp-content\/uploads\/usu2136\/2024\/12\/IMG_1582.jpg 1224w\" sizes=\"auto, (max-width: 313px) 100vw, 313px\" \/><\/a><a href=\"https:\/\/agora.xtec.cat\/ceip-llebeig\/wp-content\/uploads\/usu2136\/2024\/12\/IMG_1583-rotated.jpg\"><img loading=\"lazy\" decoding=\"async\" class=\"alignnone  wp-image-3727\" src=\"https:\/\/agora.xtec.cat\/ceip-llebeig\/wp-content\/uploads\/usu2136\/2024\/12\/IMG_1583-768x1024.jpg\" alt=\"\" width=\"271\" height=\"361\" srcset=\"https:\/\/agora.xtec.cat\/ceip-llebeig\/wp-content\/uploads\/usu2136\/2024\/12\/IMG_1583-768x1024.jpg 768w, https:\/\/agora.xtec.cat\/ceip-llebeig\/wp-content\/uploads\/usu2136\/2024\/12\/IMG_1583-225x300.jpg 225w, https:\/\/agora.xtec.cat\/ceip-llebeig\/wp-content\/uploads\/usu2136\/2024\/12\/IMG_1583-1152x1536.jpg 1152w, https:\/\/agora.xtec.cat\/ceip-llebeig\/wp-content\/uploads\/usu2136\/2024\/12\/IMG_1583-rotated.jpg 1512w\" sizes=\"auto, (max-width: 271px) 100vw, 271px\" \/><\/a> <a href=\"https:\/\/agora.xtec.cat\/ceip-llebeig\/wp-content\/uploads\/usu2136\/2024\/12\/IMG_1581-rotated.jpg\"><img loading=\"lazy\" decoding=\"async\" class=\"alignnone  wp-image-3725\" src=\"https:\/\/agora.xtec.cat\/ceip-llebeig\/wp-content\/uploads\/usu2136\/2024\/12\/IMG_1581-768x1024.jpg\" alt=\"\" width=\"272\" height=\"362\" srcset=\"https:\/\/agora.xtec.cat\/ceip-llebeig\/wp-content\/uploads\/usu2136\/2024\/12\/IMG_1581-768x1024.jpg 768w, https:\/\/agora.xtec.cat\/ceip-llebeig\/wp-content\/uploads\/usu2136\/2024\/12\/IMG_1581-225x300.jpg 225w, https:\/\/agora.xtec.cat\/ceip-llebeig\/wp-content\/uploads\/usu2136\/2024\/12\/IMG_1581-1152x1536.jpg 1152w, https:\/\/agora.xtec.cat\/ceip-llebeig\/wp-content\/uploads\/usu2136\/2024\/12\/IMG_1581-rotated.jpg 1512w\" sizes=\"auto, (max-width: 272px) 100vw, 272px\" \/><\/a><\/span><\/p>\n<p><span style=\"font-weight: 400;\">Roc S. i Cl\u00e0udia<\/span><\/p>\n<p>&nbsp;<\/p>\n","protected":false},"excerpt":{"rendered":"<p>En aquest article explicarem els patis de l\u2019escola Llebeig. Hi ha tres patis diferents: hi ha el pati dels petits [&hellip;]<\/p>\n","protected":false},"author":3,"featured_media":3726,"comment_status":"open","ping_status":"closed","sticky":false,"template":"","format":"standard","meta":{"_bbp_topic_count":0,"_bbp_reply_count":0,"_bbp_total_topic_count":0,"_bbp_total_reply_count":0,"_bbp_voice_count":0,"_bbp_anonymous_reply_count":0,"_bbp_topic_count_hidden":0,"_bbp_reply_count_hidden":0,"_bbp_forum_subforum_count":0,"site-sidebar-layout":"default","site-content-layout":"","ast-site-content-layout":"","site-content-style":"default","site-sidebar-style":"default","ast-global-header-display":"","ast-banner-title-visibility":"","ast-main-header-display":"","ast-hfb-above-header-display":"","ast-hfb-below-header-display":"","ast-hfb-mobile-header-display":"","site-post-title":"","ast-breadcrumbs-content":"","ast-featured-img":"","footer-sml-layout":"","theme-transparent-header-meta":"","adv-header-id-meta":"","stick-header-meta":"","header-above-stick-meta":"","header-main-stick-meta":"","header-below-stick-meta":"","astra-migrate-meta-layouts":"default","ast-page-background-enabled":"default","ast-page-background-meta":{"desktop":{"background-color":"var(--ast-global-color-4)","background-image":"","background-repeat":"repeat","background-position":"center center","background-size":"auto","background-attachment":"scroll","background-type":"","background-media":"","overlay-type":"","overlay-color":"","overlay-opacity":"","overlay-gradient":""},"tablet":{"background-color":"","background-image":"","background-repeat":"repeat","background-position":"center center","background-size":"auto","background-attachment":"scroll","background-type":"","background-media":"","overlay-type":"","overlay-color":"","overlay-opacity":"","overlay-gradient":""},"mobile":{"background-color":"","background-image":"","background-repeat":"repeat","background-position":"center center","background-size":"auto","background-attachment":"scroll","background-type":"","background-media":"","overlay-type":"","overlay-color":"","overlay-opacity":"","overlay-gradient":""}},"ast-content-background-meta":{"desktop":{"background-color":"var(--ast-global-color-5)","background-image":"","background-repeat":"repeat","background-position":"center center","background-size":"auto","background-attachment":"scroll","background-type":"","background-media":"","overlay-type":"","overlay-color":"","overlay-opacity":"","overlay-gradient":""},"tablet":{"background-color":"var(--ast-global-color-5)","background-image":"","background-repeat":"repeat","background-position":"center center","background-size":"auto","background-attachment":"scroll","background-type":"","background-media":"","overlay-type":"","overlay-color":"","overlay-opacity":"","overlay-gradient":""},"mobile":{"background-color":"var(--ast-global-color-5)","background-image":"","background-repeat":"repeat","background-position":"center center","background-size":"auto","background-attachment":"scroll","background-type":"","background-media":"","overlay-type":"","overlay-color":"","overlay-opacity":"","overlay-gradient":""}},"footnotes":""},"categories":[62,5,86,4],"tags":[],"class_list":["post-3729","post","type-post","status-publish","format-standard","has-post-thumbnail","hentry","category-grans","category-mitjans","category-petits","category-portada"],"post_mailing_queue_ids":[],"_links":{"self":[{"href":"https:\/\/agora.xtec.cat\/ceip-llebeig\/wp-json\/wp\/v2\/posts\/3729","targetHints":{"allow":["GET"]}}],"collection":[{"href":"https:\/\/agora.xtec.cat\/ceip-llebeig\/wp-json\/wp\/v2\/posts"}],"about":[{"href":"https:\/\/agora.xtec.cat\/ceip-llebeig\/wp-json\/wp\/v2\/types\/post"}],"author":[{"embeddable":true,"href":"https:\/\/agora.xtec.cat\/ceip-llebeig\/wp-json\/wp\/v2\/users\/3"}],"replies":[{"embeddable":true,"href":"https:\/\/agora.xtec.cat\/ceip-llebeig\/wp-json\/wp\/v2\/comments?post=3729"}],"version-history":[{"count":1,"href":"https:\/\/agora.xtec.cat\/ceip-llebeig\/wp-json\/wp\/v2\/posts\/3729\/revisions"}],"predecessor-version":[{"id":3735,"href":"https:\/\/agora.xtec.cat\/ceip-llebeig\/wp-json\/wp\/v2\/posts\/3729\/revisions\/3735"}],"wp:featuredmedia":[{"embeddable":true,"href":"https:\/\/agora.xtec.cat\/ceip-llebeig\/wp-json\/wp\/v2\/media\/3726"}],"wp:attachment":[{"href":"https:\/\/agora.xtec.cat\/ceip-llebeig\/wp-json\/wp\/v2\/media?parent=3729"}],"wp:term":[{"taxonomy":"category","embeddable":true,"href":"https:\/\/agora.xtec.cat\/ceip-llebeig\/wp-json\/wp\/v2\/categories?post=3729"},{"taxonomy":"post_tag","embeddable":true,"href":"https:\/\/agora.xtec.cat\/ceip-llebeig\/wp-json\/wp\/v2\/tags?post=3729"}],"curies":[{"name":"wp","href":"https:\/\/api.w.org\/{rel}","templated":true}]}}