{"id":3707,"date":"2024-12-13T14:15:26","date_gmt":"2024-12-13T13:15:26","guid":{"rendered":"https:\/\/agora.xtec.cat\/ceip-llebeig\/?p=3707"},"modified":"2025-02-21T18:43:23","modified_gmt":"2025-02-21T17:43:23","slug":"nadal-al-carrer","status":"publish","type":"post","link":"https:\/\/agora.xtec.cat\/ceip-llebeig\/general\/nadal-al-carrer\/","title":{"rendered":"Nadal al carrer"},"content":{"rendered":"<p>Enguany hem canviat el format per celebrar Nadal i avui, dia 12 de desembre l&#8217;alumnat de l&#8217;escola ha sortit al carrer a cantar nadales.<\/p>\n<p>La comunitat de Petits ha cantat la can\u00e7\u00f3 &#8220;A la llum del fanalet&#8221; a la llar d&#8217;infants, la comunitat de Mitjans ha cantat les can\u00e7ons &#8220;Un camell d&#8217;orient&#8221; i &#8220;Snowflakes&#8221; a la Pla\u00e7a i la comunitat de Grans ha cantat les can\u00e7ons &#8220;Ara \u00e9s Nadal&#8221;, &#8220;Merry Christmas everyone&#8221; i &#8220;Quan somrius&#8221; a la Cooperativa.<\/p>\n<p>Tot seguit, ens hem trobat tots a la pla\u00e7a de l&#8217;Ajuntament on cada comunitat ha cantat les seves can\u00e7ons i per concloure, la comunitat de Mitjans i Grans han cantat conjuntament la can\u00e7\u00f3 &#8220;Quan somrius&#8221;.<\/p>\n<p>A continuaci\u00f3 trobareu els v\u00eddeos d&#8217;algunes actuacions:<\/p>\n<p>&#8211; Merry Christmas everyone &#8211; GRANS Cooperativa:<\/p>\n<div class=\"ast-oembed-container \" style=\"height: 100%;\"><iframe loading=\"lazy\" title=\"Merry Christmas everyone - GRANS Cooperativa\" width=\"500\" height=\"281\" src=\"https:\/\/www.youtube.com\/embed\/YKuzZPBqdTo?feature=oembed\" frameborder=\"0\" allow=\"accelerometer; autoplay; clipboard-write; encrypted-media; gyroscope; picture-in-picture; web-share\" referrerpolicy=\"strict-origin-when-cross-origin\" allowfullscreen><\/iframe><\/div>\n<p>&#8211; Quan somrius &#8211; GRANS Cooperativa:<\/p>\n<div class=\"ast-oembed-container \" style=\"height: 100%;\"><iframe loading=\"lazy\" title=\"Quan somrius - GRANS Cooperativa\" width=\"500\" height=\"281\" src=\"https:\/\/www.youtube.com\/embed\/0lmDCAeWwVk?feature=oembed\" frameborder=\"0\" allow=\"accelerometer; autoplay; clipboard-write; encrypted-media; gyroscope; picture-in-picture; web-share\" referrerpolicy=\"strict-origin-when-cross-origin\" allowfullscreen><\/iframe><\/div>\n<p>&#8211; Un camell d&#8217;Orient &#8211; MITJANS Pla\u00e7a de l&#8217;Ajuntament:<\/p>\n<div class=\"ast-oembed-container \" style=\"height: 100%;\"><iframe loading=\"lazy\" title=\"Un camell d&#039;Orient - MITJANS Pla\u00e7a de l&#039;Ajuntament\" width=\"500\" height=\"281\" src=\"https:\/\/www.youtube.com\/embed\/MGJwKovQtOY?feature=oembed\" frameborder=\"0\" allow=\"accelerometer; autoplay; clipboard-write; encrypted-media; gyroscope; picture-in-picture; web-share\" referrerpolicy=\"strict-origin-when-cross-origin\" allowfullscreen><\/iframe><\/div>\n<p>&#8211; Snowflakes &#8211; MITJANS Pla\u00e7a de l&#8217;Ajuntament:<\/p>\n<div class=\"ast-oembed-container \" style=\"height: 100%;\"><iframe loading=\"lazy\" title=\"Snowflakes - MITJANS Pla\u00e7a de l&#039;Ajuntament\" width=\"500\" height=\"281\" src=\"https:\/\/www.youtube.com\/embed\/XMkySnoT9V8?feature=oembed\" frameborder=\"0\" allow=\"accelerometer; autoplay; clipboard-write; encrypted-media; gyroscope; picture-in-picture; web-share\" referrerpolicy=\"strict-origin-when-cross-origin\" allowfullscreen><\/iframe><\/div>\n<p>&#8211; A la llum del fanalet &#8211; PETITS Pla\u00e7a de l&#8217;Ajuntament:<\/p>\n<div class=\"ast-oembed-container \" style=\"height: 100%;\"><iframe loading=\"lazy\" title=\"A la llum del fanalet - PETITS Pla\u00e7a de l&#039;Ajuntament\" width=\"500\" height=\"281\" src=\"https:\/\/www.youtube.com\/embed\/9MgVm-zzX80?feature=oembed\" frameborder=\"0\" allow=\"accelerometer; autoplay; clipboard-write; encrypted-media; gyroscope; picture-in-picture; web-share\" referrerpolicy=\"strict-origin-when-cross-origin\" allowfullscreen><\/iframe><\/div>\n<p>&#8211; Ara \u00e9s Nadal &#8211; GRANS Pla\u00e7a de l&#8217;Ajuntament:<\/p>\n<div class=\"ast-oembed-container \" style=\"height: 100%;\"><iframe loading=\"lazy\" title=\"Ara \u00e9s Nadal - GRANS Pla\u00e7a de l&#039;Ajuntament\" width=\"500\" height=\"281\" src=\"https:\/\/www.youtube.com\/embed\/gOhJtpyXViQ?feature=oembed\" frameborder=\"0\" allow=\"accelerometer; autoplay; clipboard-write; encrypted-media; gyroscope; picture-in-picture; web-share\" referrerpolicy=\"strict-origin-when-cross-origin\" allowfullscreen><\/iframe><\/div>\n<p>&#8211; Quan somrius &#8211; MITJANS I GRANS Pla\u00e7a de l&#8217;Ajuntament:<\/p>\n<div class=\"ast-oembed-container \" style=\"height: 100%;\"><iframe loading=\"lazy\" title=\"Quan somrius - MITJANS I GRANS Pla\u00e7a de l&#039;Ajuntament\" width=\"500\" height=\"281\" src=\"https:\/\/www.youtube.com\/embed\/W1Rh7NpcnAQ?feature=oembed\" frameborder=\"0\" allow=\"accelerometer; autoplay; clipboard-write; encrypted-media; gyroscope; picture-in-picture; web-share\" referrerpolicy=\"strict-origin-when-cross-origin\" allowfullscreen><\/iframe><\/div>\n","protected":false},"excerpt":{"rendered":"<p>Enguany hem canviat el format per celebrar Nadal i avui, dia 12 de desembre l&#8217;alumnat de l&#8217;escola ha sortit al carrer a cantar nadales.<\/p>\n","protected":false},"author":1,"featured_media":3777,"comment_status":"open","ping_status":"closed","sticky":false,"template":"","format":"standard","meta":{"_bbp_topic_count":0,"_bbp_reply_count":0,"_bbp_total_topic_count":0,"_bbp_total_reply_count":0,"_bbp_voice_count":0,"_bbp_anonymous_reply_count":0,"_bbp_topic_count_hidden":0,"_bbp_reply_count_hidden":0,"_bbp_forum_subforum_count":0,"site-sidebar-layout":"default","site-content-layout":"","ast-site-content-layout":"default","site-content-style":"default","site-sidebar-style":"default","ast-global-header-display":"","ast-banner-title-visibility":"","ast-main-header-display":"","ast-hfb-above-header-display":"","ast-hfb-below-header-display":"","ast-hfb-mobile-header-display":"","site-post-title":"","ast-breadcrumbs-content":"","ast-featured-img":"","footer-sml-layout":"","theme-transparent-header-meta":"","adv-header-id-meta":"","stick-header-meta":"","header-above-stick-meta":"","header-main-stick-meta":"","header-below-stick-meta":"","astra-migrate-meta-layouts":"set","ast-page-background-enabled":"default","ast-page-background-meta":{"desktop":{"background-color":"var(--ast-global-color-4)","background-image":"","background-repeat":"repeat","background-position":"center center","background-size":"auto","background-attachment":"scroll","background-type":"","background-media":"","overlay-type":"","overlay-color":"","overlay-opacity":"","overlay-gradient":""},"tablet":{"background-color":"","background-image":"","background-repeat":"repeat","background-position":"center center","background-size":"auto","background-attachment":"scroll","background-type":"","background-media":"","overlay-type":"","overlay-color":"","overlay-opacity":"","overlay-gradient":""},"mobile":{"background-color":"","background-image":"","background-repeat":"repeat","background-position":"center center","background-size":"auto","background-attachment":"scroll","background-type":"","background-media":"","overlay-type":"","overlay-color":"","overlay-opacity":"","overlay-gradient":""}},"ast-content-background-meta":{"desktop":{"background-color":"var(--ast-global-color-5)","background-image":"","background-repeat":"repeat","background-position":"center center","background-size":"auto","background-attachment":"scroll","background-type":"","background-media":"","overlay-type":"","overlay-color":"","overlay-opacity":"","overlay-gradient":""},"tablet":{"background-color":"var(--ast-global-color-5)","background-image":"","background-repeat":"repeat","background-position":"center center","background-size":"auto","background-attachment":"scroll","background-type":"","background-media":"","overlay-type":"","overlay-color":"","overlay-opacity":"","overlay-gradient":""},"mobile":{"background-color":"var(--ast-global-color-5)","background-image":"","background-repeat":"repeat","background-position":"center center","background-size":"auto","background-attachment":"scroll","background-type":"","background-media":"","overlay-type":"","overlay-color":"","overlay-opacity":"","overlay-gradient":""}},"footnotes":""},"categories":[1,102],"tags":[71],"class_list":["post-3707","post","type-post","status-publish","format-standard","has-post-thumbnail","hentry","category-general","category-musica","tag-nadal"],"post_mailing_queue_ids":[],"_links":{"self":[{"href":"https:\/\/agora.xtec.cat\/ceip-llebeig\/wp-json\/wp\/v2\/posts\/3707","targetHints":{"allow":["GET"]}}],"collection":[{"href":"https:\/\/agora.xtec.cat\/ceip-llebeig\/wp-json\/wp\/v2\/posts"}],"about":[{"href":"https:\/\/agora.xtec.cat\/ceip-llebeig\/wp-json\/wp\/v2\/types\/post"}],"author":[{"embeddable":true,"href":"https:\/\/agora.xtec.cat\/ceip-llebeig\/wp-json\/wp\/v2\/users\/1"}],"replies":[{"embeddable":true,"href":"https:\/\/agora.xtec.cat\/ceip-llebeig\/wp-json\/wp\/v2\/comments?post=3707"}],"version-history":[{"count":5,"href":"https:\/\/agora.xtec.cat\/ceip-llebeig\/wp-json\/wp\/v2\/posts\/3707\/revisions"}],"predecessor-version":[{"id":4251,"href":"https:\/\/agora.xtec.cat\/ceip-llebeig\/wp-json\/wp\/v2\/posts\/3707\/revisions\/4251"}],"wp:featuredmedia":[{"embeddable":true,"href":"https:\/\/agora.xtec.cat\/ceip-llebeig\/wp-json\/wp\/v2\/media\/3777"}],"wp:attachment":[{"href":"https:\/\/agora.xtec.cat\/ceip-llebeig\/wp-json\/wp\/v2\/media?parent=3707"}],"wp:term":[{"taxonomy":"category","embeddable":true,"href":"https:\/\/agora.xtec.cat\/ceip-llebeig\/wp-json\/wp\/v2\/categories?post=3707"},{"taxonomy":"post_tag","embeddable":true,"href":"https:\/\/agora.xtec.cat\/ceip-llebeig\/wp-json\/wp\/v2\/tags?post=3707"}],"curies":[{"name":"wp","href":"https:\/\/api.w.org\/{rel}","templated":true}]}}