{"id":3704,"date":"2024-12-17T13:06:22","date_gmt":"2024-12-17T12:06:22","guid":{"rendered":"https:\/\/agora.xtec.cat\/ceip-llebeig\/?p=3704"},"modified":"2024-12-17T13:12:42","modified_gmt":"2024-12-17T12:12:42","slug":"dia-internacional-de-la-diversitat-funcional","status":"publish","type":"post","link":"https:\/\/agora.xtec.cat\/ceip-llebeig\/general\/dia-internacional-de-la-diversitat-funcional\/","title":{"rendered":"Dia internacional de la Diversitat Funcional"},"content":{"rendered":"<p style=\"text-align: left;\"><span style=\"font-weight: 400;\">El dimarts 3 desembre i en motiu del dia internacional de la<\/span> <strong>Diversitat funcional,<\/strong><span style=\"font-weight: 400;\"> a l\u2019escola vam fer un seguit de tallers per tal que l\u2019alumnat es conscienci\u00efn sobre les diferents discapacitats presents en la societat.<\/span><\/p>\n<p style=\"text-align: left;\"><span style=\"font-weight: 400;\">Juntament amb el referent de l\u2019EAP i les mestres de l\u2019escola vam preparar tres tallers sobre la diversitat visual, diversitat auditiva i la diversitat motora. Vam aprendre a dir el nostre nom en\u00a0 llenguatge de signes, el vam escriure en Braille i vam pintar un dibuix amb la boca o la m\u00e0 no dominant.\u00a0<\/span><\/p>\n<p style=\"text-align: left;\"><span style=\"font-weight: 400;\">La diversitat funcional \u00e9s una realitat inherent a la nostra societat que ens convida a repensar conceptes com la inclusi\u00f3, l\u2019equitat i el respecte. A l\u2019escola, la pres\u00e8ncia d\u2019infants amb diverses capacitats no nom\u00e9s \u00e9s un dret, sin\u00f3 tamb\u00e9 una oportunitat per enriquir la conviv\u00e8ncia i fomentar valors fonamentals en tots els nens i nenes. \u00c9s essencial comprendre que la inclusi\u00f3 no consisteix simplement a &#8220;adaptar&#8221; els qui s\u00f3n diferents, sin\u00f3 a transformar estructures, metodologies i actituds per garantir que tothom tingui acc\u00e9s a una experi\u00e8ncia educativa plena i significativa.<\/span><\/p>\n<p><a href=\"https:\/\/agora.xtec.cat\/ceip-llebeig\/wp-content\/uploads\/usu2136\/2024\/12\/IMG_4420.jpg\"><img loading=\"lazy\" decoding=\"async\" class=\"wp-image-3752 alignnone\" src=\"https:\/\/agora.xtec.cat\/ceip-llebeig\/wp-content\/uploads\/usu2136\/2024\/12\/IMG_4420.jpg\" alt=\"\" width=\"395\" height=\"296\" srcset=\"https:\/\/agora.xtec.cat\/ceip-llebeig\/wp-content\/uploads\/usu2136\/2024\/12\/IMG_4420.jpg 480w, https:\/\/agora.xtec.cat\/ceip-llebeig\/wp-content\/uploads\/usu2136\/2024\/12\/IMG_4420-300x225.jpg 300w, https:\/\/agora.xtec.cat\/ceip-llebeig\/wp-content\/uploads\/usu2136\/2024\/12\/IMG_4420-200x150.jpg 200w\" sizes=\"auto, (max-width: 395px) 100vw, 395px\" \/>. \u00a0\u00a0\u00a0\u00a0 <\/a><a href=\"https:\/\/agora.xtec.cat\/ceip-llebeig\/wp-content\/uploads\/usu2136\/2024\/12\/1733253223620.jpg\"><img loading=\"lazy\" decoding=\"async\" class=\" wp-image-3751 alignnone\" src=\"https:\/\/agora.xtec.cat\/ceip-llebeig\/wp-content\/uploads\/usu2136\/2024\/12\/1733253223620.jpg\" alt=\"\" width=\"265\" height=\"353\" srcset=\"https:\/\/agora.xtec.cat\/ceip-llebeig\/wp-content\/uploads\/usu2136\/2024\/12\/1733253223620.jpg 480w, https:\/\/agora.xtec.cat\/ceip-llebeig\/wp-content\/uploads\/usu2136\/2024\/12\/1733253223620-225x300.jpg 225w\" sizes=\"auto, (max-width: 265px) 100vw, 265px\" \/>. \u00a0 <\/a><\/p>\n<p><a href=\"https:\/\/agora.xtec.cat\/ceip-llebeig\/wp-content\/uploads\/usu2136\/2024\/12\/IMG_20241203_112950.jpg\"><img loading=\"lazy\" decoding=\"async\" class=\"wp-image-3747 alignnone\" src=\"https:\/\/agora.xtec.cat\/ceip-llebeig\/wp-content\/uploads\/usu2136\/2024\/12\/IMG_20241203_112950.jpg\" alt=\"\" width=\"396\" height=\"297\" srcset=\"https:\/\/agora.xtec.cat\/ceip-llebeig\/wp-content\/uploads\/usu2136\/2024\/12\/IMG_20241203_112950.jpg 480w, https:\/\/agora.xtec.cat\/ceip-llebeig\/wp-content\/uploads\/usu2136\/2024\/12\/IMG_20241203_112950-300x225.jpg 300w, https:\/\/agora.xtec.cat\/ceip-llebeig\/wp-content\/uploads\/usu2136\/2024\/12\/IMG_20241203_112950-200x150.jpg 200w\" sizes=\"auto, (max-width: 396px) 100vw, 396px\" \/>. <\/a><a href=\"https:\/\/agora.xtec.cat\/ceip-llebeig\/wp-content\/uploads\/usu2136\/2024\/12\/IMG_20241203_115244.jpg\">.<\/a><a href=\"https:\/\/agora.xtec.cat\/ceip-llebeig\/wp-content\/uploads\/usu2136\/2024\/12\/1733253223637.jpg\"><img loading=\"lazy\" decoding=\"async\" class=\"wp-image-3750 alignnone\" src=\"https:\/\/agora.xtec.cat\/ceip-llebeig\/wp-content\/uploads\/usu2136\/2024\/12\/1733253223637.jpg\" alt=\"\" width=\"379\" height=\"284\" srcset=\"https:\/\/agora.xtec.cat\/ceip-llebeig\/wp-content\/uploads\/usu2136\/2024\/12\/1733253223637.jpg 480w, https:\/\/agora.xtec.cat\/ceip-llebeig\/wp-content\/uploads\/usu2136\/2024\/12\/1733253223637-300x225.jpg 300w, https:\/\/agora.xtec.cat\/ceip-llebeig\/wp-content\/uploads\/usu2136\/2024\/12\/1733253223637-200x150.jpg 200w\" sizes=\"auto, (max-width: 379px) 100vw, 379px\" \/><\/a><\/p>\n<p><a style=\"color: #2795b6;\" href=\"https:\/\/agora.xtec.cat\/ceip-llebeig\/wp-content\/uploads\/usu2136\/2024\/12\/IMG_20241203_115244.jpg\"><img loading=\"lazy\" decoding=\"async\" class=\"wp-image-3745 alignnone\" src=\"https:\/\/agora.xtec.cat\/ceip-llebeig\/wp-content\/uploads\/usu2136\/2024\/12\/IMG_20241203_115244.jpg\" alt=\"\" width=\"358\" height=\"269\" srcset=\"https:\/\/agora.xtec.cat\/ceip-llebeig\/wp-content\/uploads\/usu2136\/2024\/12\/IMG_20241203_115244.jpg 480w, https:\/\/agora.xtec.cat\/ceip-llebeig\/wp-content\/uploads\/usu2136\/2024\/12\/IMG_20241203_115244-300x225.jpg 300w, https:\/\/agora.xtec.cat\/ceip-llebeig\/wp-content\/uploads\/usu2136\/2024\/12\/IMG_20241203_115244-200x150.jpg 200w\" sizes=\"auto, (max-width: 358px) 100vw, 358px\" \/>. \u00a0\u00a0\u00a0\u00a0\u00a0\u00a0\u00a0\u00a0\u00a0 <\/a><a href=\"https:\/\/agora.xtec.cat\/ceip-llebeig\/wp-content\/uploads\/usu2136\/2024\/12\/66c357ec-0f7b-4a6c-8149-c97700df83dc.jpg\"><img loading=\"lazy\" decoding=\"async\" class=\"wp-image-3749 alignnone\" src=\"https:\/\/agora.xtec.cat\/ceip-llebeig\/wp-content\/uploads\/usu2136\/2024\/12\/66c357ec-0f7b-4a6c-8149-c97700df83dc.jpg\" alt=\"\" width=\"214\" height=\"286\" srcset=\"https:\/\/agora.xtec.cat\/ceip-llebeig\/wp-content\/uploads\/usu2136\/2024\/12\/66c357ec-0f7b-4a6c-8149-c97700df83dc.jpg 480w, https:\/\/agora.xtec.cat\/ceip-llebeig\/wp-content\/uploads\/usu2136\/2024\/12\/66c357ec-0f7b-4a6c-8149-c97700df83dc-225x300.jpg 225w\" sizes=\"auto, (max-width: 214px) 100vw, 214px\" \/><\/a><\/p>\n<p>&nbsp;<\/p>\n<p>&nbsp;<\/p>\n<p>&nbsp;<\/p>\n<p>&nbsp;<\/p>\n<p>&nbsp;<\/p>\n<p>&nbsp;<\/p>\n<p>&nbsp;<\/p>\n","protected":false},"excerpt":{"rendered":"<p>El dimarts 3 desembre i en motiu del dia internacional de la Diversitat funcional, a l\u2019escola vam fer un seguit [&hellip;]<\/p>\n","protected":false},"author":4,"featured_media":3746,"comment_status":"open","ping_status":"closed","sticky":false,"template":"","format":"standard","meta":{"_bbp_topic_count":0,"_bbp_reply_count":0,"_bbp_total_topic_count":0,"_bbp_total_reply_count":0,"_bbp_voice_count":0,"_bbp_anonymous_reply_count":0,"_bbp_topic_count_hidden":0,"_bbp_reply_count_hidden":0,"_bbp_forum_subforum_count":0,"site-sidebar-layout":"default","site-content-layout":"","ast-site-content-layout":"","site-content-style":"default","site-sidebar-style":"default","ast-global-header-display":"","ast-banner-title-visibility":"","ast-main-header-display":"","ast-hfb-above-header-display":"","ast-hfb-below-header-display":"","ast-hfb-mobile-header-display":"","site-post-title":"","ast-breadcrumbs-content":"","ast-featured-img":"","footer-sml-layout":"","theme-transparent-header-meta":"","adv-header-id-meta":"","stick-header-meta":"","header-above-stick-meta":"","header-main-stick-meta":"","header-below-stick-meta":"","astra-migrate-meta-layouts":"default","ast-page-background-enabled":"default","ast-page-background-meta":{"desktop":{"background-color":"var(--ast-global-color-4)","background-image":"","background-repeat":"repeat","background-position":"center center","background-size":"auto","background-attachment":"scroll","background-type":"","background-media":"","overlay-type":"","overlay-color":"","overlay-opacity":"","overlay-gradient":""},"tablet":{"background-color":"","background-image":"","background-repeat":"repeat","background-position":"center center","background-size":"auto","background-attachment":"scroll","background-type":"","background-media":"","overlay-type":"","overlay-color":"","overlay-opacity":"","overlay-gradient":""},"mobile":{"background-color":"","background-image":"","background-repeat":"repeat","background-position":"center center","background-size":"auto","background-attachment":"scroll","background-type":"","background-media":"","overlay-type":"","overlay-color":"","overlay-opacity":"","overlay-gradient":""}},"ast-content-background-meta":{"desktop":{"background-color":"var(--ast-global-color-5)","background-image":"","background-repeat":"repeat","background-position":"center center","background-size":"auto","background-attachment":"scroll","background-type":"","background-media":"","overlay-type":"","overlay-color":"","overlay-opacity":"","overlay-gradient":""},"tablet":{"background-color":"var(--ast-global-color-5)","background-image":"","background-repeat":"repeat","background-position":"center center","background-size":"auto","background-attachment":"scroll","background-type":"","background-media":"","overlay-type":"","overlay-color":"","overlay-opacity":"","overlay-gradient":""},"mobile":{"background-color":"var(--ast-global-color-5)","background-image":"","background-repeat":"repeat","background-position":"center center","background-size":"auto","background-attachment":"scroll","background-type":"","background-media":"","overlay-type":"","overlay-color":"","overlay-opacity":"","overlay-gradient":""}},"footnotes":""},"categories":[1,62,5,4],"tags":[],"class_list":["post-3704","post","type-post","status-publish","format-standard","has-post-thumbnail","hentry","category-general","category-grans","category-mitjans","category-portada"],"post_mailing_queue_ids":[],"_links":{"self":[{"href":"https:\/\/agora.xtec.cat\/ceip-llebeig\/wp-json\/wp\/v2\/posts\/3704","targetHints":{"allow":["GET"]}}],"collection":[{"href":"https:\/\/agora.xtec.cat\/ceip-llebeig\/wp-json\/wp\/v2\/posts"}],"about":[{"href":"https:\/\/agora.xtec.cat\/ceip-llebeig\/wp-json\/wp\/v2\/types\/post"}],"author":[{"embeddable":true,"href":"https:\/\/agora.xtec.cat\/ceip-llebeig\/wp-json\/wp\/v2\/users\/4"}],"replies":[{"embeddable":true,"href":"https:\/\/agora.xtec.cat\/ceip-llebeig\/wp-json\/wp\/v2\/comments?post=3704"}],"version-history":[{"count":6,"href":"https:\/\/agora.xtec.cat\/ceip-llebeig\/wp-json\/wp\/v2\/posts\/3704\/revisions"}],"predecessor-version":[{"id":3756,"href":"https:\/\/agora.xtec.cat\/ceip-llebeig\/wp-json\/wp\/v2\/posts\/3704\/revisions\/3756"}],"wp:featuredmedia":[{"embeddable":true,"href":"https:\/\/agora.xtec.cat\/ceip-llebeig\/wp-json\/wp\/v2\/media\/3746"}],"wp:attachment":[{"href":"https:\/\/agora.xtec.cat\/ceip-llebeig\/wp-json\/wp\/v2\/media?parent=3704"}],"wp:term":[{"taxonomy":"category","embeddable":true,"href":"https:\/\/agora.xtec.cat\/ceip-llebeig\/wp-json\/wp\/v2\/categories?post=3704"},{"taxonomy":"post_tag","embeddable":true,"href":"https:\/\/agora.xtec.cat\/ceip-llebeig\/wp-json\/wp\/v2\/tags?post=3704"}],"curies":[{"name":"wp","href":"https:\/\/api.w.org\/{rel}","templated":true}]}}