{"id":3651,"date":"2024-11-13T10:56:03","date_gmt":"2024-11-13T09:56:03","guid":{"rendered":"https:\/\/agora.xtec.cat\/ceip-llebeig\/?p=3651"},"modified":"2024-11-13T12:48:46","modified_gmt":"2024-11-13T11:48:46","slug":"sortida-als-barris-la-placa-i-bellver","status":"publish","type":"post","link":"https:\/\/agora.xtec.cat\/ceip-llebeig\/general\/sortida-als-barris-la-placa-i-bellver\/","title":{"rendered":"Sortida als barris de la Pla\u00e7a i Bellver"},"content":{"rendered":"<p><span style=\"font-weight: 500;\">Com b\u00e9 sabeu, aquest any treballem el nostre <\/span><span style=\"font-weight: 400;\">POBLE<\/span><span style=\"font-weight: 500;\"> i amb ell la coneixen\u00e7a dels diferents BARRIS.\u00a0<\/span><\/p>\n<p><span style=\"font-weight: 500;\">El passat mes d&#8217;octubre vam comen\u00e7ar pel <\/span><b>BARRI DE LA PLA\u00c7A <\/b><span style=\"font-weight: 500;\">on gr\u00e0cies als avis del Marc vam con\u00e8ixer una mica els canvis m\u00e9s grans que han anat succeint al barri.\u00a0<\/span><\/p>\n<p><span style=\"font-weight: 500;\">L\u2019\u00e0via ens va explicar a on anava ella a l&#8217;escola, com eren les cases, a on ten\u00eden la botiga de queviures i l\u2019estanc, quan el van tancar despr\u00e9s d\u2019un munt d\u2019anys donant aquest servei al poble\u2026\u00a0<\/span><\/p>\n<p><span style=\"font-weight: 500;\">Sab\u00edeu que abans hi havien 2 bars, una sastreria, una sabateria i dues barberies? L\u2019ajuntament, l\u2019escola i el metge tamb\u00e9 estaven dalt de la pla\u00e7a\u2026 I els carrers no estaven asfaltats! L&#8217;autob\u00fas pujava fins dalt per portar-los a Vilafranca.<\/span><\/p>\n<p>&nbsp;<\/p>\n<p>Aquesta setmana hem continuat amb <strong>el BARRI DE BELLVER.<\/strong> Abans de dirigir-nos cap a la pla\u00e7a de la Cooperativa, vam est\u00e0 treballant el mapa del barri per con\u00e8ixer la ruta que far\u00edem i les parades i serveis que anir\u00edem trobant al llarg de la sortida. Durant el trajecte tamb\u00e9 vam posar \u00e8mfasi en el nostre entorn, la cura d&#8217;aquest i el mobiliari que anir\u00edem trobant i en quin estat el trobar\u00edem.<\/p>\n<p>A dalt la pla\u00e7a ens esperava l&#8217;\u00e0via i la bes\u00e0via de la Neu per poder explicar-nos una mica com era abans el barri.<\/p>\n<p>Ens van explicar que, abans, al barri hi havia molts serveis, dues botigues de queviures, una barberia, una merceria, un forn de pa, una escola&#8230; per\u00f2 el que m\u00e9s ens va cridar l&#8217;atenci\u00f3 va ser quan ens va explicar que no fa masses anys que els carrers estan asfaltats, que abans era de terra i grava.<\/p>\n<p>Despr\u00e9s de la xerrada i havent esmorzat, vam anar cap a la deixalleria i el pol\u00edgon industrial del poble. Vam parlar una mica de cadascun d&#8217;ells i de qu\u00e8 ens ofereix al poble com a servei.<\/p>\n<p>Cal dir que despr\u00e9s de la tornada a l&#8217;escola , vam poder ser conscients que cal m\u00e9s cura del nostre entorn, ja que vam poder trobar varies coses que no ens van agradar: pintades a les parets, brossa fora els contenidors, caques de gos, deixalles al terra&#8230;<\/p>\n<p>&nbsp;<\/p>\n\r\n\t<div class=\"slideshow_container slideshow_container_style-light\" style=\"height: 300px; \" data-slideshow-id=\"3686\" data-style-name=\"style-light\" data-style-version=\"2.3.1\" >\r\n\r\n\t\t\t\t\t<div class=\"slideshow_loading_icon\"><\/div>\r\n\t\t\r\n\t\t<div class=\"slideshow_content\" style=\"display: none;\">\r\n\r\n\t\t\t<div class=\"slideshow_view\">\r\n\t\t\t\t<div class=\"slideshow_slide slideshow_slide_image\">\r\n\t\t\t\t\t\t\t\t\t\t\t<img src=\"https:\/\/agora.xtec.cat\/ceip-llebeig\/wp-content\/uploads\/usu2136\/2024\/11\/20241014_115048-rotated.jpg\" alt=\"20241014_115048\" width=\"1125\" height=\"1500\" \/>\r\n\t\t\t\t\t\t\t\t\t\t<div class=\"slideshow_description_box slideshow_transparent\">\r\n\t\t\t\t\t\t<div class=\"slideshow_title\">20241014_115048<\/div>\t\t\t\t\t\t\t\t\t\t\t<\/div>\r\n\t\t\t\t<\/div>\r\n\r\n\t\t\t\t\t\t<div style=\"clear: both;\"><\/div><\/div><div class=\"slideshow_view\">\r\n\t\t\t\t<div class=\"slideshow_slide slideshow_slide_image\">\r\n\t\t\t\t\t\t\t\t\t\t\t<img src=\"https:\/\/agora.xtec.cat\/ceip-llebeig\/wp-content\/uploads\/usu2136\/2024\/11\/IMG_4083.jpg\" alt=\"IMG_4083\" width=\"2142\" height=\"1607\" \/>\r\n\t\t\t\t\t\t\t\t\t\t<div class=\"slideshow_description_box slideshow_transparent\">\r\n\t\t\t\t\t\t<div class=\"slideshow_title\">IMG_4083<\/div>\t\t\t\t\t\t\t\t\t\t\t<\/div>\r\n\t\t\t\t<\/div>\r\n\r\n\t\t\t\t\t\t<div style=\"clear: both;\"><\/div><\/div><div class=\"slideshow_view\">\r\n\t\t\t\t<div class=\"slideshow_slide slideshow_slide_image\">\r\n\t\t\t\t\t\t\t\t\t\t\t<img src=\"https:\/\/agora.xtec.cat\/ceip-llebeig\/wp-content\/uploads\/usu2136\/2024\/11\/IMG_4085.jpg\" alt=\"IMG_4085\" width=\"2142\" height=\"1607\" \/>\r\n\t\t\t\t\t\t\t\t\t\t<div class=\"slideshow_description_box slideshow_transparent\">\r\n\t\t\t\t\t\t<div class=\"slideshow_title\">IMG_4085<\/div>\t\t\t\t\t\t\t\t\t\t\t<\/div>\r\n\t\t\t\t<\/div>\r\n\r\n\t\t\t\t\t\t<div style=\"clear: both;\"><\/div><\/div><div class=\"slideshow_view\">\r\n\t\t\t\t<div class=\"slideshow_slide slideshow_slide_image\">\r\n\t\t\t\t\t\t\t\t\t\t\t<img src=\"https:\/\/agora.xtec.cat\/ceip-llebeig\/wp-content\/uploads\/usu2136\/2024\/11\/IMG_4086.jpg\" alt=\"IMG_4086\" width=\"2142\" height=\"1607\" \/>\r\n\t\t\t\t\t\t\t\t\t\t<div class=\"slideshow_description_box slideshow_transparent\">\r\n\t\t\t\t\t\t<div class=\"slideshow_title\">IMG_4086<\/div>\t\t\t\t\t\t\t\t\t\t\t<\/div>\r\n\t\t\t\t<\/div>\r\n\r\n\t\t\t\t\t\t<div style=\"clear: both;\"><\/div><\/div><div class=\"slideshow_view\">\r\n\t\t\t\t<div class=\"slideshow_slide slideshow_slide_image\">\r\n\t\t\t\t\t\t\t\t\t\t\t<img src=\"https:\/\/agora.xtec.cat\/ceip-llebeig\/wp-content\/uploads\/usu2136\/2024\/11\/IMG_4087.jpg\" alt=\"IMG_4087\" width=\"2142\" height=\"1607\" \/>\r\n\t\t\t\t\t\t\t\t\t\t<div class=\"slideshow_description_box slideshow_transparent\">\r\n\t\t\t\t\t\t<div class=\"slideshow_title\">IMG_4087<\/div>\t\t\t\t\t\t\t\t\t\t\t<\/div>\r\n\t\t\t\t<\/div>\r\n\r\n\t\t\t\t\t\t<div style=\"clear: both;\"><\/div><\/div><div class=\"slideshow_view\">\r\n\t\t\t\t<div class=\"slideshow_slide slideshow_slide_image\">\r\n\t\t\t\t\t\t\t\t\t\t\t<img src=\"https:\/\/agora.xtec.cat\/ceip-llebeig\/wp-content\/uploads\/usu2136\/2024\/11\/IMG_20241014_115520.jpg\" alt=\"IMG_20241014_115520\" width=\"1920\" height=\"1440\" \/>\r\n\t\t\t\t\t\t\t\t\t\t<div class=\"slideshow_description_box slideshow_transparent\">\r\n\t\t\t\t\t\t<div class=\"slideshow_title\">IMG_20241014_115520<\/div>\t\t\t\t\t\t\t\t\t\t\t<\/div>\r\n\t\t\t\t<\/div>\r\n\r\n\t\t\t\t\t\t<div style=\"clear: both;\"><\/div><\/div><div class=\"slideshow_view\">\r\n\t\t\t\t<div class=\"slideshow_slide slideshow_slide_image\">\r\n\t\t\t\t\t\t\t\t\t\t\t<img src=\"https:\/\/agora.xtec.cat\/ceip-llebeig\/wp-content\/uploads\/usu2136\/2024\/11\/IMG20241014100508.jpg\" alt=\"\" width=\"1500\" height=\"1125\" \/>\r\n\t\t\t\t\t\t\t\t\t\t<div class=\"slideshow_description_box slideshow_transparent\">\r\n\t\t\t\t\t\t\t\t\t\t\t\t\t\t\t\t\t<\/div>\r\n\t\t\t\t<\/div>\r\n\r\n\t\t\t\t\t\t<div style=\"clear: both;\"><\/div><\/div><div class=\"slideshow_view\">\r\n\t\t\t\t<div class=\"slideshow_slide slideshow_slide_image\">\r\n\t\t\t\t\t\t\t\t\t\t\t<img src=\"https:\/\/agora.xtec.cat\/ceip-llebeig\/wp-content\/uploads\/usu2136\/2024\/11\/20241014_110814-1-rotated.jpg\" alt=\"20241014_110814\" width=\"1125\" height=\"1500\" \/>\r\n\t\t\t\t\t\t\t\t\t\t<div class=\"slideshow_description_box slideshow_transparent\">\r\n\t\t\t\t\t\t<div class=\"slideshow_title\">20241014_110814<\/div>\t\t\t\t\t\t\t\t\t\t\t<\/div>\r\n\t\t\t\t<\/div>\r\n\r\n\t\t\t\t\t\t<div style=\"clear: both;\"><\/div><\/div>\r\n\t\t<\/div>\r\n\r\n\t\t<div class=\"slideshow_controlPanel slideshow_transparent\" style=\"display: none;\"><ul><li class=\"slideshow_togglePlay\" data-play-text=\"Visualitza\" data-pause-text=\"Pausa\"><\/li><\/ul><\/div>\r\n\r\n\t\t<div class=\"slideshow_button slideshow_previous slideshow_transparent\" role=\"button\" data-previous-text=\"Anterior\" style=\"display: none;\"><\/div>\r\n\t\t<div class=\"slideshow_button slideshow_next slideshow_transparent\" role=\"button\" data-next-text=\"Seg\u00fcent\" style=\"display: none;\"><\/div>\r\n\r\n\t\t<div class=\"slideshow_pagination\" style=\"display: none;\" data-go-to-text=\"V\u00e9s a la diapositiva\"><div class=\"slideshow_pagination_center\"><\/div><\/div>\r\n\r\n\t\t<!-- WordPress Slideshow Version 2.3.1 -->\r\n\r\n\t\t\t<\/div>\r\n\r\n\n","protected":false},"excerpt":{"rendered":"<p>Com b\u00e9 sabeu, aquest any treballem el nostre POBLE i amb ell la coneixen\u00e7a dels diferents BARRIS.\u00a0 El passat mes [&hellip;]<\/p>\n","protected":false},"author":4,"featured_media":3678,"comment_status":"open","ping_status":"closed","sticky":false,"template":"","format":"standard","meta":{"_bbp_topic_count":0,"_bbp_reply_count":0,"_bbp_total_topic_count":0,"_bbp_total_reply_count":0,"_bbp_voice_count":0,"_bbp_anonymous_reply_count":0,"_bbp_topic_count_hidden":0,"_bbp_reply_count_hidden":0,"_bbp_forum_subforum_count":0,"site-sidebar-layout":"default","site-content-layout":"","ast-site-content-layout":"","site-content-style":"default","site-sidebar-style":"default","ast-global-header-display":"","ast-banner-title-visibility":"","ast-main-header-display":"","ast-hfb-above-header-display":"","ast-hfb-below-header-display":"","ast-hfb-mobile-header-display":"","site-post-title":"","ast-breadcrumbs-content":"","ast-featured-img":"","footer-sml-layout":"","theme-transparent-header-meta":"","adv-header-id-meta":"","stick-header-meta":"","header-above-stick-meta":"","header-main-stick-meta":"","header-below-stick-meta":"","astra-migrate-meta-layouts":"default","ast-page-background-enabled":"default","ast-page-background-meta":{"desktop":{"background-color":"var(--ast-global-color-4)","background-image":"","background-repeat":"repeat","background-position":"center center","background-size":"auto","background-attachment":"scroll","background-type":"","background-media":"","overlay-type":"","overlay-color":"","overlay-opacity":"","overlay-gradient":""},"tablet":{"background-color":"","background-image":"","background-repeat":"repeat","background-position":"center center","background-size":"auto","background-attachment":"scroll","background-type":"","background-media":"","overlay-type":"","overlay-color":"","overlay-opacity":"","overlay-gradient":""},"mobile":{"background-color":"","background-image":"","background-repeat":"repeat","background-position":"center center","background-size":"auto","background-attachment":"scroll","background-type":"","background-media":"","overlay-type":"","overlay-color":"","overlay-opacity":"","overlay-gradient":""}},"ast-content-background-meta":{"desktop":{"background-color":"var(--ast-global-color-5)","background-image":"","background-repeat":"repeat","background-position":"center center","background-size":"auto","background-attachment":"scroll","background-type":"","background-media":"","overlay-type":"","overlay-color":"","overlay-opacity":"","overlay-gradient":""},"tablet":{"background-color":"var(--ast-global-color-5)","background-image":"","background-repeat":"repeat","background-position":"center center","background-size":"auto","background-attachment":"scroll","background-type":"","background-media":"","overlay-type":"","overlay-color":"","overlay-opacity":"","overlay-gradient":""},"mobile":{"background-color":"var(--ast-global-color-5)","background-image":"","background-repeat":"repeat","background-position":"center center","background-size":"auto","background-attachment":"scroll","background-type":"","background-media":"","overlay-type":"","overlay-color":"","overlay-opacity":"","overlay-gradient":""}},"footnotes":""},"categories":[1,5,4,100],"tags":[171,88,96],"class_list":["post-3651","post","type-post","status-publish","format-standard","has-post-thumbnail","hentry","category-general","category-mitjans","category-portada","category-sortides-dentorn","tag-mitjans","tag-sortida-dentorn","tag-vilobi"],"post_mailing_queue_ids":[],"_links":{"self":[{"href":"https:\/\/agora.xtec.cat\/ceip-llebeig\/wp-json\/wp\/v2\/posts\/3651","targetHints":{"allow":["GET"]}}],"collection":[{"href":"https:\/\/agora.xtec.cat\/ceip-llebeig\/wp-json\/wp\/v2\/posts"}],"about":[{"href":"https:\/\/agora.xtec.cat\/ceip-llebeig\/wp-json\/wp\/v2\/types\/post"}],"author":[{"embeddable":true,"href":"https:\/\/agora.xtec.cat\/ceip-llebeig\/wp-json\/wp\/v2\/users\/4"}],"replies":[{"embeddable":true,"href":"https:\/\/agora.xtec.cat\/ceip-llebeig\/wp-json\/wp\/v2\/comments?post=3651"}],"version-history":[{"count":6,"href":"https:\/\/agora.xtec.cat\/ceip-llebeig\/wp-json\/wp\/v2\/posts\/3651\/revisions"}],"predecessor-version":[{"id":3689,"href":"https:\/\/agora.xtec.cat\/ceip-llebeig\/wp-json\/wp\/v2\/posts\/3651\/revisions\/3689"}],"wp:featuredmedia":[{"embeddable":true,"href":"https:\/\/agora.xtec.cat\/ceip-llebeig\/wp-json\/wp\/v2\/media\/3678"}],"wp:attachment":[{"href":"https:\/\/agora.xtec.cat\/ceip-llebeig\/wp-json\/wp\/v2\/media?parent=3651"}],"wp:term":[{"taxonomy":"category","embeddable":true,"href":"https:\/\/agora.xtec.cat\/ceip-llebeig\/wp-json\/wp\/v2\/categories?post=3651"},{"taxonomy":"post_tag","embeddable":true,"href":"https:\/\/agora.xtec.cat\/ceip-llebeig\/wp-json\/wp\/v2\/tags?post=3651"}],"curies":[{"name":"wp","href":"https:\/\/api.w.org\/{rel}","templated":true}]}}