{"id":3552,"date":"2024-10-08T09:39:46","date_gmt":"2024-10-08T07:39:46","guid":{"rendered":"https:\/\/agora.xtec.cat\/ceip-llebeig\/?p=3552"},"modified":"2024-10-08T16:06:25","modified_gmt":"2024-10-08T14:06:25","slug":"pantalles-digitals-noves","status":"publish","type":"post","link":"https:\/\/agora.xtec.cat\/ceip-llebeig\/general\/pantalles-digitals-noves\/","title":{"rendered":"Pantalles Digitals Noves"},"content":{"rendered":"<p><span style=\"font-weight: 400;\"><a href=\"https:\/\/agora.xtec.cat\/ceip-llebeig\/wp-content\/uploads\/usu2136\/2024\/10\/IMG_0917.jpg\"><img loading=\"lazy\" decoding=\"async\" class=\" wp-image-3549 alignleft\" src=\"https:\/\/agora.xtec.cat\/ceip-llebeig\/wp-content\/uploads\/usu2136\/2024\/10\/IMG_0917-723x1024.jpg\" alt=\"\" width=\"260\" height=\"368\" srcset=\"https:\/\/agora.xtec.cat\/ceip-llebeig\/wp-content\/uploads\/usu2136\/2024\/10\/IMG_0917-723x1024.jpg 723w, https:\/\/agora.xtec.cat\/ceip-llebeig\/wp-content\/uploads\/usu2136\/2024\/10\/IMG_0917-212x300.jpg 212w, https:\/\/agora.xtec.cat\/ceip-llebeig\/wp-content\/uploads\/usu2136\/2024\/10\/IMG_0917-768x1087.jpg 768w, https:\/\/agora.xtec.cat\/ceip-llebeig\/wp-content\/uploads\/usu2136\/2024\/10\/IMG_0917.jpg 976w\" sizes=\"auto, (max-width: 260px) 100vw, 260px\" \/><\/a>A principi de curs, entre el 17 i el 19 de setembre, van venir uns operaris del Departament d\u2019Educaci\u00f3 a canviar les pantalles digitals de totes les aules de la Comunitat de grans i la Classe de 1r.<\/span><\/p>\n<p><span style=\"font-weight: 400;\">Aquest canvi de pantalles era necessari perqu\u00e8 les antigues eren molt fosques i hav\u00edem de tancar llums i cortines, per\u00f2 ara, amb aquestes pantalles, no cal que tanquem els llums perqu\u00e8 s\u2019il\u00b7luminen molt i ja ens hi veiem.<\/span><\/p>\n<p><span style=\"font-weight: 400;\">A les classes de 2n i 3r encara no els hi han posat les pantalles digitals, perqu\u00e8 falta un peu per aguantar la pantalla. Les parets s\u00f3n de pladur i no es poden penjar directament, ja que podrien caure.<\/span><\/p>\n<p><span style=\"font-weight: 400;\">Aquest canvi de pantalles \u00e9s molt bo per l\u2019escola, ja que abans hi havien pantalles que no s\u2019hi veien molt b\u00e9.<\/span><\/p>\n<p>&nbsp;<\/p>\n<p>Txell, Lluc, Ar\u00e9s M.<\/p>\n","protected":false},"excerpt":{"rendered":"<p>A principi de curs, entre el 17 i el 19 de setembre, van venir uns operaris del Departament d\u2019Educaci\u00f3 a [&hellip;]<\/p>\n","protected":false},"author":3,"featured_media":3549,"comment_status":"open","ping_status":"closed","sticky":false,"template":"","format":"standard","meta":{"_bbp_topic_count":0,"_bbp_reply_count":0,"_bbp_total_topic_count":0,"_bbp_total_reply_count":0,"_bbp_voice_count":0,"_bbp_anonymous_reply_count":0,"_bbp_topic_count_hidden":0,"_bbp_reply_count_hidden":0,"_bbp_forum_subforum_count":0,"site-sidebar-layout":"default","site-content-layout":"","ast-site-content-layout":"","site-content-style":"default","site-sidebar-style":"default","ast-global-header-display":"","ast-banner-title-visibility":"","ast-main-header-display":"","ast-hfb-above-header-display":"","ast-hfb-below-header-display":"","ast-hfb-mobile-header-display":"","site-post-title":"","ast-breadcrumbs-content":"","ast-featured-img":"","footer-sml-layout":"","theme-transparent-header-meta":"","adv-header-id-meta":"","stick-header-meta":"","header-above-stick-meta":"","header-main-stick-meta":"","header-below-stick-meta":"","astra-migrate-meta-layouts":"default","ast-page-background-enabled":"default","ast-page-background-meta":{"desktop":{"background-color":"var(--ast-global-color-4)","background-image":"","background-repeat":"repeat","background-position":"center center","background-size":"auto","background-attachment":"scroll","background-type":"","background-media":"","overlay-type":"","overlay-color":"","overlay-opacity":"","overlay-gradient":""},"tablet":{"background-color":"","background-image":"","background-repeat":"repeat","background-position":"center center","background-size":"auto","background-attachment":"scroll","background-type":"","background-media":"","overlay-type":"","overlay-color":"","overlay-opacity":"","overlay-gradient":""},"mobile":{"background-color":"","background-image":"","background-repeat":"repeat","background-position":"center center","background-size":"auto","background-attachment":"scroll","background-type":"","background-media":"","overlay-type":"","overlay-color":"","overlay-opacity":"","overlay-gradient":""}},"ast-content-background-meta":{"desktop":{"background-color":"var(--ast-global-color-5)","background-image":"","background-repeat":"repeat","background-position":"center center","background-size":"auto","background-attachment":"scroll","background-type":"","background-media":"","overlay-type":"","overlay-color":"","overlay-opacity":"","overlay-gradient":""},"tablet":{"background-color":"var(--ast-global-color-5)","background-image":"","background-repeat":"repeat","background-position":"center center","background-size":"auto","background-attachment":"scroll","background-type":"","background-media":"","overlay-type":"","overlay-color":"","overlay-opacity":"","overlay-gradient":""},"mobile":{"background-color":"var(--ast-global-color-5)","background-image":"","background-repeat":"repeat","background-position":"center center","background-size":"auto","background-attachment":"scroll","background-type":"","background-media":"","overlay-type":"","overlay-color":"","overlay-opacity":"","overlay-gradient":""}},"footnotes":""},"categories":[1,62,5,4],"tags":[],"class_list":["post-3552","post","type-post","status-publish","format-standard","has-post-thumbnail","hentry","category-general","category-grans","category-mitjans","category-portada"],"post_mailing_queue_ids":[],"_links":{"self":[{"href":"https:\/\/agora.xtec.cat\/ceip-llebeig\/wp-json\/wp\/v2\/posts\/3552","targetHints":{"allow":["GET"]}}],"collection":[{"href":"https:\/\/agora.xtec.cat\/ceip-llebeig\/wp-json\/wp\/v2\/posts"}],"about":[{"href":"https:\/\/agora.xtec.cat\/ceip-llebeig\/wp-json\/wp\/v2\/types\/post"}],"author":[{"embeddable":true,"href":"https:\/\/agora.xtec.cat\/ceip-llebeig\/wp-json\/wp\/v2\/users\/3"}],"replies":[{"embeddable":true,"href":"https:\/\/agora.xtec.cat\/ceip-llebeig\/wp-json\/wp\/v2\/comments?post=3552"}],"version-history":[{"count":6,"href":"https:\/\/agora.xtec.cat\/ceip-llebeig\/wp-json\/wp\/v2\/posts\/3552\/revisions"}],"predecessor-version":[{"id":3581,"href":"https:\/\/agora.xtec.cat\/ceip-llebeig\/wp-json\/wp\/v2\/posts\/3552\/revisions\/3581"}],"wp:featuredmedia":[{"embeddable":true,"href":"https:\/\/agora.xtec.cat\/ceip-llebeig\/wp-json\/wp\/v2\/media\/3549"}],"wp:attachment":[{"href":"https:\/\/agora.xtec.cat\/ceip-llebeig\/wp-json\/wp\/v2\/media?parent=3552"}],"wp:term":[{"taxonomy":"category","embeddable":true,"href":"https:\/\/agora.xtec.cat\/ceip-llebeig\/wp-json\/wp\/v2\/categories?post=3552"},{"taxonomy":"post_tag","embeddable":true,"href":"https:\/\/agora.xtec.cat\/ceip-llebeig\/wp-json\/wp\/v2\/tags?post=3552"}],"curies":[{"name":"wp","href":"https:\/\/api.w.org\/{rel}","templated":true}]}}