{"id":3183,"date":"2024-04-08T16:58:35","date_gmt":"2024-04-08T14:58:35","guid":{"rendered":"https:\/\/agora.xtec.cat\/ceip-llebeig\/?p=3183"},"modified":"2024-04-08T16:58:35","modified_gmt":"2024-04-08T14:58:35","slug":"jornada-de-quintos","status":"publish","type":"post","link":"https:\/\/agora.xtec.cat\/ceip-llebeig\/portada\/jornada-de-quintos\/","title":{"rendered":"JORNADA DE QUINTOS"},"content":{"rendered":"<p><span style=\"font-weight: 400;\">La Comunitat de Grans de l\u2019escola va participar amb el grup S\u00e8nior d\u2019una jornada de Quinto ben interessant.<\/span><\/p>\n<p><span style=\"font-weight: 400;\">Va ser molt divertit i interessant i d\u00f3na continu\u00eftat a l\u2019iniciativa que es va proposar de fer trobades peri\u00f2diques per tal d\u2019enriquir les relacions.<\/span><\/p>\n<p><span style=\"font-weight: 400;\">Con\u00e8ixer-nos grans i petits \u00e9s una experi\u00e8ncia que cerca potenciar la interrelaci\u00f3 entre les persones grans i els grups d&#8217;infants i joves per a facilitar el coneixement mutu entre generacions diferents a trav\u00e9s d&#8217;activitats en horari lectiu, aix\u00ed com oferir un entorn motivador que proporciona benestar emocional.<\/span><\/p>\n<p><span style=\"font-weight: 400;\">Continuarem realitzant activitats conjuntament ja que aix\u00ed tenen lloc relacions de col\u00b7laboraci\u00f3 i ajuda m\u00fatua molt significativa.<\/span><\/p>\n<p>&nbsp;<\/p>\n<p><a href=\"https:\/\/agora.xtec.cat\/ceip-llebeig\/wp-content\/uploads\/usu2136\/2024\/04\/IMG-20240406-WA0000.jpg\"><img loading=\"lazy\" decoding=\"async\" class=\"wp-image-3184 alignleft\" src=\"https:\/\/agora.xtec.cat\/ceip-llebeig\/wp-content\/uploads\/usu2136\/2024\/04\/IMG-20240406-WA0000.jpg\" alt=\"\" width=\"591\" height=\"443\" srcset=\"https:\/\/agora.xtec.cat\/ceip-llebeig\/wp-content\/uploads\/usu2136\/2024\/04\/IMG-20240406-WA0000.jpg 2000w, https:\/\/agora.xtec.cat\/ceip-llebeig\/wp-content\/uploads\/usu2136\/2024\/04\/IMG-20240406-WA0000-300x225.jpg 300w, https:\/\/agora.xtec.cat\/ceip-llebeig\/wp-content\/uploads\/usu2136\/2024\/04\/IMG-20240406-WA0000-1024x768.jpg 1024w, https:\/\/agora.xtec.cat\/ceip-llebeig\/wp-content\/uploads\/usu2136\/2024\/04\/IMG-20240406-WA0000-768x576.jpg 768w, https:\/\/agora.xtec.cat\/ceip-llebeig\/wp-content\/uploads\/usu2136\/2024\/04\/IMG-20240406-WA0000-1536x1152.jpg 1536w, https:\/\/agora.xtec.cat\/ceip-llebeig\/wp-content\/uploads\/usu2136\/2024\/04\/IMG-20240406-WA0000-200x150.jpg 200w\" sizes=\"auto, (max-width: 591px) 100vw, 591px\" \/><\/a><a href=\"https:\/\/agora.xtec.cat\/ceip-llebeig\/wp-content\/uploads\/usu2136\/2024\/04\/IMG_20240321_110116-rotated.jpg\"><img loading=\"lazy\" decoding=\"async\" class=\"wp-image-3186 aligncenter\" src=\"https:\/\/agora.xtec.cat\/ceip-llebeig\/wp-content\/uploads\/usu2136\/2024\/04\/IMG_20240321_110116-rotated.jpg\" alt=\"\" width=\"523\" height=\"698\" srcset=\"https:\/\/agora.xtec.cat\/ceip-llebeig\/wp-content\/uploads\/usu2136\/2024\/04\/IMG_20240321_110116-rotated.jpg 1500w, https:\/\/agora.xtec.cat\/ceip-llebeig\/wp-content\/uploads\/usu2136\/2024\/04\/IMG_20240321_110116-225x300.jpg 225w, https:\/\/agora.xtec.cat\/ceip-llebeig\/wp-content\/uploads\/usu2136\/2024\/04\/IMG_20240321_110116-768x1024.jpg 768w, https:\/\/agora.xtec.cat\/ceip-llebeig\/wp-content\/uploads\/usu2136\/2024\/04\/IMG_20240321_110116-1152x1536.jpg 1152w\" sizes=\"auto, (max-width: 523px) 100vw, 523px\" \/><\/a><a href=\"https:\/\/agora.xtec.cat\/ceip-llebeig\/wp-content\/uploads\/usu2136\/2024\/04\/IMG_20240321_104940.jpg\"><img loading=\"lazy\" decoding=\"async\" class=\"wp-image-3185 alignleft\" src=\"https:\/\/agora.xtec.cat\/ceip-llebeig\/wp-content\/uploads\/usu2136\/2024\/04\/IMG_20240321_104940.jpg\" alt=\"\" width=\"566\" height=\"425\" srcset=\"https:\/\/agora.xtec.cat\/ceip-llebeig\/wp-content\/uploads\/usu2136\/2024\/04\/IMG_20240321_104940.jpg 2000w, https:\/\/agora.xtec.cat\/ceip-llebeig\/wp-content\/uploads\/usu2136\/2024\/04\/IMG_20240321_104940-300x225.jpg 300w, https:\/\/agora.xtec.cat\/ceip-llebeig\/wp-content\/uploads\/usu2136\/2024\/04\/IMG_20240321_104940-1024x768.jpg 1024w, https:\/\/agora.xtec.cat\/ceip-llebeig\/wp-content\/uploads\/usu2136\/2024\/04\/IMG_20240321_104940-768x576.jpg 768w, https:\/\/agora.xtec.cat\/ceip-llebeig\/wp-content\/uploads\/usu2136\/2024\/04\/IMG_20240321_104940-1536x1152.jpg 1536w, https:\/\/agora.xtec.cat\/ceip-llebeig\/wp-content\/uploads\/usu2136\/2024\/04\/IMG_20240321_104940-200x150.jpg 200w\" sizes=\"auto, (max-width: 566px) 100vw, 566px\" \/><\/a><a href=\"https:\/\/agora.xtec.cat\/ceip-llebeig\/wp-content\/uploads\/usu2136\/2024\/04\/IMG-20240406-WA0001.jpg\"><img loading=\"lazy\" decoding=\"async\" class=\"aligncenter  wp-image-3188\" src=\"https:\/\/agora.xtec.cat\/ceip-llebeig\/wp-content\/uploads\/usu2136\/2024\/04\/IMG-20240406-WA0001.jpg\" alt=\"\" width=\"579\" height=\"434\" srcset=\"https:\/\/agora.xtec.cat\/ceip-llebeig\/wp-content\/uploads\/usu2136\/2024\/04\/IMG-20240406-WA0001.jpg 1000w, https:\/\/agora.xtec.cat\/ceip-llebeig\/wp-content\/uploads\/usu2136\/2024\/04\/IMG-20240406-WA0001-300x225.jpg 300w, https:\/\/agora.xtec.cat\/ceip-llebeig\/wp-content\/uploads\/usu2136\/2024\/04\/IMG-20240406-WA0001-768x576.jpg 768w, https:\/\/agora.xtec.cat\/ceip-llebeig\/wp-content\/uploads\/usu2136\/2024\/04\/IMG-20240406-WA0001-200x150.jpg 200w\" sizes=\"auto, (max-width: 579px) 100vw, 579px\" \/><\/a><\/p>\n","protected":false},"excerpt":{"rendered":"<p>La Comunitat de Grans de l\u2019escola va participar amb el grup S\u00e8nior d\u2019una jornada de Quinto ben interessant. Va ser [&hellip;]<\/p>\n","protected":false},"author":1,"featured_media":3186,"comment_status":"open","ping_status":"closed","sticky":false,"template":"","format":"standard","meta":{"_bbp_topic_count":0,"_bbp_reply_count":0,"_bbp_total_topic_count":0,"_bbp_total_reply_count":0,"_bbp_voice_count":0,"_bbp_anonymous_reply_count":0,"_bbp_topic_count_hidden":0,"_bbp_reply_count_hidden":0,"_bbp_forum_subforum_count":0,"site-sidebar-layout":"default","site-content-layout":"","ast-site-content-layout":"","site-content-style":"default","site-sidebar-style":"default","ast-global-header-display":"","ast-banner-title-visibility":"","ast-main-header-display":"","ast-hfb-above-header-display":"","ast-hfb-below-header-display":"","ast-hfb-mobile-header-display":"","site-post-title":"","ast-breadcrumbs-content":"","ast-featured-img":"","footer-sml-layout":"","theme-transparent-header-meta":"","adv-header-id-meta":"","stick-header-meta":"","header-above-stick-meta":"","header-main-stick-meta":"","header-below-stick-meta":"","astra-migrate-meta-layouts":"default","ast-page-background-enabled":"default","ast-page-background-meta":{"desktop":{"background-color":"var(--ast-global-color-4)","background-image":"","background-repeat":"repeat","background-position":"center center","background-size":"auto","background-attachment":"scroll","background-type":"","background-media":"","overlay-type":"","overlay-color":"","overlay-opacity":"","overlay-gradient":""},"tablet":{"background-color":"","background-image":"","background-repeat":"repeat","background-position":"center center","background-size":"auto","background-attachment":"scroll","background-type":"","background-media":"","overlay-type":"","overlay-color":"","overlay-opacity":"","overlay-gradient":""},"mobile":{"background-color":"","background-image":"","background-repeat":"repeat","background-position":"center center","background-size":"auto","background-attachment":"scroll","background-type":"","background-media":"","overlay-type":"","overlay-color":"","overlay-opacity":"","overlay-gradient":""}},"ast-content-background-meta":{"desktop":{"background-color":"var(--ast-global-color-5)","background-image":"","background-repeat":"repeat","background-position":"center center","background-size":"auto","background-attachment":"scroll","background-type":"","background-media":"","overlay-type":"","overlay-color":"","overlay-opacity":"","overlay-gradient":""},"tablet":{"background-color":"var(--ast-global-color-5)","background-image":"","background-repeat":"repeat","background-position":"center center","background-size":"auto","background-attachment":"scroll","background-type":"","background-media":"","overlay-type":"","overlay-color":"","overlay-opacity":"","overlay-gradient":""},"mobile":{"background-color":"var(--ast-global-color-5)","background-image":"","background-repeat":"repeat","background-position":"center center","background-size":"auto","background-attachment":"scroll","background-type":"","background-media":"","overlay-type":"","overlay-color":"","overlay-opacity":"","overlay-gradient":""}},"footnotes":""},"categories":[62,4],"tags":[93,96],"class_list":["post-3183","post","type-post","status-publish","format-standard","has-post-thumbnail","hentry","category-grans","category-portada","tag-grans","tag-vilobi"],"post_mailing_queue_ids":[],"_links":{"self":[{"href":"https:\/\/agora.xtec.cat\/ceip-llebeig\/wp-json\/wp\/v2\/posts\/3183","targetHints":{"allow":["GET"]}}],"collection":[{"href":"https:\/\/agora.xtec.cat\/ceip-llebeig\/wp-json\/wp\/v2\/posts"}],"about":[{"href":"https:\/\/agora.xtec.cat\/ceip-llebeig\/wp-json\/wp\/v2\/types\/post"}],"author":[{"embeddable":true,"href":"https:\/\/agora.xtec.cat\/ceip-llebeig\/wp-json\/wp\/v2\/users\/1"}],"replies":[{"embeddable":true,"href":"https:\/\/agora.xtec.cat\/ceip-llebeig\/wp-json\/wp\/v2\/comments?post=3183"}],"version-history":[{"count":1,"href":"https:\/\/agora.xtec.cat\/ceip-llebeig\/wp-json\/wp\/v2\/posts\/3183\/revisions"}],"predecessor-version":[{"id":3189,"href":"https:\/\/agora.xtec.cat\/ceip-llebeig\/wp-json\/wp\/v2\/posts\/3183\/revisions\/3189"}],"wp:featuredmedia":[{"embeddable":true,"href":"https:\/\/agora.xtec.cat\/ceip-llebeig\/wp-json\/wp\/v2\/media\/3186"}],"wp:attachment":[{"href":"https:\/\/agora.xtec.cat\/ceip-llebeig\/wp-json\/wp\/v2\/media?parent=3183"}],"wp:term":[{"taxonomy":"category","embeddable":true,"href":"https:\/\/agora.xtec.cat\/ceip-llebeig\/wp-json\/wp\/v2\/categories?post=3183"},{"taxonomy":"post_tag","embeddable":true,"href":"https:\/\/agora.xtec.cat\/ceip-llebeig\/wp-json\/wp\/v2\/tags?post=3183"}],"curies":[{"name":"wp","href":"https:\/\/api.w.org\/{rel}","templated":true}]}}