{"id":2766,"date":"2023-06-14T11:20:10","date_gmt":"2023-06-14T09:20:10","guid":{"rendered":"https:\/\/agora.xtec.cat\/ceip-llebeig\/?p=2766"},"modified":"2024-12-30T10:34:50","modified_gmt":"2024-12-30T09:34:50","slug":"i-jo-que-puc-fer-per-millorar-el-meu-entorn","status":"publish","type":"post","link":"https:\/\/agora.xtec.cat\/ceip-llebeig\/general\/i-jo-que-puc-fer-per-millorar-el-meu-entorn\/","title":{"rendered":"I JO, QU\u00c8 PUC FER PER MILLORAR EL MEU ENTORN?"},"content":{"rendered":"<p>Aquest \u00faltim trimestre els alumnes de 4t hem fet uns quants projectes que han sorgit d&#8217;aquesta pregunta&#8230;<\/p>\n<p><strong>I JO, QU\u00c8 PUC FER PER MILLORAR EL MEU ENTORN?<\/strong><\/p>\n<p>A partir d&#8217;una pluja d&#8217;idees hem triat segons els nostres interessos i han sortit aquests projectes tan interessants:<\/p>\n<p>\u2665 L&#8217;Aina ens convida a reflexionar sobre com cuidem el planeta a partir de la seva p\u00e0gina web:<\/p>\n<p><a href=\"https:\/\/sites.google.com\/llebeig.cat\/ainaunmonnet\/p%C3%A0gina-principal\">\u00a0 \u00a0 \u00a0 \u00a0 \u00a0 \u00a0Un m\u00f3n net<\/a><\/p>\n<p>\u2665 L&#8217;Ariadna, la Carla i l&#8217;Ar\u00e9s han aconseguit pintar una porteria a una paret del pati de l&#8217;escola!<\/p>\n<p><a href=\"https:\/\/agora.xtec.cat\/ceip-llebeig\/wp-content\/uploads\/usu2136\/2023\/06\/IMG20230612111715.jpg\"><img loading=\"lazy\" decoding=\"async\" class=\"wp-image-2777 alignleft\" src=\"https:\/\/agora.xtec.cat\/ceip-llebeig\/wp-content\/uploads\/usu2136\/2023\/06\/IMG20230612111715-1024x768.jpg\" alt=\"\" width=\"259\" height=\"195\" srcset=\"https:\/\/agora.xtec.cat\/ceip-llebeig\/wp-content\/uploads\/usu2136\/2023\/06\/IMG20230612111715-1024x768.jpg 1024w, https:\/\/agora.xtec.cat\/ceip-llebeig\/wp-content\/uploads\/usu2136\/2023\/06\/IMG20230612111715-300x225.jpg 300w, https:\/\/agora.xtec.cat\/ceip-llebeig\/wp-content\/uploads\/usu2136\/2023\/06\/IMG20230612111715-768x576.jpg 768w, https:\/\/agora.xtec.cat\/ceip-llebeig\/wp-content\/uploads\/usu2136\/2023\/06\/IMG20230612111715-1536x1152.jpg 1536w, https:\/\/agora.xtec.cat\/ceip-llebeig\/wp-content\/uploads\/usu2136\/2023\/06\/IMG20230612111715-200x150.jpg 200w, https:\/\/agora.xtec.cat\/ceip-llebeig\/wp-content\/uploads\/usu2136\/2023\/06\/IMG20230612111715.jpg 2000w\" sizes=\"auto, (max-width: 259px) 100vw, 259px\" \/><\/a><\/p>\n<p><a href=\"https:\/\/agora.xtec.cat\/ceip-llebeig\/wp-content\/uploads\/usu2136\/2023\/06\/Projecte-4t-Ariadna-Carla-i-Ares.pdf\">\u00a0 \u00a0 \u00a0 \u00a0 \u00a0 \u00a0 <\/a><\/p>\n<p><a href=\"https:\/\/agora.xtec.cat\/ceip-llebeig\/wp-content\/uploads\/usu2136\/2023\/06\/Projecte-4t-Ariadna-Carla-i-Ares.pdf\">Una nova porteria\u00a0 a l&#8217;escola<\/a><\/p>\n<p>&nbsp;<\/p>\n<p>&nbsp;<\/p>\n<p>&nbsp;<\/p>\n<p>\u2665 La Cl\u00e0udia, el Joel i la Txell estan negociant amb l&#8217;ajuntament la proposta d&#8217;un pipican a Chiusanico.<\/p>\n<p><a href=\"https:\/\/agora.xtec.cat\/ceip-llebeig\/wp-content\/uploads\/usu2136\/2023\/06\/Joel-Txell-i-Claudia-Pipican-1.pdf\">\u00a0 \u00a0 \u00a0 \u00a0 \u00a0 \u00a0 \u00a0Pipican<\/a><\/p>\n<p>\u2665 El Nil ha ideat una p\u00e0gina web per intercanviar aquelles joguines que ja no utilitzem!<\/p>\n<p><a href=\"https:\/\/sites.google.com\/llebeig.cat\/epic-nils\/p%C3%A0gina-principal\">\u00a0 \u00a0 \u00a0 \u00a0 \u00a0 \u00a0 \u00a0Intercanvi de joguines<\/a><\/p>\n<p>\u2665 La Quima i la Martina volen fer una campanya de conscienciaci\u00f3 per no malgastar aigua.<\/p>\n<p><a href=\"https:\/\/agora.xtec.cat\/ceip-llebeig\/wp-content\/uploads\/usu2136\/2023\/06\/Vols-tenir-mes-aigua-a-la-terra_.pdf\">\u00a0 \u00a0 \u00a0 \u00a0 \u00a0 \u00a0 Vols tenir m\u00e9s aigua a la terra?<\/a><\/p>\n<p>\u2665 El Marc i el Roc G volen plantar arbres a un dels camins de Bellver per tenir m\u00e9s ombra.<\/p>\n<p><a href=\"https:\/\/agora.xtec.cat\/ceip-llebeig\/wp-content\/uploads\/usu2136\/2023\/06\/PER-NO-SUAR-Mes-arbres.pdf\">\u00a0 \u00a0 \u00a0 \u00a0 \u00a0 \u00a0 \u00a0Per no suar, M\u00c9S ARBRES!<\/a><\/p>\n<p>\u2665 L&#8217;Eloi, l&#8217;Am\u00f3s i el Pol volen posar una caseta per intercanviar llibres al Parc Central.<\/p>\n<p><a href=\"https:\/\/agora.xtec.cat\/ceip-llebeig\/wp-content\/uploads\/usu2136\/2023\/06\/projecte-PolEloi-i-Amos.pdf\">\u00a0 \u00a0 \u00a0 \u00a0 \u00a0 \u00a0 \u00a0Caseta d&#8217;intercanvi de llibres<\/a><\/p>\n<p>\u2665 L&#8217;\u00c8ric, el Mart\u00ed, el Roc S i el Tom\u00e0s han fet un disseny d&#8217;una moto amb airbag i amb portes perqu\u00e8 sigui m\u00e9s segura.<\/p>\n<p><a href=\"https:\/\/agora.xtec.cat\/ceip-llebeig\/wp-content\/uploads\/usu2136\/2023\/06\/MOTO-RMTE.pdf\">\u00a0 \u00a0 \u00a0 \u00a0 \u00a0 \u00a0 \u00a0 \u00a0MOTO RMTE<\/a><\/p>\n<p>L&#8217;enhorabona!!!<\/p>\n<p>&nbsp;<\/p>\n","protected":false},"excerpt":{"rendered":"<p>Aquest \u00faltim trimestre els alumnes de 4t hem fet uns quants projectes que han sorgit d&#8217;aquesta pregunta&#8230; I JO, QU\u00c8 [&hellip;]<\/p>\n","protected":false},"author":1,"featured_media":2777,"comment_status":"open","ping_status":"closed","sticky":false,"template":"","format":"standard","meta":{"_bbp_topic_count":0,"_bbp_reply_count":0,"_bbp_total_topic_count":0,"_bbp_total_reply_count":0,"_bbp_voice_count":0,"_bbp_anonymous_reply_count":0,"_bbp_topic_count_hidden":0,"_bbp_reply_count_hidden":0,"_bbp_forum_subforum_count":0,"site-sidebar-layout":"default","site-content-layout":"","ast-site-content-layout":"","site-content-style":"default","site-sidebar-style":"default","ast-global-header-display":"","ast-banner-title-visibility":"","ast-main-header-display":"","ast-hfb-above-header-display":"","ast-hfb-below-header-display":"","ast-hfb-mobile-header-display":"","site-post-title":"","ast-breadcrumbs-content":"","ast-featured-img":"","footer-sml-layout":"","theme-transparent-header-meta":"","adv-header-id-meta":"","stick-header-meta":"","header-above-stick-meta":"","header-main-stick-meta":"","header-below-stick-meta":"","astra-migrate-meta-layouts":"default","ast-page-background-enabled":"default","ast-page-background-meta":{"desktop":{"background-color":"var(--ast-global-color-4)","background-image":"","background-repeat":"repeat","background-position":"center center","background-size":"auto","background-attachment":"scroll","background-type":"","background-media":"","overlay-type":"","overlay-color":"","overlay-opacity":"","overlay-gradient":""},"tablet":{"background-color":"","background-image":"","background-repeat":"repeat","background-position":"center center","background-size":"auto","background-attachment":"scroll","background-type":"","background-media":"","overlay-type":"","overlay-color":"","overlay-opacity":"","overlay-gradient":""},"mobile":{"background-color":"","background-image":"","background-repeat":"repeat","background-position":"center center","background-size":"auto","background-attachment":"scroll","background-type":"","background-media":"","overlay-type":"","overlay-color":"","overlay-opacity":"","overlay-gradient":""}},"ast-content-background-meta":{"desktop":{"background-color":"var(--ast-global-color-5)","background-image":"","background-repeat":"repeat","background-position":"center center","background-size":"auto","background-attachment":"scroll","background-type":"","background-media":"","overlay-type":"","overlay-color":"","overlay-opacity":"","overlay-gradient":""},"tablet":{"background-color":"var(--ast-global-color-5)","background-image":"","background-repeat":"repeat","background-position":"center center","background-size":"auto","background-attachment":"scroll","background-type":"","background-media":"","overlay-type":"","overlay-color":"","overlay-opacity":"","overlay-gradient":""},"mobile":{"background-color":"var(--ast-global-color-5)","background-image":"","background-repeat":"repeat","background-position":"center center","background-size":"auto","background-attachment":"scroll","background-type":"","background-media":"","overlay-type":"","overlay-color":"","overlay-opacity":"","overlay-gradient":""}},"footnotes":""},"categories":[1,62,179],"tags":[],"class_list":["post-2766","post","type-post","status-publish","format-standard","has-post-thumbnail","hentry","category-general","category-grans","category-grans-22-23"],"post_mailing_queue_ids":[],"_links":{"self":[{"href":"https:\/\/agora.xtec.cat\/ceip-llebeig\/wp-json\/wp\/v2\/posts\/2766","targetHints":{"allow":["GET"]}}],"collection":[{"href":"https:\/\/agora.xtec.cat\/ceip-llebeig\/wp-json\/wp\/v2\/posts"}],"about":[{"href":"https:\/\/agora.xtec.cat\/ceip-llebeig\/wp-json\/wp\/v2\/types\/post"}],"author":[{"embeddable":true,"href":"https:\/\/agora.xtec.cat\/ceip-llebeig\/wp-json\/wp\/v2\/users\/1"}],"replies":[{"embeddable":true,"href":"https:\/\/agora.xtec.cat\/ceip-llebeig\/wp-json\/wp\/v2\/comments?post=2766"}],"version-history":[{"count":3,"href":"https:\/\/agora.xtec.cat\/ceip-llebeig\/wp-json\/wp\/v2\/posts\/2766\/revisions"}],"predecessor-version":[{"id":2797,"href":"https:\/\/agora.xtec.cat\/ceip-llebeig\/wp-json\/wp\/v2\/posts\/2766\/revisions\/2797"}],"wp:featuredmedia":[{"embeddable":true,"href":"https:\/\/agora.xtec.cat\/ceip-llebeig\/wp-json\/wp\/v2\/media\/2777"}],"wp:attachment":[{"href":"https:\/\/agora.xtec.cat\/ceip-llebeig\/wp-json\/wp\/v2\/media?parent=2766"}],"wp:term":[{"taxonomy":"category","embeddable":true,"href":"https:\/\/agora.xtec.cat\/ceip-llebeig\/wp-json\/wp\/v2\/categories?post=2766"},{"taxonomy":"post_tag","embeddable":true,"href":"https:\/\/agora.xtec.cat\/ceip-llebeig\/wp-json\/wp\/v2\/tags?post=2766"}],"curies":[{"name":"wp","href":"https:\/\/api.w.org\/{rel}","templated":true}]}}