{"id":2619,"date":"2023-02-09T12:32:17","date_gmt":"2023-02-09T11:32:17","guid":{"rendered":"https:\/\/agora.xtec.cat\/ceip-llebeig\/?p=2619"},"modified":"2024-11-12T12:23:19","modified_gmt":"2024-11-12T11:23:19","slug":"mitjans-anem-a-barcelona","status":"publish","type":"post","link":"https:\/\/agora.xtec.cat\/ceip-llebeig\/general\/mitjans-anem-a-barcelona\/","title":{"rendered":"MITJANS ANEM A BARCELONA"},"content":{"rendered":"<p>Dimecres 8 de febrer la comunitat de mitjans vam anar a Barcelona. Ja fa unes quantes setmanes que hem comen\u00e7at a treballar Antoni Gaud\u00ed, aix\u00ed que vam aprofitar que an\u00e0vem al Palau de la M\u00fasica per visitar alguns dels edificis de Gaud\u00ed.<\/p>\n<p>Va ser un dia molt complet ja que nom\u00e9s arribar al mat\u00ed l&#8217;autocar ens va deixar davant de la Pedrera, on vam poder veure en primera persona les formes de la fa\u00e7ana i les xemeneies que tantes vegades hav\u00edem vist a l&#8217;escola. Va ser un moment molt bonic per a tots i totes, i els dia nom\u00e9s acabava de comen\u00e7ar!<\/p>\n<p><a href=\"https:\/\/agora.xtec.cat\/ceip-llebeig\/wp-content\/uploads\/usu2136\/2023\/02\/DSCN9022-Copy.jpg\"><img loading=\"lazy\" decoding=\"async\" class=\"size-full wp-image-2621 aligncenter\" src=\"https:\/\/agora.xtec.cat\/ceip-llebeig\/wp-content\/uploads\/usu2136\/2023\/02\/DSCN9022-Copy.jpg\" alt=\"\" width=\"637\" height=\"478\" srcset=\"https:\/\/agora.xtec.cat\/ceip-llebeig\/wp-content\/uploads\/usu2136\/2023\/02\/DSCN9022-Copy.jpg 637w, https:\/\/agora.xtec.cat\/ceip-llebeig\/wp-content\/uploads\/usu2136\/2023\/02\/DSCN9022-Copy-300x225.jpg 300w, https:\/\/agora.xtec.cat\/ceip-llebeig\/wp-content\/uploads\/usu2136\/2023\/02\/DSCN9022-Copy-200x150.jpg 200w\" sizes=\"auto, (max-width: 637px) 100vw, 637px\" \/><\/a><\/p>\n<div id='gallery-1' class='gallery galleryid-2619 gallery-columns-2 gallery-size-full'><figure class='gallery-item'>\n\t\t\t<div class='gallery-icon portrait'>\n\t\t\t\t<a href='https:\/\/agora.xtec.cat\/ceip-llebeig\/general\/mitjans-anem-a-barcelona\/attachment\/dscn9013-copy\/'><img loading=\"lazy\" decoding=\"async\" width=\"478\" height=\"637\" src=\"https:\/\/agora.xtec.cat\/ceip-llebeig\/wp-content\/uploads\/usu2136\/2023\/02\/DSCN9013-Copy-e1675941824308.jpg\" class=\"attachment-full size-full\" alt=\"\" srcset=\"https:\/\/agora.xtec.cat\/ceip-llebeig\/wp-content\/uploads\/usu2136\/2023\/02\/DSCN9013-Copy-e1675941824308.jpg 478w, https:\/\/agora.xtec.cat\/ceip-llebeig\/wp-content\/uploads\/usu2136\/2023\/02\/DSCN9013-Copy-e1675941824308-225x300.jpg 225w\" sizes=\"auto, (max-width: 478px) 100vw, 478px\" \/><\/a>\n\t\t\t<\/div><\/figure><figure class='gallery-item'>\n\t\t\t<div class='gallery-icon portrait'>\n\t\t\t\t<a href='https:\/\/agora.xtec.cat\/ceip-llebeig\/general\/mitjans-anem-a-barcelona\/attachment\/dscn9025-copy\/'><img loading=\"lazy\" decoding=\"async\" width=\"478\" height=\"637\" src=\"https:\/\/agora.xtec.cat\/ceip-llebeig\/wp-content\/uploads\/usu2136\/2023\/02\/DSCN9025-Copy-e1675941798152.jpg\" class=\"attachment-full size-full\" alt=\"\" srcset=\"https:\/\/agora.xtec.cat\/ceip-llebeig\/wp-content\/uploads\/usu2136\/2023\/02\/DSCN9025-Copy-e1675941798152.jpg 478w, https:\/\/agora.xtec.cat\/ceip-llebeig\/wp-content\/uploads\/usu2136\/2023\/02\/DSCN9025-Copy-e1675941798152-225x300.jpg 225w\" sizes=\"auto, (max-width: 478px) 100vw, 478px\" \/><\/a>\n\t\t\t<\/div><\/figure>\n\t\t<\/div>\n\n<p>Despr\u00e9s de la Pedrera vam anar caminant per Passeig de Gr\u00e0cia fins a arribar a la Casa Batll\u00f3. All\u00e0 vam veure r\u00e0pidament el drac de la teulada, les m\u00e0scares als balcons i el trencad\u00eds tan caracter\u00edstic de Gaud\u00ed. A m\u00e9s, ens vam adonar que l&#8217;edifici \u00e9s m\u00e9s estret del que ens hav\u00edem imaginat.<\/p>\n<div id='gallery-2' class='gallery galleryid-2619 gallery-columns-2 gallery-size-full'><figure class='gallery-item'>\n\t\t\t<div class='gallery-icon portrait'>\n\t\t\t\t<a href='https:\/\/agora.xtec.cat\/ceip-llebeig\/general\/mitjans-anem-a-barcelona\/attachment\/dscn9028-copy\/'><img loading=\"lazy\" decoding=\"async\" width=\"478\" height=\"637\" src=\"https:\/\/agora.xtec.cat\/ceip-llebeig\/wp-content\/uploads\/usu2136\/2023\/02\/DSCN9028-Copy-e1675941888699.jpg\" class=\"attachment-full size-full\" alt=\"\" srcset=\"https:\/\/agora.xtec.cat\/ceip-llebeig\/wp-content\/uploads\/usu2136\/2023\/02\/DSCN9028-Copy-e1675941888699.jpg 478w, https:\/\/agora.xtec.cat\/ceip-llebeig\/wp-content\/uploads\/usu2136\/2023\/02\/DSCN9028-Copy-e1675941888699-225x300.jpg 225w\" sizes=\"auto, (max-width: 478px) 100vw, 478px\" \/><\/a>\n\t\t\t<\/div><\/figure><figure class='gallery-item'>\n\t\t\t<div class='gallery-icon portrait'>\n\t\t\t\t<a href='https:\/\/agora.xtec.cat\/ceip-llebeig\/general\/mitjans-anem-a-barcelona\/attachment\/dscn9040-copy\/'><img loading=\"lazy\" decoding=\"async\" width=\"478\" height=\"637\" src=\"https:\/\/agora.xtec.cat\/ceip-llebeig\/wp-content\/uploads\/usu2136\/2023\/02\/DSCN9040-Copy-e1675941875506.jpg\" class=\"attachment-full size-full\" alt=\"\" srcset=\"https:\/\/agora.xtec.cat\/ceip-llebeig\/wp-content\/uploads\/usu2136\/2023\/02\/DSCN9040-Copy-e1675941875506.jpg 478w, https:\/\/agora.xtec.cat\/ceip-llebeig\/wp-content\/uploads\/usu2136\/2023\/02\/DSCN9040-Copy-e1675941875506-225x300.jpg 225w\" sizes=\"auto, (max-width: 478px) 100vw, 478px\" \/><\/a>\n\t\t\t<\/div><\/figure>\n\t\t<\/div>\n\n<p><a href=\"https:\/\/agora.xtec.cat\/ceip-llebeig\/wp-content\/uploads\/usu2136\/2023\/02\/DSCN9039-Copy.jpg\"><img loading=\"lazy\" decoding=\"async\" class=\"size-full wp-image-2624 aligncenter\" src=\"https:\/\/agora.xtec.cat\/ceip-llebeig\/wp-content\/uploads\/usu2136\/2023\/02\/DSCN9039-Copy.jpg\" alt=\"\" width=\"637\" height=\"478\" srcset=\"https:\/\/agora.xtec.cat\/ceip-llebeig\/wp-content\/uploads\/usu2136\/2023\/02\/DSCN9039-Copy.jpg 637w, https:\/\/agora.xtec.cat\/ceip-llebeig\/wp-content\/uploads\/usu2136\/2023\/02\/DSCN9039-Copy-300x225.jpg 300w, https:\/\/agora.xtec.cat\/ceip-llebeig\/wp-content\/uploads\/usu2136\/2023\/02\/DSCN9039-Copy-200x150.jpg 200w\" sizes=\"auto, (max-width: 637px) 100vw, 637px\" \/><\/a><\/p>\n<p>Seguidament, vam continuar caminant fins a Pla\u00e7a Catalunya on vam treure l&#8217;esmorzar i vam seguir fins al Palau de la M\u00fasica, on hav\u00edem d&#8217;anar a veure l&#8217;espectacle &#8220;Trencad\u00eds de can\u00e7ons&#8221;. Dins del Palau vam gaudir de la m\u00fasica i la dansa, per\u00f2 tamb\u00e9 de l&#8217;art de cada rac\u00f3. Ens vam quedar sorpreses de la bellesa del sostre i dels vitralls que decoren tot el Palau de la M\u00fasica.<\/p>\n<p><a href=\"https:\/\/agora.xtec.cat\/ceip-llebeig\/wp-content\/uploads\/usu2136\/2023\/02\/DSCN9049-Copy.jpg\"><img loading=\"lazy\" decoding=\"async\" class=\"size-full wp-image-2626 aligncenter\" src=\"https:\/\/agora.xtec.cat\/ceip-llebeig\/wp-content\/uploads\/usu2136\/2023\/02\/DSCN9049-Copy.jpg\" alt=\"\" width=\"637\" height=\"478\" srcset=\"https:\/\/agora.xtec.cat\/ceip-llebeig\/wp-content\/uploads\/usu2136\/2023\/02\/DSCN9049-Copy.jpg 637w, https:\/\/agora.xtec.cat\/ceip-llebeig\/wp-content\/uploads\/usu2136\/2023\/02\/DSCN9049-Copy-300x225.jpg 300w, https:\/\/agora.xtec.cat\/ceip-llebeig\/wp-content\/uploads\/usu2136\/2023\/02\/DSCN9049-Copy-200x150.jpg 200w\" sizes=\"auto, (max-width: 637px) 100vw, 637px\" \/><\/a><\/p>\n<div id='gallery-3' class='gallery galleryid-2619 gallery-columns-2 gallery-size-full'><figure class='gallery-item'>\n\t\t\t<div class='gallery-icon portrait'>\n\t\t\t\t<a href='https:\/\/agora.xtec.cat\/ceip-llebeig\/general\/mitjans-anem-a-barcelona\/attachment\/dscn9099-copy\/'><img loading=\"lazy\" decoding=\"async\" width=\"478\" height=\"637\" src=\"https:\/\/agora.xtec.cat\/ceip-llebeig\/wp-content\/uploads\/usu2136\/2023\/02\/DSCN9099-Copy-e1675941973506.jpg\" class=\"attachment-full size-full\" alt=\"\" srcset=\"https:\/\/agora.xtec.cat\/ceip-llebeig\/wp-content\/uploads\/usu2136\/2023\/02\/DSCN9099-Copy-e1675941973506.jpg 478w, https:\/\/agora.xtec.cat\/ceip-llebeig\/wp-content\/uploads\/usu2136\/2023\/02\/DSCN9099-Copy-e1675941973506-225x300.jpg 225w\" sizes=\"auto, (max-width: 478px) 100vw, 478px\" \/><\/a>\n\t\t\t<\/div><\/figure><figure class='gallery-item'>\n\t\t\t<div class='gallery-icon portrait'>\n\t\t\t\t<a href='https:\/\/agora.xtec.cat\/ceip-llebeig\/general\/mitjans-anem-a-barcelona\/attachment\/dscn9053-copy\/'><img loading=\"lazy\" decoding=\"async\" width=\"478\" height=\"637\" src=\"https:\/\/agora.xtec.cat\/ceip-llebeig\/wp-content\/uploads\/usu2136\/2023\/02\/DSCN9053-Copy-e1675941995771.jpg\" class=\"attachment-full size-full\" alt=\"\" srcset=\"https:\/\/agora.xtec.cat\/ceip-llebeig\/wp-content\/uploads\/usu2136\/2023\/02\/DSCN9053-Copy-e1675941995771.jpg 478w, https:\/\/agora.xtec.cat\/ceip-llebeig\/wp-content\/uploads\/usu2136\/2023\/02\/DSCN9053-Copy-e1675941995771-225x300.jpg 225w\" sizes=\"auto, (max-width: 478px) 100vw, 478px\" \/><\/a>\n\t\t\t<\/div><\/figure><figure class='gallery-item'>\n\t\t\t<div class='gallery-icon portrait'>\n\t\t\t\t<a href='https:\/\/agora.xtec.cat\/ceip-llebeig\/general\/mitjans-anem-a-barcelona\/attachment\/dscn9074-copy\/'><img loading=\"lazy\" decoding=\"async\" width=\"478\" height=\"637\" src=\"https:\/\/agora.xtec.cat\/ceip-llebeig\/wp-content\/uploads\/usu2136\/2023\/02\/DSCN9074-Copy-e1675941982788.jpg\" class=\"attachment-full size-full\" alt=\"\" srcset=\"https:\/\/agora.xtec.cat\/ceip-llebeig\/wp-content\/uploads\/usu2136\/2023\/02\/DSCN9074-Copy-e1675941982788.jpg 478w, https:\/\/agora.xtec.cat\/ceip-llebeig\/wp-content\/uploads\/usu2136\/2023\/02\/DSCN9074-Copy-e1675941982788-225x300.jpg 225w\" sizes=\"auto, (max-width: 478px) 100vw, 478px\" \/><\/a>\n\t\t\t<\/div><\/figure><figure class='gallery-item'>\n\t\t\t<div class='gallery-icon portrait'>\n\t\t\t\t<a href='https:\/\/agora.xtec.cat\/ceip-llebeig\/general\/mitjans-anem-a-barcelona\/attachment\/dscn9066-copy\/'><img loading=\"lazy\" decoding=\"async\" width=\"478\" height=\"637\" src=\"https:\/\/agora.xtec.cat\/ceip-llebeig\/wp-content\/uploads\/usu2136\/2023\/02\/DSCN9066-Copy-e1675941988801.jpg\" class=\"attachment-full size-full\" alt=\"\" srcset=\"https:\/\/agora.xtec.cat\/ceip-llebeig\/wp-content\/uploads\/usu2136\/2023\/02\/DSCN9066-Copy-e1675941988801.jpg 478w, https:\/\/agora.xtec.cat\/ceip-llebeig\/wp-content\/uploads\/usu2136\/2023\/02\/DSCN9066-Copy-e1675941988801-225x300.jpg 225w\" sizes=\"auto, (max-width: 478px) 100vw, 478px\" \/><\/a>\n\t\t\t<\/div><\/figure>\n\t\t<\/div>\n\n<p><a href=\"https:\/\/agora.xtec.cat\/ceip-llebeig\/wp-content\/uploads\/usu2136\/2023\/02\/DSCN9097-Copy.jpg\"><img loading=\"lazy\" decoding=\"async\" class=\"size-full wp-image-2630 aligncenter\" src=\"https:\/\/agora.xtec.cat\/ceip-llebeig\/wp-content\/uploads\/usu2136\/2023\/02\/DSCN9097-Copy.jpg\" alt=\"\" width=\"637\" height=\"478\" srcset=\"https:\/\/agora.xtec.cat\/ceip-llebeig\/wp-content\/uploads\/usu2136\/2023\/02\/DSCN9097-Copy.jpg 637w, https:\/\/agora.xtec.cat\/ceip-llebeig\/wp-content\/uploads\/usu2136\/2023\/02\/DSCN9097-Copy-300x225.jpg 300w, https:\/\/agora.xtec.cat\/ceip-llebeig\/wp-content\/uploads\/usu2136\/2023\/02\/DSCN9097-Copy-200x150.jpg 200w\" sizes=\"auto, (max-width: 637px) 100vw, 637px\" \/><\/a><\/p>\n<p>Despr\u00e9s vam tornar a agafar l&#8217;autocar per anar fins al Parc G\u00fcell on vam dinar. Amb la panxa plena, nom\u00e9s ens quedava visitar algunes de les obres de Gaud\u00ed que trobem amb parc.<\/p>\n<div id='gallery-4' class='gallery galleryid-2619 gallery-columns-2 gallery-size-full'><figure class='gallery-item'>\n\t\t\t<div class='gallery-icon landscape'>\n\t\t\t\t<a href='https:\/\/agora.xtec.cat\/ceip-llebeig\/general\/mitjans-anem-a-barcelona\/attachment\/dscn9121-copy\/'><img loading=\"lazy\" decoding=\"async\" width=\"637\" height=\"478\" src=\"https:\/\/agora.xtec.cat\/ceip-llebeig\/wp-content\/uploads\/usu2136\/2023\/02\/DSCN9121-Copy.jpg\" class=\"attachment-full size-full\" alt=\"\" srcset=\"https:\/\/agora.xtec.cat\/ceip-llebeig\/wp-content\/uploads\/usu2136\/2023\/02\/DSCN9121-Copy.jpg 637w, https:\/\/agora.xtec.cat\/ceip-llebeig\/wp-content\/uploads\/usu2136\/2023\/02\/DSCN9121-Copy-300x225.jpg 300w, https:\/\/agora.xtec.cat\/ceip-llebeig\/wp-content\/uploads\/usu2136\/2023\/02\/DSCN9121-Copy-200x150.jpg 200w\" sizes=\"auto, (max-width: 637px) 100vw, 637px\" \/><\/a>\n\t\t\t<\/div><\/figure><figure class='gallery-item'>\n\t\t\t<div class='gallery-icon landscape'>\n\t\t\t\t<a href='https:\/\/agora.xtec.cat\/ceip-llebeig\/general\/mitjans-anem-a-barcelona\/attachment\/dscn9112-copy\/'><img loading=\"lazy\" decoding=\"async\" width=\"637\" height=\"478\" src=\"https:\/\/agora.xtec.cat\/ceip-llebeig\/wp-content\/uploads\/usu2136\/2023\/02\/DSCN9112-Copy.jpg\" class=\"attachment-full size-full\" alt=\"\" srcset=\"https:\/\/agora.xtec.cat\/ceip-llebeig\/wp-content\/uploads\/usu2136\/2023\/02\/DSCN9112-Copy.jpg 637w, https:\/\/agora.xtec.cat\/ceip-llebeig\/wp-content\/uploads\/usu2136\/2023\/02\/DSCN9112-Copy-300x225.jpg 300w, https:\/\/agora.xtec.cat\/ceip-llebeig\/wp-content\/uploads\/usu2136\/2023\/02\/DSCN9112-Copy-200x150.jpg 200w\" sizes=\"auto, (max-width: 637px) 100vw, 637px\" \/><\/a>\n\t\t\t<\/div><\/figure><figure class='gallery-item'>\n\t\t\t<div class='gallery-icon landscape'>\n\t\t\t\t<a href='https:\/\/agora.xtec.cat\/ceip-llebeig\/general\/mitjans-anem-a-barcelona\/attachment\/dscn9150-copy\/'><img loading=\"lazy\" decoding=\"async\" width=\"637\" height=\"478\" src=\"https:\/\/agora.xtec.cat\/ceip-llebeig\/wp-content\/uploads\/usu2136\/2023\/02\/DSCN9150-Copy.jpg\" class=\"attachment-full size-full\" alt=\"\" srcset=\"https:\/\/agora.xtec.cat\/ceip-llebeig\/wp-content\/uploads\/usu2136\/2023\/02\/DSCN9150-Copy.jpg 637w, https:\/\/agora.xtec.cat\/ceip-llebeig\/wp-content\/uploads\/usu2136\/2023\/02\/DSCN9150-Copy-300x225.jpg 300w, https:\/\/agora.xtec.cat\/ceip-llebeig\/wp-content\/uploads\/usu2136\/2023\/02\/DSCN9150-Copy-200x150.jpg 200w\" sizes=\"auto, (max-width: 637px) 100vw, 637px\" \/><\/a>\n\t\t\t<\/div><\/figure><figure class='gallery-item'>\n\t\t\t<div class='gallery-icon landscape'>\n\t\t\t\t<a href='https:\/\/agora.xtec.cat\/ceip-llebeig\/general\/mitjans-anem-a-barcelona\/attachment\/dscn9164-copy\/'><img loading=\"lazy\" decoding=\"async\" width=\"637\" height=\"478\" src=\"https:\/\/agora.xtec.cat\/ceip-llebeig\/wp-content\/uploads\/usu2136\/2023\/02\/DSCN9164-Copy.jpg\" class=\"attachment-full size-full\" alt=\"\" srcset=\"https:\/\/agora.xtec.cat\/ceip-llebeig\/wp-content\/uploads\/usu2136\/2023\/02\/DSCN9164-Copy.jpg 637w, https:\/\/agora.xtec.cat\/ceip-llebeig\/wp-content\/uploads\/usu2136\/2023\/02\/DSCN9164-Copy-300x225.jpg 300w, https:\/\/agora.xtec.cat\/ceip-llebeig\/wp-content\/uploads\/usu2136\/2023\/02\/DSCN9164-Copy-200x150.jpg 200w\" sizes=\"auto, (max-width: 637px) 100vw, 637px\" \/><\/a>\n\t\t\t<\/div><\/figure><figure class='gallery-item'>\n\t\t\t<div class='gallery-icon portrait'>\n\t\t\t\t<a href='https:\/\/agora.xtec.cat\/ceip-llebeig\/general\/mitjans-anem-a-barcelona\/attachment\/dscn9140-copy\/'><img loading=\"lazy\" decoding=\"async\" width=\"478\" height=\"637\" src=\"https:\/\/agora.xtec.cat\/ceip-llebeig\/wp-content\/uploads\/usu2136\/2023\/02\/DSCN9140-Copy-e1675942073427.jpg\" class=\"attachment-full size-full\" alt=\"\" srcset=\"https:\/\/agora.xtec.cat\/ceip-llebeig\/wp-content\/uploads\/usu2136\/2023\/02\/DSCN9140-Copy-e1675942073427.jpg 478w, https:\/\/agora.xtec.cat\/ceip-llebeig\/wp-content\/uploads\/usu2136\/2023\/02\/DSCN9140-Copy-e1675942073427-225x300.jpg 225w\" sizes=\"auto, (max-width: 478px) 100vw, 478px\" \/><\/a>\n\t\t\t<\/div><\/figure><figure class='gallery-item'>\n\t\t\t<div class='gallery-icon portrait'>\n\t\t\t\t<a href='https:\/\/agora.xtec.cat\/ceip-llebeig\/general\/mitjans-anem-a-barcelona\/attachment\/dscn9155-copy\/'><img loading=\"lazy\" decoding=\"async\" width=\"478\" height=\"637\" src=\"https:\/\/agora.xtec.cat\/ceip-llebeig\/wp-content\/uploads\/usu2136\/2023\/02\/DSCN9155-Copy-e1675942026464.jpg\" class=\"attachment-full size-full\" alt=\"\" srcset=\"https:\/\/agora.xtec.cat\/ceip-llebeig\/wp-content\/uploads\/usu2136\/2023\/02\/DSCN9155-Copy-e1675942026464.jpg 478w, https:\/\/agora.xtec.cat\/ceip-llebeig\/wp-content\/uploads\/usu2136\/2023\/02\/DSCN9155-Copy-e1675942026464-225x300.jpg 225w\" sizes=\"auto, (max-width: 478px) 100vw, 478px\" \/><\/a>\n\t\t\t<\/div><\/figure>\n\t\t<\/div>\n\n<p>Va ser un dia intens i molt emocionant!<\/p>\n","protected":false},"excerpt":{"rendered":"<p>Dimecres 8 de febrer la comunitat de mitjans vam anar a Barcelona. Ja fa unes quantes setmanes que hem comen\u00e7at [&hellip;]<\/p>\n","protected":false},"author":1,"featured_media":2621,"comment_status":"open","ping_status":"closed","sticky":false,"template":"","format":"standard","meta":{"_bbp_topic_count":0,"_bbp_reply_count":0,"_bbp_total_topic_count":0,"_bbp_total_reply_count":0,"_bbp_voice_count":0,"_bbp_anonymous_reply_count":0,"_bbp_topic_count_hidden":0,"_bbp_reply_count_hidden":0,"_bbp_forum_subforum_count":0,"site-sidebar-layout":"default","site-content-layout":"","ast-site-content-layout":"","site-content-style":"default","site-sidebar-style":"default","ast-global-header-display":"","ast-banner-title-visibility":"","ast-main-header-display":"","ast-hfb-above-header-display":"","ast-hfb-below-header-display":"","ast-hfb-mobile-header-display":"","site-post-title":"","ast-breadcrumbs-content":"","ast-featured-img":"","footer-sml-layout":"","theme-transparent-header-meta":"","adv-header-id-meta":"","stick-header-meta":"","header-above-stick-meta":"","header-main-stick-meta":"","header-below-stick-meta":"","astra-migrate-meta-layouts":"default","ast-page-background-enabled":"default","ast-page-background-meta":{"desktop":{"background-color":"var(--ast-global-color-4)","background-image":"","background-repeat":"repeat","background-position":"center center","background-size":"auto","background-attachment":"scroll","background-type":"","background-media":"","overlay-type":"","overlay-color":"","overlay-opacity":"","overlay-gradient":""},"tablet":{"background-color":"","background-image":"","background-repeat":"repeat","background-position":"center center","background-size":"auto","background-attachment":"scroll","background-type":"","background-media":"","overlay-type":"","overlay-color":"","overlay-opacity":"","overlay-gradient":""},"mobile":{"background-color":"","background-image":"","background-repeat":"repeat","background-position":"center center","background-size":"auto","background-attachment":"scroll","background-type":"","background-media":"","overlay-type":"","overlay-color":"","overlay-opacity":"","overlay-gradient":""}},"ast-content-background-meta":{"desktop":{"background-color":"var(--ast-global-color-5)","background-image":"","background-repeat":"repeat","background-position":"center center","background-size":"auto","background-attachment":"scroll","background-type":"","background-media":"","overlay-type":"","overlay-color":"","overlay-opacity":"","overlay-gradient":""},"tablet":{"background-color":"var(--ast-global-color-5)","background-image":"","background-repeat":"repeat","background-position":"center center","background-size":"auto","background-attachment":"scroll","background-type":"","background-media":"","overlay-type":"","overlay-color":"","overlay-opacity":"","overlay-gradient":""},"mobile":{"background-color":"var(--ast-global-color-5)","background-image":"","background-repeat":"repeat","background-position":"center center","background-size":"auto","background-attachment":"scroll","background-type":"","background-media":"","overlay-type":"","overlay-color":"","overlay-opacity":"","overlay-gradient":""}},"footnotes":""},"categories":[1,5,178],"tags":[],"class_list":["post-2619","post","type-post","status-publish","format-standard","has-post-thumbnail","hentry","category-general","category-mitjans","category-mitjans-22-23"],"post_mailing_queue_ids":[],"_links":{"self":[{"href":"https:\/\/agora.xtec.cat\/ceip-llebeig\/wp-json\/wp\/v2\/posts\/2619","targetHints":{"allow":["GET"]}}],"collection":[{"href":"https:\/\/agora.xtec.cat\/ceip-llebeig\/wp-json\/wp\/v2\/posts"}],"about":[{"href":"https:\/\/agora.xtec.cat\/ceip-llebeig\/wp-json\/wp\/v2\/types\/post"}],"author":[{"embeddable":true,"href":"https:\/\/agora.xtec.cat\/ceip-llebeig\/wp-json\/wp\/v2\/users\/1"}],"replies":[{"embeddable":true,"href":"https:\/\/agora.xtec.cat\/ceip-llebeig\/wp-json\/wp\/v2\/comments?post=2619"}],"version-history":[{"count":1,"href":"https:\/\/agora.xtec.cat\/ceip-llebeig\/wp-json\/wp\/v2\/posts\/2619\/revisions"}],"predecessor-version":[{"id":2639,"href":"https:\/\/agora.xtec.cat\/ceip-llebeig\/wp-json\/wp\/v2\/posts\/2619\/revisions\/2639"}],"wp:featuredmedia":[{"embeddable":true,"href":"https:\/\/agora.xtec.cat\/ceip-llebeig\/wp-json\/wp\/v2\/media\/2621"}],"wp:attachment":[{"href":"https:\/\/agora.xtec.cat\/ceip-llebeig\/wp-json\/wp\/v2\/media?parent=2619"}],"wp:term":[{"taxonomy":"category","embeddable":true,"href":"https:\/\/agora.xtec.cat\/ceip-llebeig\/wp-json\/wp\/v2\/categories?post=2619"},{"taxonomy":"post_tag","embeddable":true,"href":"https:\/\/agora.xtec.cat\/ceip-llebeig\/wp-json\/wp\/v2\/tags?post=2619"}],"curies":[{"name":"wp","href":"https:\/\/api.w.org\/{rel}","templated":true}]}}