{"id":2364,"date":"2022-10-02T19:23:16","date_gmt":"2022-10-02T17:23:16","guid":{"rendered":"https:\/\/agora.xtec.cat\/ceip-llebeig\/?p=2364"},"modified":"2023-10-22T12:21:54","modified_gmt":"2023-10-22T10:21:54","slug":"practica-el-reciclatge","status":"publish","type":"post","link":"https:\/\/agora.xtec.cat\/ceip-llebeig\/general\/practica-el-reciclatge\/","title":{"rendered":"Practica el reciclatge"},"content":{"rendered":"<p style=\"text-align: left;\">L&#8217;alumnat de la comunitat de grans ha realitzat un taller per treballar la problem\u00e0tica de la generaci\u00f3 de residus i la import\u00e0ncia de separar els residus correctament i el seu reciclatge.<br \/>\nA partir de les diferents activitats han conegut \u00a0les problem\u00e0tiques ambientals causades per la generaci\u00f3 de residus, han sigut conscients de la import\u00e0ncia de reciclar els residus i han conegut accions per a reduir la generaci\u00f3 de residus. Aquest taller s&#8217;emmarca en la campanya que es realitza a Vilob\u00ed &#8220;Practica el reciclatge&#8221;.<\/p>\n<p><a href=\"https:\/\/agora.xtec.cat\/ceip-llebeig\/wp-content\/uploads\/usu2136\/2022\/10\/WhatsApp-Image-2022-09-29-at-10.06.37.jpeg\"><img loading=\"lazy\" decoding=\"async\" class=\"alignnone wp-image-2363\" src=\"https:\/\/agora.xtec.cat\/ceip-llebeig\/wp-content\/uploads\/usu2136\/2022\/10\/WhatsApp-Image-2022-09-29-at-10.06.37-1024x768.jpeg\" alt=\"\" width=\"333\" height=\"250\" srcset=\"https:\/\/agora.xtec.cat\/ceip-llebeig\/wp-content\/uploads\/usu2136\/2022\/10\/WhatsApp-Image-2022-09-29-at-10.06.37-1024x768.jpeg 1024w, https:\/\/agora.xtec.cat\/ceip-llebeig\/wp-content\/uploads\/usu2136\/2022\/10\/WhatsApp-Image-2022-09-29-at-10.06.37-300x225.jpeg 300w, https:\/\/agora.xtec.cat\/ceip-llebeig\/wp-content\/uploads\/usu2136\/2022\/10\/WhatsApp-Image-2022-09-29-at-10.06.37-768x576.jpeg 768w, https:\/\/agora.xtec.cat\/ceip-llebeig\/wp-content\/uploads\/usu2136\/2022\/10\/WhatsApp-Image-2022-09-29-at-10.06.37-1536x1152.jpeg 1536w, https:\/\/agora.xtec.cat\/ceip-llebeig\/wp-content\/uploads\/usu2136\/2022\/10\/WhatsApp-Image-2022-09-29-at-10.06.37-200x150.jpeg 200w, https:\/\/agora.xtec.cat\/ceip-llebeig\/wp-content\/uploads\/usu2136\/2022\/10\/WhatsApp-Image-2022-09-29-at-10.06.37.jpeg 2000w\" sizes=\"auto, (max-width: 333px) 100vw, 333px\" \/><\/a><a href=\"https:\/\/agora.xtec.cat\/ceip-llebeig\/wp-content\/uploads\/usu2136\/2022\/10\/WhatsApp-Image-2022-09-29-at-10.06.37-1.jpeg\"><img loading=\"lazy\" decoding=\"async\" class=\"alignnone wp-image-2362\" src=\"https:\/\/agora.xtec.cat\/ceip-llebeig\/wp-content\/uploads\/usu2136\/2022\/10\/WhatsApp-Image-2022-09-29-at-10.06.37-1-1024x768.jpeg\" alt=\"\" width=\"332\" height=\"249\" srcset=\"https:\/\/agora.xtec.cat\/ceip-llebeig\/wp-content\/uploads\/usu2136\/2022\/10\/WhatsApp-Image-2022-09-29-at-10.06.37-1-1024x768.jpeg 1024w, https:\/\/agora.xtec.cat\/ceip-llebeig\/wp-content\/uploads\/usu2136\/2022\/10\/WhatsApp-Image-2022-09-29-at-10.06.37-1-300x225.jpeg 300w, https:\/\/agora.xtec.cat\/ceip-llebeig\/wp-content\/uploads\/usu2136\/2022\/10\/WhatsApp-Image-2022-09-29-at-10.06.37-1-768x576.jpeg 768w, https:\/\/agora.xtec.cat\/ceip-llebeig\/wp-content\/uploads\/usu2136\/2022\/10\/WhatsApp-Image-2022-09-29-at-10.06.37-1-1536x1152.jpeg 1536w, https:\/\/agora.xtec.cat\/ceip-llebeig\/wp-content\/uploads\/usu2136\/2022\/10\/WhatsApp-Image-2022-09-29-at-10.06.37-1-200x150.jpeg 200w, https:\/\/agora.xtec.cat\/ceip-llebeig\/wp-content\/uploads\/usu2136\/2022\/10\/WhatsApp-Image-2022-09-29-at-10.06.37-1.jpeg 2000w\" sizes=\"auto, (max-width: 332px) 100vw, 332px\" \/><\/a><\/p>\n<p><a href=\"https:\/\/agora.xtec.cat\/ceip-llebeig\/wp-content\/uploads\/usu2136\/2022\/10\/WhatsApp-Image-2022-09-29-at-10.06.37-2.jpeg\"><img loading=\"lazy\" decoding=\"async\" class=\"alignnone wp-image-2361\" src=\"https:\/\/agora.xtec.cat\/ceip-llebeig\/wp-content\/uploads\/usu2136\/2022\/10\/WhatsApp-Image-2022-09-29-at-10.06.37-2-1024x768.jpeg\" alt=\"\" width=\"333\" height=\"250\" srcset=\"https:\/\/agora.xtec.cat\/ceip-llebeig\/wp-content\/uploads\/usu2136\/2022\/10\/WhatsApp-Image-2022-09-29-at-10.06.37-2-1024x768.jpeg 1024w, https:\/\/agora.xtec.cat\/ceip-llebeig\/wp-content\/uploads\/usu2136\/2022\/10\/WhatsApp-Image-2022-09-29-at-10.06.37-2-300x225.jpeg 300w, https:\/\/agora.xtec.cat\/ceip-llebeig\/wp-content\/uploads\/usu2136\/2022\/10\/WhatsApp-Image-2022-09-29-at-10.06.37-2-768x576.jpeg 768w, https:\/\/agora.xtec.cat\/ceip-llebeig\/wp-content\/uploads\/usu2136\/2022\/10\/WhatsApp-Image-2022-09-29-at-10.06.37-2-1536x1152.jpeg 1536w, https:\/\/agora.xtec.cat\/ceip-llebeig\/wp-content\/uploads\/usu2136\/2022\/10\/WhatsApp-Image-2022-09-29-at-10.06.37-2-200x150.jpeg 200w, https:\/\/agora.xtec.cat\/ceip-llebeig\/wp-content\/uploads\/usu2136\/2022\/10\/WhatsApp-Image-2022-09-29-at-10.06.37-2.jpeg 2000w\" sizes=\"auto, (max-width: 333px) 100vw, 333px\" \/><\/a><a href=\"https:\/\/agora.xtec.cat\/ceip-llebeig\/wp-content\/uploads\/usu2136\/2022\/10\/WhatsApp-Image-2022-09-29-at-10.06.38.jpeg\"><img loading=\"lazy\" decoding=\"async\" class=\"alignnone wp-image-2360\" src=\"https:\/\/agora.xtec.cat\/ceip-llebeig\/wp-content\/uploads\/usu2136\/2022\/10\/WhatsApp-Image-2022-09-29-at-10.06.38-1024x768.jpeg\" alt=\"\" width=\"332\" height=\"249\" srcset=\"https:\/\/agora.xtec.cat\/ceip-llebeig\/wp-content\/uploads\/usu2136\/2022\/10\/WhatsApp-Image-2022-09-29-at-10.06.38-1024x768.jpeg 1024w, https:\/\/agora.xtec.cat\/ceip-llebeig\/wp-content\/uploads\/usu2136\/2022\/10\/WhatsApp-Image-2022-09-29-at-10.06.38-300x225.jpeg 300w, https:\/\/agora.xtec.cat\/ceip-llebeig\/wp-content\/uploads\/usu2136\/2022\/10\/WhatsApp-Image-2022-09-29-at-10.06.38-768x576.jpeg 768w, https:\/\/agora.xtec.cat\/ceip-llebeig\/wp-content\/uploads\/usu2136\/2022\/10\/WhatsApp-Image-2022-09-29-at-10.06.38-1536x1152.jpeg 1536w, https:\/\/agora.xtec.cat\/ceip-llebeig\/wp-content\/uploads\/usu2136\/2022\/10\/WhatsApp-Image-2022-09-29-at-10.06.38-200x150.jpeg 200w, https:\/\/agora.xtec.cat\/ceip-llebeig\/wp-content\/uploads\/usu2136\/2022\/10\/WhatsApp-Image-2022-09-29-at-10.06.38.jpeg 2000w\" sizes=\"auto, (max-width: 332px) 100vw, 332px\" \/><\/a><\/p>\n<p>&nbsp;<\/p>\n","protected":false},"excerpt":{"rendered":"<p>L&#8217;alumnat de la comunitat de grans ha realitzat un taller per treballar la problem\u00e0tica de la generaci\u00f3 de residus i [&hellip;]<\/p>\n","protected":false},"author":1,"featured_media":2359,"comment_status":"open","ping_status":"closed","sticky":false,"template":"","format":"standard","meta":{"_bbp_topic_count":0,"_bbp_reply_count":0,"_bbp_total_topic_count":0,"_bbp_total_reply_count":0,"_bbp_voice_count":0,"_bbp_anonymous_reply_count":0,"_bbp_topic_count_hidden":0,"_bbp_reply_count_hidden":0,"_bbp_forum_subforum_count":0,"site-sidebar-layout":"default","site-content-layout":"","ast-site-content-layout":"","site-content-style":"default","site-sidebar-style":"default","ast-global-header-display":"","ast-banner-title-visibility":"","ast-main-header-display":"","ast-hfb-above-header-display":"","ast-hfb-below-header-display":"","ast-hfb-mobile-header-display":"","site-post-title":"","ast-breadcrumbs-content":"","ast-featured-img":"","footer-sml-layout":"","theme-transparent-header-meta":"","adv-header-id-meta":"","stick-header-meta":"","header-above-stick-meta":"","header-main-stick-meta":"","header-below-stick-meta":"","astra-migrate-meta-layouts":"default","ast-page-background-enabled":"default","ast-page-background-meta":{"desktop":{"background-color":"var(--ast-global-color-4)","background-image":"","background-repeat":"repeat","background-position":"center center","background-size":"auto","background-attachment":"scroll","background-type":"","background-media":"","overlay-type":"","overlay-color":"","overlay-opacity":"","overlay-gradient":""},"tablet":{"background-color":"","background-image":"","background-repeat":"repeat","background-position":"center center","background-size":"auto","background-attachment":"scroll","background-type":"","background-media":"","overlay-type":"","overlay-color":"","overlay-opacity":"","overlay-gradient":""},"mobile":{"background-color":"","background-image":"","background-repeat":"repeat","background-position":"center center","background-size":"auto","background-attachment":"scroll","background-type":"","background-media":"","overlay-type":"","overlay-color":"","overlay-opacity":"","overlay-gradient":""}},"ast-content-background-meta":{"desktop":{"background-color":"var(--ast-global-color-5)","background-image":"","background-repeat":"repeat","background-position":"center center","background-size":"auto","background-attachment":"scroll","background-type":"","background-media":"","overlay-type":"","overlay-color":"","overlay-opacity":"","overlay-gradient":""},"tablet":{"background-color":"var(--ast-global-color-5)","background-image":"","background-repeat":"repeat","background-position":"center center","background-size":"auto","background-attachment":"scroll","background-type":"","background-media":"","overlay-type":"","overlay-color":"","overlay-opacity":"","overlay-gradient":""},"mobile":{"background-color":"var(--ast-global-color-5)","background-image":"","background-repeat":"repeat","background-position":"center center","background-size":"auto","background-attachment":"scroll","background-type":"","background-media":"","overlay-type":"","overlay-color":"","overlay-opacity":"","overlay-gradient":""}},"footnotes":""},"categories":[1,62,179,4],"tags":[],"class_list":["post-2364","post","type-post","status-publish","format-standard","has-post-thumbnail","hentry","category-general","category-grans","category-grans-22-23","category-portada"],"post_mailing_queue_ids":[],"_links":{"self":[{"href":"https:\/\/agora.xtec.cat\/ceip-llebeig\/wp-json\/wp\/v2\/posts\/2364","targetHints":{"allow":["GET"]}}],"collection":[{"href":"https:\/\/agora.xtec.cat\/ceip-llebeig\/wp-json\/wp\/v2\/posts"}],"about":[{"href":"https:\/\/agora.xtec.cat\/ceip-llebeig\/wp-json\/wp\/v2\/types\/post"}],"author":[{"embeddable":true,"href":"https:\/\/agora.xtec.cat\/ceip-llebeig\/wp-json\/wp\/v2\/users\/1"}],"replies":[{"embeddable":true,"href":"https:\/\/agora.xtec.cat\/ceip-llebeig\/wp-json\/wp\/v2\/comments?post=2364"}],"version-history":[{"count":3,"href":"https:\/\/agora.xtec.cat\/ceip-llebeig\/wp-json\/wp\/v2\/posts\/2364\/revisions"}],"predecessor-version":[{"id":2367,"href":"https:\/\/agora.xtec.cat\/ceip-llebeig\/wp-json\/wp\/v2\/posts\/2364\/revisions\/2367"}],"wp:featuredmedia":[{"embeddable":true,"href":"https:\/\/agora.xtec.cat\/ceip-llebeig\/wp-json\/wp\/v2\/media\/2359"}],"wp:attachment":[{"href":"https:\/\/agora.xtec.cat\/ceip-llebeig\/wp-json\/wp\/v2\/media?parent=2364"}],"wp:term":[{"taxonomy":"category","embeddable":true,"href":"https:\/\/agora.xtec.cat\/ceip-llebeig\/wp-json\/wp\/v2\/categories?post=2364"},{"taxonomy":"post_tag","embeddable":true,"href":"https:\/\/agora.xtec.cat\/ceip-llebeig\/wp-json\/wp\/v2\/tags?post=2364"}],"curies":[{"name":"wp","href":"https:\/\/api.w.org\/{rel}","templated":true}]}}