{"id":2338,"date":"2022-09-19T18:02:15","date_gmt":"2022-09-19T16:02:15","guid":{"rendered":"https:\/\/agora.xtec.cat\/ceip-llebeig\/?p=2338"},"modified":"2023-10-22T12:22:29","modified_gmt":"2023-10-22T10:22:29","slug":"trobada-assamblearia-per-organitzar-els-patis","status":"publish","type":"post","link":"https:\/\/agora.xtec.cat\/ceip-llebeig\/general\/trobada-assamblearia-per-organitzar-els-patis\/","title":{"rendered":"TROBADA ASSAMBLE\u00c0RIA PER ORGANITZAR ELS PATIS"},"content":{"rendered":"<p style=\"text-align: center;\">Vivim en un context en el que \u00e9s molt important educar en la democr\u00e0cia des de ben petits.<\/p>\n<p style=\"text-align: center;\">Fomentant la implicaci\u00f3 dels infants i la participaci\u00f3 en els diferents \u00e0mbits els ajudem a assumir la seva responsabilitat, tot afavorint la conviv\u00e8ncia, la cohesi\u00f3 social, la resoluci\u00f3 de conflictes&#8230; i s&#8217;enforteixen els valors de l&#8217;empatia, la toler\u00e0ncia, el respecte&#8230;<\/p>\n<p style=\"text-align: center;\">A l&#8217;escola Llebeig hem recuperat enguany l&#8217;assemblea del pati, on alumnes representants dels diferents grups de prim\u00e0ria s&#8217;han trobat per revisar i actualitzar les normes i l&#8217;organitzaci\u00f3 de l&#8217;espai del pati, tot tenint en compte els espais, els materials i les necessitats i propostes que han sorgit d&#8217;ells mateixos.<\/p>\n<p><a href=\"https:\/\/agora.xtec.cat\/ceip-llebeig\/wp-content\/uploads\/usu2136\/2022\/09\/WhatsApp-Image-2022-09-16-at-14.07.43.jpeg\"><img loading=\"lazy\" decoding=\"async\" class=\"alignnone wp-image-2330 aligncenter\" src=\"https:\/\/agora.xtec.cat\/ceip-llebeig\/wp-content\/uploads\/usu2136\/2022\/09\/WhatsApp-Image-2022-09-16-at-14.07.43-1024x766.jpeg\" alt=\"\" width=\"527\" height=\"394\" srcset=\"https:\/\/agora.xtec.cat\/ceip-llebeig\/wp-content\/uploads\/usu2136\/2022\/09\/WhatsApp-Image-2022-09-16-at-14.07.43-1024x766.jpeg 1024w, https:\/\/agora.xtec.cat\/ceip-llebeig\/wp-content\/uploads\/usu2136\/2022\/09\/WhatsApp-Image-2022-09-16-at-14.07.43-300x224.jpeg 300w, https:\/\/agora.xtec.cat\/ceip-llebeig\/wp-content\/uploads\/usu2136\/2022\/09\/WhatsApp-Image-2022-09-16-at-14.07.43-768x575.jpeg 768w, https:\/\/agora.xtec.cat\/ceip-llebeig\/wp-content\/uploads\/usu2136\/2022\/09\/WhatsApp-Image-2022-09-16-at-14.07.43-1536x1149.jpeg 1536w, https:\/\/agora.xtec.cat\/ceip-llebeig\/wp-content\/uploads\/usu2136\/2022\/09\/WhatsApp-Image-2022-09-16-at-14.07.43-200x150.jpeg 200w, https:\/\/agora.xtec.cat\/ceip-llebeig\/wp-content\/uploads\/usu2136\/2022\/09\/WhatsApp-Image-2022-09-16-at-14.07.43.jpeg 1600w\" sizes=\"auto, (max-width: 527px) 100vw, 527px\" \/><\/a><\/p>\n","protected":false},"excerpt":{"rendered":"<p>Vivim en un context en el que \u00e9s molt important educar en la democr\u00e0cia des de ben petits. Fomentant la [&hellip;]<\/p>\n","protected":false},"author":1,"featured_media":2330,"comment_status":"open","ping_status":"closed","sticky":false,"template":"","format":"standard","meta":{"_bbp_topic_count":0,"_bbp_reply_count":0,"_bbp_total_topic_count":0,"_bbp_total_reply_count":0,"_bbp_voice_count":0,"_bbp_anonymous_reply_count":0,"_bbp_topic_count_hidden":0,"_bbp_reply_count_hidden":0,"_bbp_forum_subforum_count":0,"site-sidebar-layout":"default","site-content-layout":"","ast-site-content-layout":"","site-content-style":"default","site-sidebar-style":"default","ast-global-header-display":"","ast-banner-title-visibility":"","ast-main-header-display":"","ast-hfb-above-header-display":"","ast-hfb-below-header-display":"","ast-hfb-mobile-header-display":"","site-post-title":"","ast-breadcrumbs-content":"","ast-featured-img":"","footer-sml-layout":"","theme-transparent-header-meta":"","adv-header-id-meta":"","stick-header-meta":"","header-above-stick-meta":"","header-main-stick-meta":"","header-below-stick-meta":"","astra-migrate-meta-layouts":"default","ast-page-background-enabled":"default","ast-page-background-meta":{"desktop":{"background-color":"var(--ast-global-color-4)","background-image":"","background-repeat":"repeat","background-position":"center center","background-size":"auto","background-attachment":"scroll","background-type":"","background-media":"","overlay-type":"","overlay-color":"","overlay-opacity":"","overlay-gradient":""},"tablet":{"background-color":"","background-image":"","background-repeat":"repeat","background-position":"center center","background-size":"auto","background-attachment":"scroll","background-type":"","background-media":"","overlay-type":"","overlay-color":"","overlay-opacity":"","overlay-gradient":""},"mobile":{"background-color":"","background-image":"","background-repeat":"repeat","background-position":"center center","background-size":"auto","background-attachment":"scroll","background-type":"","background-media":"","overlay-type":"","overlay-color":"","overlay-opacity":"","overlay-gradient":""}},"ast-content-background-meta":{"desktop":{"background-color":"var(--ast-global-color-5)","background-image":"","background-repeat":"repeat","background-position":"center center","background-size":"auto","background-attachment":"scroll","background-type":"","background-media":"","overlay-type":"","overlay-color":"","overlay-opacity":"","overlay-gradient":""},"tablet":{"background-color":"var(--ast-global-color-5)","background-image":"","background-repeat":"repeat","background-position":"center center","background-size":"auto","background-attachment":"scroll","background-type":"","background-media":"","overlay-type":"","overlay-color":"","overlay-opacity":"","overlay-gradient":""},"mobile":{"background-color":"var(--ast-global-color-5)","background-image":"","background-repeat":"repeat","background-position":"center center","background-size":"auto","background-attachment":"scroll","background-type":"","background-media":"","overlay-type":"","overlay-color":"","overlay-opacity":"","overlay-gradient":""}},"footnotes":""},"categories":[1,62,179,5,178,86,4],"tags":[98],"class_list":["post-2338","post","type-post","status-publish","format-standard","has-post-thumbnail","hentry","category-general","category-grans","category-grans-22-23","category-mitjans","category-mitjans-22-23","category-petits","category-portada","tag-escola"],"post_mailing_queue_ids":[],"_links":{"self":[{"href":"https:\/\/agora.xtec.cat\/ceip-llebeig\/wp-json\/wp\/v2\/posts\/2338","targetHints":{"allow":["GET"]}}],"collection":[{"href":"https:\/\/agora.xtec.cat\/ceip-llebeig\/wp-json\/wp\/v2\/posts"}],"about":[{"href":"https:\/\/agora.xtec.cat\/ceip-llebeig\/wp-json\/wp\/v2\/types\/post"}],"author":[{"embeddable":true,"href":"https:\/\/agora.xtec.cat\/ceip-llebeig\/wp-json\/wp\/v2\/users\/1"}],"replies":[{"embeddable":true,"href":"https:\/\/agora.xtec.cat\/ceip-llebeig\/wp-json\/wp\/v2\/comments?post=2338"}],"version-history":[{"count":1,"href":"https:\/\/agora.xtec.cat\/ceip-llebeig\/wp-json\/wp\/v2\/posts\/2338\/revisions"}],"predecessor-version":[{"id":2339,"href":"https:\/\/agora.xtec.cat\/ceip-llebeig\/wp-json\/wp\/v2\/posts\/2338\/revisions\/2339"}],"wp:featuredmedia":[{"embeddable":true,"href":"https:\/\/agora.xtec.cat\/ceip-llebeig\/wp-json\/wp\/v2\/media\/2330"}],"wp:attachment":[{"href":"https:\/\/agora.xtec.cat\/ceip-llebeig\/wp-json\/wp\/v2\/media?parent=2338"}],"wp:term":[{"taxonomy":"category","embeddable":true,"href":"https:\/\/agora.xtec.cat\/ceip-llebeig\/wp-json\/wp\/v2\/categories?post=2338"},{"taxonomy":"post_tag","embeddable":true,"href":"https:\/\/agora.xtec.cat\/ceip-llebeig\/wp-json\/wp\/v2\/tags?post=2338"}],"curies":[{"name":"wp","href":"https:\/\/api.w.org\/{rel}","templated":true}]}}