{"id":1943,"date":"2022-03-02T10:45:19","date_gmt":"2022-03-02T09:45:19","guid":{"rendered":"https:\/\/agora.xtec.cat\/ceip-llebeig\/?p=1943"},"modified":"2022-09-08T18:53:27","modified_gmt":"2022-09-08T16:53:27","slug":"mitjans-a-vilafranca","status":"publish","type":"post","link":"https:\/\/agora.xtec.cat\/ceip-llebeig\/general\/mitjans-a-vilafranca\/","title":{"rendered":"MITJANS A VILAFRANCA"},"content":{"rendered":"<p><span style=\"font-weight: 400;\">Dimecres 16 de febrer la comunitat de mitjans vam anar a Vilafranca. Per comen\u00e7ar, a primera hora vam anar al Teatre Cal Bolet a veure l\u2019espectacle DansaMir\u00f3. Despr\u00e9s de tot el que hem treballat de Mir\u00f3 va ser una experi\u00e8ncia diferent que ens va connectar l\u2019art de Mir\u00f3 amb la dansa.<\/span><\/p>\n<p><span style=\"font-weight: 400;\">Despr\u00e9s del teatre vam anar a esmorzar a la Pla\u00e7a de Santa Maria, on tamb\u00e9 vam aprofitar per jugar en comunitat. Ah! I ens vam fer una foto de grup aquesta foto tan bonica amb Santa Maria de fons.<\/span><\/p>\n<p>&nbsp;<\/p>\n<p>&nbsp;<\/p>\n<p><a href=\"https:\/\/agora.xtec.cat\/ceip-llebeig\/wp-content\/uploads\/usu2136\/2022\/03\/DSCN5195-1.jpg\"><img loading=\"lazy\" decoding=\"async\" class=\"size-full wp-image-1945 aligncenter\" src=\"https:\/\/agora.xtec.cat\/ceip-llebeig\/wp-content\/uploads\/usu2136\/2022\/03\/DSCN5195-1.jpg\" alt=\"\" width=\"640\" height=\"480\" srcset=\"https:\/\/agora.xtec.cat\/ceip-llebeig\/wp-content\/uploads\/usu2136\/2022\/03\/DSCN5195-1.jpg 640w, https:\/\/agora.xtec.cat\/ceip-llebeig\/wp-content\/uploads\/usu2136\/2022\/03\/DSCN5195-1-300x225.jpg 300w, https:\/\/agora.xtec.cat\/ceip-llebeig\/wp-content\/uploads\/usu2136\/2022\/03\/DSCN5195-1-200x150.jpg 200w\" sizes=\"auto, (max-width: 640px) 100vw, 640px\" \/><\/a><\/p>\n<div id='gallery-1' class='gallery galleryid-1943 gallery-columns-3 gallery-size-large'><figure class='gallery-item'>\n\t\t\t<div class='gallery-icon landscape'>\n\t\t\t\t<a href='https:\/\/agora.xtec.cat\/ceip-llebeig\/general\/mitjans-a-vilafranca\/attachment\/dscn5179\/'><img loading=\"lazy\" decoding=\"async\" width=\"640\" height=\"480\" src=\"https:\/\/agora.xtec.cat\/ceip-llebeig\/wp-content\/uploads\/usu2136\/2022\/03\/DSCN5179.jpg\" class=\"attachment-large size-large\" alt=\"\" srcset=\"https:\/\/agora.xtec.cat\/ceip-llebeig\/wp-content\/uploads\/usu2136\/2022\/03\/DSCN5179.jpg 640w, https:\/\/agora.xtec.cat\/ceip-llebeig\/wp-content\/uploads\/usu2136\/2022\/03\/DSCN5179-300x225.jpg 300w, https:\/\/agora.xtec.cat\/ceip-llebeig\/wp-content\/uploads\/usu2136\/2022\/03\/DSCN5179-200x150.jpg 200w\" sizes=\"auto, (max-width: 640px) 100vw, 640px\" \/><\/a>\n\t\t\t<\/div><\/figure><figure class='gallery-item'>\n\t\t\t<div class='gallery-icon landscape'>\n\t\t\t\t<a href='https:\/\/agora.xtec.cat\/ceip-llebeig\/general\/mitjans-a-vilafranca\/attachment\/dscn5187\/'><img loading=\"lazy\" decoding=\"async\" width=\"640\" height=\"480\" src=\"https:\/\/agora.xtec.cat\/ceip-llebeig\/wp-content\/uploads\/usu2136\/2022\/03\/DSCN5187.jpg\" class=\"attachment-large size-large\" alt=\"\" srcset=\"https:\/\/agora.xtec.cat\/ceip-llebeig\/wp-content\/uploads\/usu2136\/2022\/03\/DSCN5187.jpg 640w, https:\/\/agora.xtec.cat\/ceip-llebeig\/wp-content\/uploads\/usu2136\/2022\/03\/DSCN5187-300x225.jpg 300w, https:\/\/agora.xtec.cat\/ceip-llebeig\/wp-content\/uploads\/usu2136\/2022\/03\/DSCN5187-200x150.jpg 200w\" sizes=\"auto, (max-width: 640px) 100vw, 640px\" \/><\/a>\n\t\t\t<\/div><\/figure><figure class='gallery-item'>\n\t\t\t<div class='gallery-icon landscape'>\n\t\t\t\t<a href='https:\/\/agora.xtec.cat\/ceip-llebeig\/general\/mitjans-a-vilafranca\/attachment\/dscn5204\/'><img loading=\"lazy\" decoding=\"async\" width=\"640\" height=\"480\" src=\"https:\/\/agora.xtec.cat\/ceip-llebeig\/wp-content\/uploads\/usu2136\/2022\/03\/DSCN5204.jpg\" class=\"attachment-large size-large\" alt=\"\" srcset=\"https:\/\/agora.xtec.cat\/ceip-llebeig\/wp-content\/uploads\/usu2136\/2022\/03\/DSCN5204.jpg 640w, https:\/\/agora.xtec.cat\/ceip-llebeig\/wp-content\/uploads\/usu2136\/2022\/03\/DSCN5204-300x225.jpg 300w, https:\/\/agora.xtec.cat\/ceip-llebeig\/wp-content\/uploads\/usu2136\/2022\/03\/DSCN5204-200x150.jpg 200w\" sizes=\"auto, (max-width: 640px) 100vw, 640px\" \/><\/a>\n\t\t\t<\/div><\/figure>\n\t\t<\/div>\n\n<p><span style=\"font-weight: 400;\">A continuaci\u00f3 ens vam dirigir a la Pla\u00e7a de la Vila per fer les enquestes a la poblaci\u00f3. Com ja hem fet a Vilob\u00ed, vam demanar a aquelles persones que passejaven quina \u00e9s la seva prioritat per a la Vila: tenir els carrers nets, no tenir grafitis a les parets, tenir m\u00e9s espais verds o m\u00e9s transport p\u00fablic. Aprofitant que la Pla\u00e7a \u00e9s un espai ampli i visible, les mestres ens van deixar moure\u2019ns amb els nostres grups.<\/span><\/p>\n<div id='gallery-2' class='gallery galleryid-1943 gallery-columns-2 gallery-size-large'><figure class='gallery-item'>\n\t\t\t<div class='gallery-icon landscape'>\n\t\t\t\t<a href='https:\/\/agora.xtec.cat\/ceip-llebeig\/general\/mitjans-a-vilafranca\/attachment\/dscn5237\/'><img loading=\"lazy\" decoding=\"async\" width=\"640\" height=\"480\" src=\"https:\/\/agora.xtec.cat\/ceip-llebeig\/wp-content\/uploads\/usu2136\/2022\/03\/DSCN5237.jpg\" class=\"attachment-large size-large\" alt=\"\" srcset=\"https:\/\/agora.xtec.cat\/ceip-llebeig\/wp-content\/uploads\/usu2136\/2022\/03\/DSCN5237.jpg 640w, https:\/\/agora.xtec.cat\/ceip-llebeig\/wp-content\/uploads\/usu2136\/2022\/03\/DSCN5237-300x225.jpg 300w, https:\/\/agora.xtec.cat\/ceip-llebeig\/wp-content\/uploads\/usu2136\/2022\/03\/DSCN5237-200x150.jpg 200w\" sizes=\"auto, (max-width: 640px) 100vw, 640px\" \/><\/a>\n\t\t\t<\/div><\/figure><figure class='gallery-item'>\n\t\t\t<div class='gallery-icon landscape'>\n\t\t\t\t<a href='https:\/\/agora.xtec.cat\/ceip-llebeig\/general\/mitjans-a-vilafranca\/attachment\/dscn5232\/'><img loading=\"lazy\" decoding=\"async\" width=\"640\" height=\"480\" src=\"https:\/\/agora.xtec.cat\/ceip-llebeig\/wp-content\/uploads\/usu2136\/2022\/03\/DSCN5232.jpg\" class=\"attachment-large size-large\" alt=\"\" srcset=\"https:\/\/agora.xtec.cat\/ceip-llebeig\/wp-content\/uploads\/usu2136\/2022\/03\/DSCN5232.jpg 640w, https:\/\/agora.xtec.cat\/ceip-llebeig\/wp-content\/uploads\/usu2136\/2022\/03\/DSCN5232-300x225.jpg 300w, https:\/\/agora.xtec.cat\/ceip-llebeig\/wp-content\/uploads\/usu2136\/2022\/03\/DSCN5232-200x150.jpg 200w\" sizes=\"auto, (max-width: 640px) 100vw, 640px\" \/><\/a>\n\t\t\t<\/div><\/figure><figure class='gallery-item'>\n\t\t\t<div class='gallery-icon landscape'>\n\t\t\t\t<a href='https:\/\/agora.xtec.cat\/ceip-llebeig\/general\/mitjans-a-vilafranca\/attachment\/dscn5229\/'><img loading=\"lazy\" decoding=\"async\" width=\"640\" height=\"480\" src=\"https:\/\/agora.xtec.cat\/ceip-llebeig\/wp-content\/uploads\/usu2136\/2022\/03\/DSCN5229.jpg\" class=\"attachment-large size-large\" alt=\"\" srcset=\"https:\/\/agora.xtec.cat\/ceip-llebeig\/wp-content\/uploads\/usu2136\/2022\/03\/DSCN5229.jpg 640w, https:\/\/agora.xtec.cat\/ceip-llebeig\/wp-content\/uploads\/usu2136\/2022\/03\/DSCN5229-300x225.jpg 300w, https:\/\/agora.xtec.cat\/ceip-llebeig\/wp-content\/uploads\/usu2136\/2022\/03\/DSCN5229-200x150.jpg 200w\" sizes=\"auto, (max-width: 640px) 100vw, 640px\" \/><\/a>\n\t\t\t<\/div><\/figure><figure class='gallery-item'>\n\t\t\t<div class='gallery-icon landscape'>\n\t\t\t\t<a href='https:\/\/agora.xtec.cat\/ceip-llebeig\/general\/mitjans-a-vilafranca\/attachment\/dscn5223\/'><img loading=\"lazy\" decoding=\"async\" width=\"640\" height=\"480\" src=\"https:\/\/agora.xtec.cat\/ceip-llebeig\/wp-content\/uploads\/usu2136\/2022\/03\/DSCN5223.jpg\" class=\"attachment-large size-large\" alt=\"\" srcset=\"https:\/\/agora.xtec.cat\/ceip-llebeig\/wp-content\/uploads\/usu2136\/2022\/03\/DSCN5223.jpg 640w, https:\/\/agora.xtec.cat\/ceip-llebeig\/wp-content\/uploads\/usu2136\/2022\/03\/DSCN5223-300x225.jpg 300w, https:\/\/agora.xtec.cat\/ceip-llebeig\/wp-content\/uploads\/usu2136\/2022\/03\/DSCN5223-200x150.jpg 200w\" sizes=\"auto, (max-width: 640px) 100vw, 640px\" \/><\/a>\n\t\t\t<\/div><\/figure>\n\t\t<\/div>\n\n<p><span style=\"font-weight: 400;\">Despr\u00e9s de l\u2019enquesta vam anar a la Rambla per comptar els vehicles que passen per l\u2019avinguda tarragona en 2 minuts. Uns quants comptaven cotxes, altres motos, furgonetes, caminos, autobusos\u2026 A les 13h del migdia hi ha for\u00e7a tr\u00e0nsit!<\/span><\/p>\n<div id='gallery-3' class='gallery galleryid-1943 gallery-columns-2 gallery-size-large'><figure class='gallery-item'>\n\t\t\t<div class='gallery-icon landscape'>\n\t\t\t\t<a href='https:\/\/agora.xtec.cat\/ceip-llebeig\/general\/mitjans-a-vilafranca\/attachment\/dscn5243-1\/'><img loading=\"lazy\" decoding=\"async\" width=\"640\" height=\"480\" src=\"https:\/\/agora.xtec.cat\/ceip-llebeig\/wp-content\/uploads\/usu2136\/2022\/03\/DSCN5243-1.jpg\" class=\"attachment-large size-large\" alt=\"\" srcset=\"https:\/\/agora.xtec.cat\/ceip-llebeig\/wp-content\/uploads\/usu2136\/2022\/03\/DSCN5243-1.jpg 640w, https:\/\/agora.xtec.cat\/ceip-llebeig\/wp-content\/uploads\/usu2136\/2022\/03\/DSCN5243-1-300x225.jpg 300w, https:\/\/agora.xtec.cat\/ceip-llebeig\/wp-content\/uploads\/usu2136\/2022\/03\/DSCN5243-1-200x150.jpg 200w\" sizes=\"auto, (max-width: 640px) 100vw, 640px\" \/><\/a>\n\t\t\t<\/div><\/figure><figure class='gallery-item'>\n\t\t\t<div class='gallery-icon landscape'>\n\t\t\t\t<a href='https:\/\/agora.xtec.cat\/ceip-llebeig\/general\/mitjans-a-vilafranca\/attachment\/dscn5246\/'><img loading=\"lazy\" decoding=\"async\" width=\"640\" height=\"480\" src=\"https:\/\/agora.xtec.cat\/ceip-llebeig\/wp-content\/uploads\/usu2136\/2022\/03\/DSCN5246.jpg\" class=\"attachment-large size-large\" alt=\"\" srcset=\"https:\/\/agora.xtec.cat\/ceip-llebeig\/wp-content\/uploads\/usu2136\/2022\/03\/DSCN5246.jpg 640w, https:\/\/agora.xtec.cat\/ceip-llebeig\/wp-content\/uploads\/usu2136\/2022\/03\/DSCN5246-300x225.jpg 300w, https:\/\/agora.xtec.cat\/ceip-llebeig\/wp-content\/uploads\/usu2136\/2022\/03\/DSCN5246-200x150.jpg 200w\" sizes=\"auto, (max-width: 640px) 100vw, 640px\" \/><\/a>\n\t\t\t<\/div><\/figure>\n\t\t<\/div>\n\n<p><span style=\"font-weight: 400;\">Amb aquesta feina feta vam anar al Parc de Sant Juli\u00e0 per dinar i jugar una bona estona. Qu\u00e8 b\u00e9 poder tornar a fer comunitat! Vam riure, correr\u2026 i vam descobrir que s\u00f3n una comunitat molt saltarina.\u00a0<\/span><\/p>\n<div id='gallery-4' class='gallery galleryid-1943 gallery-columns-3 gallery-size-large'><figure class='gallery-item'>\n\t\t\t<div class='gallery-icon landscape'>\n\t\t\t\t<a href='https:\/\/agora.xtec.cat\/ceip-llebeig\/general\/mitjans-a-vilafranca\/attachment\/dscn5442\/'><img loading=\"lazy\" decoding=\"async\" width=\"640\" height=\"480\" src=\"https:\/\/agora.xtec.cat\/ceip-llebeig\/wp-content\/uploads\/usu2136\/2022\/03\/DSCN5442.jpg\" class=\"attachment-large size-large\" alt=\"\" srcset=\"https:\/\/agora.xtec.cat\/ceip-llebeig\/wp-content\/uploads\/usu2136\/2022\/03\/DSCN5442.jpg 640w, https:\/\/agora.xtec.cat\/ceip-llebeig\/wp-content\/uploads\/usu2136\/2022\/03\/DSCN5442-300x225.jpg 300w, https:\/\/agora.xtec.cat\/ceip-llebeig\/wp-content\/uploads\/usu2136\/2022\/03\/DSCN5442-200x150.jpg 200w\" sizes=\"auto, (max-width: 640px) 100vw, 640px\" \/><\/a>\n\t\t\t<\/div><\/figure><figure class='gallery-item'>\n\t\t\t<div class='gallery-icon landscape'>\n\t\t\t\t<a href='https:\/\/agora.xtec.cat\/ceip-llebeig\/general\/mitjans-a-vilafranca\/attachment\/dscn5295\/'><img loading=\"lazy\" decoding=\"async\" width=\"640\" height=\"480\" src=\"https:\/\/agora.xtec.cat\/ceip-llebeig\/wp-content\/uploads\/usu2136\/2022\/03\/DSCN5295.jpg\" class=\"attachment-large size-large\" alt=\"\" srcset=\"https:\/\/agora.xtec.cat\/ceip-llebeig\/wp-content\/uploads\/usu2136\/2022\/03\/DSCN5295.jpg 640w, https:\/\/agora.xtec.cat\/ceip-llebeig\/wp-content\/uploads\/usu2136\/2022\/03\/DSCN5295-300x225.jpg 300w, https:\/\/agora.xtec.cat\/ceip-llebeig\/wp-content\/uploads\/usu2136\/2022\/03\/DSCN5295-200x150.jpg 200w\" sizes=\"auto, (max-width: 640px) 100vw, 640px\" \/><\/a>\n\t\t\t<\/div><\/figure><figure class='gallery-item'>\n\t\t\t<div class='gallery-icon landscape'>\n\t\t\t\t<a href='https:\/\/agora.xtec.cat\/ceip-llebeig\/general\/mitjans-a-vilafranca\/attachment\/dscn5415\/'><img loading=\"lazy\" decoding=\"async\" width=\"640\" height=\"480\" src=\"https:\/\/agora.xtec.cat\/ceip-llebeig\/wp-content\/uploads\/usu2136\/2022\/03\/DSCN5415.jpg\" class=\"attachment-large size-large\" alt=\"\" srcset=\"https:\/\/agora.xtec.cat\/ceip-llebeig\/wp-content\/uploads\/usu2136\/2022\/03\/DSCN5415.jpg 640w, https:\/\/agora.xtec.cat\/ceip-llebeig\/wp-content\/uploads\/usu2136\/2022\/03\/DSCN5415-300x225.jpg 300w, https:\/\/agora.xtec.cat\/ceip-llebeig\/wp-content\/uploads\/usu2136\/2022\/03\/DSCN5415-200x150.jpg 200w\" sizes=\"auto, (max-width: 640px) 100vw, 640px\" \/><\/a>\n\t\t\t<\/div><\/figure><figure class='gallery-item'>\n\t\t\t<div class='gallery-icon portrait'>\n\t\t\t\t<a href='https:\/\/agora.xtec.cat\/ceip-llebeig\/general\/mitjans-a-vilafranca\/attachment\/dscn5394\/'><img loading=\"lazy\" decoding=\"async\" width=\"356\" height=\"480\" src=\"https:\/\/agora.xtec.cat\/ceip-llebeig\/wp-content\/uploads\/usu2136\/2022\/03\/DSCN5394-e1646156610346.jpg\" class=\"attachment-large size-large\" alt=\"\" srcset=\"https:\/\/agora.xtec.cat\/ceip-llebeig\/wp-content\/uploads\/usu2136\/2022\/03\/DSCN5394-e1646156610346.jpg 356w, https:\/\/agora.xtec.cat\/ceip-llebeig\/wp-content\/uploads\/usu2136\/2022\/03\/DSCN5394-e1646156610346-223x300.jpg 223w\" sizes=\"auto, (max-width: 356px) 100vw, 356px\" \/><\/a>\n\t\t\t<\/div><\/figure><figure class='gallery-item'>\n\t\t\t<div class='gallery-icon portrait'>\n\t\t\t\t<a href='https:\/\/agora.xtec.cat\/ceip-llebeig\/general\/mitjans-a-vilafranca\/attachment\/dscn5356\/'><img loading=\"lazy\" decoding=\"async\" width=\"480\" height=\"640\" src=\"https:\/\/agora.xtec.cat\/ceip-llebeig\/wp-content\/uploads\/usu2136\/2022\/03\/DSCN5356-rotated.jpg\" class=\"attachment-large size-large\" alt=\"\" srcset=\"https:\/\/agora.xtec.cat\/ceip-llebeig\/wp-content\/uploads\/usu2136\/2022\/03\/DSCN5356-rotated.jpg 480w, https:\/\/agora.xtec.cat\/ceip-llebeig\/wp-content\/uploads\/usu2136\/2022\/03\/DSCN5356-225x300.jpg 225w\" sizes=\"auto, (max-width: 480px) 100vw, 480px\" \/><\/a>\n\t\t\t<\/div><\/figure><figure class='gallery-item'>\n\t\t\t<div class='gallery-icon portrait'>\n\t\t\t\t<a href='https:\/\/agora.xtec.cat\/ceip-llebeig\/general\/mitjans-a-vilafranca\/attachment\/dscn5332\/'><img loading=\"lazy\" decoding=\"async\" width=\"480\" height=\"640\" src=\"https:\/\/agora.xtec.cat\/ceip-llebeig\/wp-content\/uploads\/usu2136\/2022\/03\/DSCN5332-rotated.jpg\" class=\"attachment-large size-large\" alt=\"\" srcset=\"https:\/\/agora.xtec.cat\/ceip-llebeig\/wp-content\/uploads\/usu2136\/2022\/03\/DSCN5332-rotated.jpg 480w, https:\/\/agora.xtec.cat\/ceip-llebeig\/wp-content\/uploads\/usu2136\/2022\/03\/DSCN5332-225x300.jpg 225w\" sizes=\"auto, (max-width: 480px) 100vw, 480px\" \/><\/a>\n\t\t\t<\/div><\/figure><figure class='gallery-item'>\n\t\t\t<div class='gallery-icon portrait'>\n\t\t\t\t<a href='https:\/\/agora.xtec.cat\/ceip-llebeig\/general\/mitjans-a-vilafranca\/attachment\/dscn5346\/'><img loading=\"lazy\" decoding=\"async\" width=\"480\" height=\"640\" src=\"https:\/\/agora.xtec.cat\/ceip-llebeig\/wp-content\/uploads\/usu2136\/2022\/03\/DSCN5346-rotated.jpg\" class=\"attachment-large size-large\" alt=\"\" srcset=\"https:\/\/agora.xtec.cat\/ceip-llebeig\/wp-content\/uploads\/usu2136\/2022\/03\/DSCN5346-rotated.jpg 480w, https:\/\/agora.xtec.cat\/ceip-llebeig\/wp-content\/uploads\/usu2136\/2022\/03\/DSCN5346-225x300.jpg 225w\" sizes=\"auto, (max-width: 480px) 100vw, 480px\" \/><\/a>\n\t\t\t<\/div><\/figure><figure class='gallery-item'>\n\t\t\t<div class='gallery-icon portrait'>\n\t\t\t\t<a href='https:\/\/agora.xtec.cat\/ceip-llebeig\/general\/mitjans-a-vilafranca\/attachment\/dscn5349\/'><img loading=\"lazy\" decoding=\"async\" width=\"480\" height=\"640\" src=\"https:\/\/agora.xtec.cat\/ceip-llebeig\/wp-content\/uploads\/usu2136\/2022\/03\/DSCN5349-rotated.jpg\" class=\"attachment-large size-large\" alt=\"\" srcset=\"https:\/\/agora.xtec.cat\/ceip-llebeig\/wp-content\/uploads\/usu2136\/2022\/03\/DSCN5349-rotated.jpg 480w, https:\/\/agora.xtec.cat\/ceip-llebeig\/wp-content\/uploads\/usu2136\/2022\/03\/DSCN5349-225x300.jpg 225w\" sizes=\"auto, (max-width: 480px) 100vw, 480px\" \/><\/a>\n\t\t\t<\/div><\/figure><figure class='gallery-item'>\n\t\t\t<div class='gallery-icon portrait'>\n\t\t\t\t<a href='https:\/\/agora.xtec.cat\/ceip-llebeig\/general\/mitjans-a-vilafranca\/attachment\/dscn5350\/'><img loading=\"lazy\" decoding=\"async\" width=\"480\" height=\"640\" src=\"https:\/\/agora.xtec.cat\/ceip-llebeig\/wp-content\/uploads\/usu2136\/2022\/03\/DSCN5350-rotated.jpg\" class=\"attachment-large size-large\" alt=\"\" srcset=\"https:\/\/agora.xtec.cat\/ceip-llebeig\/wp-content\/uploads\/usu2136\/2022\/03\/DSCN5350-rotated.jpg 480w, https:\/\/agora.xtec.cat\/ceip-llebeig\/wp-content\/uploads\/usu2136\/2022\/03\/DSCN5350-225x300.jpg 225w\" sizes=\"auto, (max-width: 480px) 100vw, 480px\" \/><\/a>\n\t\t\t<\/div><\/figure><figure class='gallery-item'>\n\t\t\t<div class='gallery-icon portrait'>\n\t\t\t\t<a href='https:\/\/agora.xtec.cat\/ceip-llebeig\/general\/mitjans-a-vilafranca\/attachment\/dscn5352\/'><img loading=\"lazy\" decoding=\"async\" width=\"480\" height=\"640\" src=\"https:\/\/agora.xtec.cat\/ceip-llebeig\/wp-content\/uploads\/usu2136\/2022\/03\/DSCN5352-rotated.jpg\" class=\"attachment-large size-large\" alt=\"\" srcset=\"https:\/\/agora.xtec.cat\/ceip-llebeig\/wp-content\/uploads\/usu2136\/2022\/03\/DSCN5352-rotated.jpg 480w, https:\/\/agora.xtec.cat\/ceip-llebeig\/wp-content\/uploads\/usu2136\/2022\/03\/DSCN5352-225x300.jpg 225w\" sizes=\"auto, (max-width: 480px) 100vw, 480px\" \/><\/a>\n\t\t\t<\/div><\/figure><figure class='gallery-item'>\n\t\t\t<div class='gallery-icon portrait'>\n\t\t\t\t<a href='https:\/\/agora.xtec.cat\/ceip-llebeig\/general\/mitjans-a-vilafranca\/attachment\/dscn5324-1\/'><img loading=\"lazy\" decoding=\"async\" width=\"480\" height=\"640\" src=\"https:\/\/agora.xtec.cat\/ceip-llebeig\/wp-content\/uploads\/usu2136\/2022\/03\/DSCN5324-1-rotated.jpg\" class=\"attachment-large size-large\" alt=\"\" srcset=\"https:\/\/agora.xtec.cat\/ceip-llebeig\/wp-content\/uploads\/usu2136\/2022\/03\/DSCN5324-1-rotated.jpg 480w, https:\/\/agora.xtec.cat\/ceip-llebeig\/wp-content\/uploads\/usu2136\/2022\/03\/DSCN5324-1-225x300.jpg 225w\" sizes=\"auto, (max-width: 480px) 100vw, 480px\" \/><\/a>\n\t\t\t<\/div><\/figure><figure class='gallery-item'>\n\t\t\t<div class='gallery-icon portrait'>\n\t\t\t\t<a href='https:\/\/agora.xtec.cat\/ceip-llebeig\/general\/mitjans-a-vilafranca\/attachment\/dscn5311\/'><img loading=\"lazy\" decoding=\"async\" width=\"480\" height=\"640\" src=\"https:\/\/agora.xtec.cat\/ceip-llebeig\/wp-content\/uploads\/usu2136\/2022\/03\/DSCN5311-rotated.jpg\" class=\"attachment-large size-large\" alt=\"\" srcset=\"https:\/\/agora.xtec.cat\/ceip-llebeig\/wp-content\/uploads\/usu2136\/2022\/03\/DSCN5311-rotated.jpg 480w, https:\/\/agora.xtec.cat\/ceip-llebeig\/wp-content\/uploads\/usu2136\/2022\/03\/DSCN5311-225x300.jpg 225w\" sizes=\"auto, (max-width: 480px) 100vw, 480px\" \/><\/a>\n\t\t\t<\/div><\/figure><figure class='gallery-item'>\n\t\t\t<div class='gallery-icon portrait'>\n\t\t\t\t<a href='https:\/\/agora.xtec.cat\/ceip-llebeig\/general\/mitjans-a-vilafranca\/attachment\/dscn5269\/'><img loading=\"lazy\" decoding=\"async\" width=\"480\" height=\"640\" src=\"https:\/\/agora.xtec.cat\/ceip-llebeig\/wp-content\/uploads\/usu2136\/2022\/03\/DSCN5269-rotated.jpg\" class=\"attachment-large size-large\" alt=\"\" srcset=\"https:\/\/agora.xtec.cat\/ceip-llebeig\/wp-content\/uploads\/usu2136\/2022\/03\/DSCN5269-rotated.jpg 480w, https:\/\/agora.xtec.cat\/ceip-llebeig\/wp-content\/uploads\/usu2136\/2022\/03\/DSCN5269-225x300.jpg 225w\" sizes=\"auto, (max-width: 480px) 100vw, 480px\" \/><\/a>\n\t\t\t<\/div><\/figure><figure class='gallery-item'>\n\t\t\t<div class='gallery-icon portrait'>\n\t\t\t\t<a href='https:\/\/agora.xtec.cat\/ceip-llebeig\/general\/mitjans-a-vilafranca\/attachment\/dscn5259-1\/'><img loading=\"lazy\" decoding=\"async\" width=\"480\" height=\"640\" src=\"https:\/\/agora.xtec.cat\/ceip-llebeig\/wp-content\/uploads\/usu2136\/2022\/03\/DSCN5259-1-rotated.jpg\" class=\"attachment-large size-large\" alt=\"\" srcset=\"https:\/\/agora.xtec.cat\/ceip-llebeig\/wp-content\/uploads\/usu2136\/2022\/03\/DSCN5259-1-rotated.jpg 480w, https:\/\/agora.xtec.cat\/ceip-llebeig\/wp-content\/uploads\/usu2136\/2022\/03\/DSCN5259-1-225x300.jpg 225w\" sizes=\"auto, (max-width: 480px) 100vw, 480px\" \/><\/a>\n\t\t\t<\/div><\/figure><figure class='gallery-item'>\n\t\t\t<div class='gallery-icon portrait'>\n\t\t\t\t<a href='https:\/\/agora.xtec.cat\/ceip-llebeig\/general\/mitjans-a-vilafranca\/attachment\/dscn5254\/'><img loading=\"lazy\" decoding=\"async\" width=\"480\" height=\"640\" src=\"https:\/\/agora.xtec.cat\/ceip-llebeig\/wp-content\/uploads\/usu2136\/2022\/03\/DSCN5254-rotated.jpg\" class=\"attachment-large size-large\" alt=\"\" srcset=\"https:\/\/agora.xtec.cat\/ceip-llebeig\/wp-content\/uploads\/usu2136\/2022\/03\/DSCN5254-rotated.jpg 480w, https:\/\/agora.xtec.cat\/ceip-llebeig\/wp-content\/uploads\/usu2136\/2022\/03\/DSCN5254-225x300.jpg 225w\" sizes=\"auto, (max-width: 480px) 100vw, 480px\" \/><\/a>\n\t\t\t<\/div><\/figure><figure class='gallery-item'>\n\t\t\t<div class='gallery-icon portrait'>\n\t\t\t\t<a href='https:\/\/agora.xtec.cat\/ceip-llebeig\/general\/mitjans-a-vilafranca\/attachment\/dscn5253\/'><img loading=\"lazy\" decoding=\"async\" width=\"480\" height=\"640\" src=\"https:\/\/agora.xtec.cat\/ceip-llebeig\/wp-content\/uploads\/usu2136\/2022\/03\/DSCN5253-rotated.jpg\" class=\"attachment-large size-large\" alt=\"\" srcset=\"https:\/\/agora.xtec.cat\/ceip-llebeig\/wp-content\/uploads\/usu2136\/2022\/03\/DSCN5253-rotated.jpg 480w, https:\/\/agora.xtec.cat\/ceip-llebeig\/wp-content\/uploads\/usu2136\/2022\/03\/DSCN5253-225x300.jpg 225w\" sizes=\"auto, (max-width: 480px) 100vw, 480px\" \/><\/a>\n\t\t\t<\/div><\/figure><figure class='gallery-item'>\n\t\t\t<div class='gallery-icon portrait'>\n\t\t\t\t<a href='https:\/\/agora.xtec.cat\/ceip-llebeig\/general\/mitjans-a-vilafranca\/attachment\/dscn5251\/'><img loading=\"lazy\" decoding=\"async\" width=\"480\" height=\"640\" src=\"https:\/\/agora.xtec.cat\/ceip-llebeig\/wp-content\/uploads\/usu2136\/2022\/03\/DSCN5251-rotated.jpg\" class=\"attachment-large size-large\" alt=\"\" srcset=\"https:\/\/agora.xtec.cat\/ceip-llebeig\/wp-content\/uploads\/usu2136\/2022\/03\/DSCN5251-rotated.jpg 480w, https:\/\/agora.xtec.cat\/ceip-llebeig\/wp-content\/uploads\/usu2136\/2022\/03\/DSCN5251-225x300.jpg 225w\" sizes=\"auto, (max-width: 480px) 100vw, 480px\" \/><\/a>\n\t\t\t<\/div><\/figure><figure class='gallery-item'>\n\t\t\t<div class='gallery-icon portrait'>\n\t\t\t\t<a href='https:\/\/agora.xtec.cat\/ceip-llebeig\/general\/mitjans-a-vilafranca\/attachment\/dscn5249-1\/'><img loading=\"lazy\" decoding=\"async\" width=\"480\" height=\"640\" src=\"https:\/\/agora.xtec.cat\/ceip-llebeig\/wp-content\/uploads\/usu2136\/2022\/03\/DSCN5249-1-rotated.jpg\" class=\"attachment-large size-large\" alt=\"\" srcset=\"https:\/\/agora.xtec.cat\/ceip-llebeig\/wp-content\/uploads\/usu2136\/2022\/03\/DSCN5249-1-rotated.jpg 480w, https:\/\/agora.xtec.cat\/ceip-llebeig\/wp-content\/uploads\/usu2136\/2022\/03\/DSCN5249-1-225x300.jpg 225w\" sizes=\"auto, (max-width: 480px) 100vw, 480px\" \/><\/a>\n\t\t\t<\/div><\/figure><figure class='gallery-item'>\n\t\t\t<div class='gallery-icon landscape'>\n\t\t\t\t<a href='https:\/\/agora.xtec.cat\/ceip-llebeig\/general\/mitjans-a-vilafranca\/attachment\/dscn5370\/'><img loading=\"lazy\" decoding=\"async\" width=\"640\" height=\"480\" src=\"https:\/\/agora.xtec.cat\/ceip-llebeig\/wp-content\/uploads\/usu2136\/2022\/03\/DSCN5370.jpg\" class=\"attachment-large size-large\" alt=\"\" srcset=\"https:\/\/agora.xtec.cat\/ceip-llebeig\/wp-content\/uploads\/usu2136\/2022\/03\/DSCN5370.jpg 640w, https:\/\/agora.xtec.cat\/ceip-llebeig\/wp-content\/uploads\/usu2136\/2022\/03\/DSCN5370-300x225.jpg 300w, https:\/\/agora.xtec.cat\/ceip-llebeig\/wp-content\/uploads\/usu2136\/2022\/03\/DSCN5370-200x150.jpg 200w\" sizes=\"auto, (max-width: 640px) 100vw, 640px\" \/><\/a>\n\t\t\t<\/div><\/figure><figure class='gallery-item'>\n\t\t\t<div class='gallery-icon landscape'>\n\t\t\t\t<a href='https:\/\/agora.xtec.cat\/ceip-llebeig\/general\/mitjans-a-vilafranca\/attachment\/dscn5301\/'><img loading=\"lazy\" decoding=\"async\" width=\"640\" height=\"480\" src=\"https:\/\/agora.xtec.cat\/ceip-llebeig\/wp-content\/uploads\/usu2136\/2022\/03\/DSCN5301.jpg\" class=\"attachment-large size-large\" alt=\"\" srcset=\"https:\/\/agora.xtec.cat\/ceip-llebeig\/wp-content\/uploads\/usu2136\/2022\/03\/DSCN5301.jpg 640w, https:\/\/agora.xtec.cat\/ceip-llebeig\/wp-content\/uploads\/usu2136\/2022\/03\/DSCN5301-300x225.jpg 300w, https:\/\/agora.xtec.cat\/ceip-llebeig\/wp-content\/uploads\/usu2136\/2022\/03\/DSCN5301-200x150.jpg 200w\" sizes=\"auto, (max-width: 640px) 100vw, 640px\" \/><\/a>\n\t\t\t<\/div><\/figure><figure class='gallery-item'>\n\t\t\t<div class='gallery-icon landscape'>\n\t\t\t\t<a href='https:\/\/agora.xtec.cat\/ceip-llebeig\/general\/mitjans-a-vilafranca\/attachment\/dscn5278-1\/'><img loading=\"lazy\" decoding=\"async\" width=\"640\" height=\"480\" src=\"https:\/\/agora.xtec.cat\/ceip-llebeig\/wp-content\/uploads\/usu2136\/2022\/03\/DSCN5278-1.jpg\" class=\"attachment-large size-large\" alt=\"\" srcset=\"https:\/\/agora.xtec.cat\/ceip-llebeig\/wp-content\/uploads\/usu2136\/2022\/03\/DSCN5278-1.jpg 640w, https:\/\/agora.xtec.cat\/ceip-llebeig\/wp-content\/uploads\/usu2136\/2022\/03\/DSCN5278-1-300x225.jpg 300w, https:\/\/agora.xtec.cat\/ceip-llebeig\/wp-content\/uploads\/usu2136\/2022\/03\/DSCN5278-1-200x150.jpg 200w\" sizes=\"auto, (max-width: 640px) 100vw, 640px\" \/><\/a>\n\t\t\t<\/div><\/figure>\n\t\t<\/div>\n\n<p><span style=\"font-weight: 400;\">Una estona abans de tornar cap a Vilob\u00ed vam acabar l\u2019\u00faltima observaci\u00f3 que ens quedava: qu\u00e8 sentim quan tanquem els ulls? Des del parc vam poder sentir els cotxes, els ocells, unes obres d\u2019una casa propera\u2026 De cam\u00ed cap a l\u2019autocar ens vam fixar en com s\u00f3n les cases del Pla del Diable, ben diferents a les del centre.<\/span><\/p>\n<div id='gallery-5' class='gallery galleryid-1943 gallery-columns-3 gallery-size-large'><figure class='gallery-item'>\n\t\t\t<div class='gallery-icon landscape'>\n\t\t\t\t<a href='https:\/\/agora.xtec.cat\/ceip-llebeig\/general\/mitjans-a-vilafranca\/attachment\/1645036452912-1\/'><img loading=\"lazy\" decoding=\"async\" width=\"640\" height=\"480\" src=\"https:\/\/agora.xtec.cat\/ceip-llebeig\/wp-content\/uploads\/usu2136\/2022\/03\/1645036452912-1.jpg\" class=\"attachment-large size-large\" alt=\"\" srcset=\"https:\/\/agora.xtec.cat\/ceip-llebeig\/wp-content\/uploads\/usu2136\/2022\/03\/1645036452912-1.jpg 640w, https:\/\/agora.xtec.cat\/ceip-llebeig\/wp-content\/uploads\/usu2136\/2022\/03\/1645036452912-1-300x225.jpg 300w, https:\/\/agora.xtec.cat\/ceip-llebeig\/wp-content\/uploads\/usu2136\/2022\/03\/1645036452912-1-200x150.jpg 200w\" sizes=\"auto, (max-width: 640px) 100vw, 640px\" \/><\/a>\n\t\t\t<\/div><\/figure><figure class='gallery-item'>\n\t\t\t<div class='gallery-icon landscape'>\n\t\t\t\t<a href='https:\/\/agora.xtec.cat\/ceip-llebeig\/general\/mitjans-a-vilafranca\/attachment\/1645036452929-1\/'><img loading=\"lazy\" decoding=\"async\" width=\"640\" height=\"480\" src=\"https:\/\/agora.xtec.cat\/ceip-llebeig\/wp-content\/uploads\/usu2136\/2022\/03\/1645036452929-1.jpg\" class=\"attachment-large size-large\" alt=\"\" srcset=\"https:\/\/agora.xtec.cat\/ceip-llebeig\/wp-content\/uploads\/usu2136\/2022\/03\/1645036452929-1.jpg 640w, https:\/\/agora.xtec.cat\/ceip-llebeig\/wp-content\/uploads\/usu2136\/2022\/03\/1645036452929-1-300x225.jpg 300w, https:\/\/agora.xtec.cat\/ceip-llebeig\/wp-content\/uploads\/usu2136\/2022\/03\/1645036452929-1-200x150.jpg 200w\" sizes=\"auto, (max-width: 640px) 100vw, 640px\" \/><\/a>\n\t\t\t<\/div><\/figure><figure class='gallery-item'>\n\t\t\t<div class='gallery-icon landscape'>\n\t\t\t\t<a href='https:\/\/agora.xtec.cat\/ceip-llebeig\/general\/mitjans-a-vilafranca\/attachment\/1645036452780\/'><img loading=\"lazy\" decoding=\"async\" width=\"640\" height=\"480\" src=\"https:\/\/agora.xtec.cat\/ceip-llebeig\/wp-content\/uploads\/usu2136\/2022\/03\/1645036452780.jpg\" class=\"attachment-large size-large\" alt=\"\" srcset=\"https:\/\/agora.xtec.cat\/ceip-llebeig\/wp-content\/uploads\/usu2136\/2022\/03\/1645036452780.jpg 640w, https:\/\/agora.xtec.cat\/ceip-llebeig\/wp-content\/uploads\/usu2136\/2022\/03\/1645036452780-300x225.jpg 300w, https:\/\/agora.xtec.cat\/ceip-llebeig\/wp-content\/uploads\/usu2136\/2022\/03\/1645036452780-200x150.jpg 200w\" sizes=\"auto, (max-width: 640px) 100vw, 640px\" \/><\/a>\n\t\t\t<\/div><\/figure>\n\t\t<\/div>\n\n<h4 style=\"text-align: center;\"><strong>Quin gran dia que vam viure!<\/strong><\/h4>\n<p>&nbsp;<\/p>\n","protected":false},"excerpt":{"rendered":"<p>Dimecres 16 de febrer la comunitat de mitjans vam anar a Vilafranca. Per comen\u00e7ar, a primera hora vam anar al [&hellip;]<\/p>\n","protected":false},"author":1,"featured_media":1945,"comment_status":"open","ping_status":"closed","sticky":false,"template":"","format":"standard","meta":{"_bbp_topic_count":0,"_bbp_reply_count":0,"_bbp_total_topic_count":0,"_bbp_total_reply_count":0,"_bbp_voice_count":0,"_bbp_anonymous_reply_count":0,"_bbp_topic_count_hidden":0,"_bbp_reply_count_hidden":0,"_bbp_forum_subforum_count":0,"site-sidebar-layout":"default","site-content-layout":"","ast-site-content-layout":"","site-content-style":"default","site-sidebar-style":"default","ast-global-header-display":"","ast-banner-title-visibility":"","ast-main-header-display":"","ast-hfb-above-header-display":"","ast-hfb-below-header-display":"","ast-hfb-mobile-header-display":"","site-post-title":"","ast-breadcrumbs-content":"","ast-featured-img":"","footer-sml-layout":"","theme-transparent-header-meta":"","adv-header-id-meta":"","stick-header-meta":"","header-above-stick-meta":"","header-main-stick-meta":"","header-below-stick-meta":"","astra-migrate-meta-layouts":"default","ast-page-background-enabled":"default","ast-page-background-meta":{"desktop":{"background-color":"var(--ast-global-color-4)","background-image":"","background-repeat":"repeat","background-position":"center center","background-size":"auto","background-attachment":"scroll","background-type":"","background-media":"","overlay-type":"","overlay-color":"","overlay-opacity":"","overlay-gradient":""},"tablet":{"background-color":"","background-image":"","background-repeat":"repeat","background-position":"center center","background-size":"auto","background-attachment":"scroll","background-type":"","background-media":"","overlay-type":"","overlay-color":"","overlay-opacity":"","overlay-gradient":""},"mobile":{"background-color":"","background-image":"","background-repeat":"repeat","background-position":"center center","background-size":"auto","background-attachment":"scroll","background-type":"","background-media":"","overlay-type":"","overlay-color":"","overlay-opacity":"","overlay-gradient":""}},"ast-content-background-meta":{"desktop":{"background-color":"var(--ast-global-color-5)","background-image":"","background-repeat":"repeat","background-position":"center center","background-size":"auto","background-attachment":"scroll","background-type":"","background-media":"","overlay-type":"","overlay-color":"","overlay-opacity":"","overlay-gradient":""},"tablet":{"background-color":"var(--ast-global-color-5)","background-image":"","background-repeat":"repeat","background-position":"center center","background-size":"auto","background-attachment":"scroll","background-type":"","background-media":"","overlay-type":"","overlay-color":"","overlay-opacity":"","overlay-gradient":""},"mobile":{"background-color":"var(--ast-global-color-5)","background-image":"","background-repeat":"repeat","background-position":"center center","background-size":"auto","background-attachment":"scroll","background-type":"","background-media":"","overlay-type":"","overlay-color":"","overlay-opacity":"","overlay-gradient":""}},"footnotes":""},"categories":[1,128,100],"tags":[88],"class_list":["post-1943","post","type-post","status-publish","format-standard","has-post-thumbnail","hentry","category-general","category-mitjans-21-22","category-sortides-dentorn","tag-sortida-dentorn"],"post_mailing_queue_ids":[],"_links":{"self":[{"href":"https:\/\/agora.xtec.cat\/ceip-llebeig\/wp-json\/wp\/v2\/posts\/1943","targetHints":{"allow":["GET"]}}],"collection":[{"href":"https:\/\/agora.xtec.cat\/ceip-llebeig\/wp-json\/wp\/v2\/posts"}],"about":[{"href":"https:\/\/agora.xtec.cat\/ceip-llebeig\/wp-json\/wp\/v2\/types\/post"}],"author":[{"embeddable":true,"href":"https:\/\/agora.xtec.cat\/ceip-llebeig\/wp-json\/wp\/v2\/users\/1"}],"replies":[{"embeddable":true,"href":"https:\/\/agora.xtec.cat\/ceip-llebeig\/wp-json\/wp\/v2\/comments?post=1943"}],"version-history":[{"count":2,"href":"https:\/\/agora.xtec.cat\/ceip-llebeig\/wp-json\/wp\/v2\/posts\/1943\/revisions"}],"predecessor-version":[{"id":1983,"href":"https:\/\/agora.xtec.cat\/ceip-llebeig\/wp-json\/wp\/v2\/posts\/1943\/revisions\/1983"}],"wp:featuredmedia":[{"embeddable":true,"href":"https:\/\/agora.xtec.cat\/ceip-llebeig\/wp-json\/wp\/v2\/media\/1945"}],"wp:attachment":[{"href":"https:\/\/agora.xtec.cat\/ceip-llebeig\/wp-json\/wp\/v2\/media?parent=1943"}],"wp:term":[{"taxonomy":"category","embeddable":true,"href":"https:\/\/agora.xtec.cat\/ceip-llebeig\/wp-json\/wp\/v2\/categories?post=1943"},{"taxonomy":"post_tag","embeddable":true,"href":"https:\/\/agora.xtec.cat\/ceip-llebeig\/wp-json\/wp\/v2\/tags?post=1943"}],"curies":[{"name":"wp","href":"https:\/\/api.w.org\/{rel}","templated":true}]}}